{"id":62798,"date":"2025-10-17T09:45:08","date_gmt":"2025-10-17T09:45:08","guid":{"rendered":"https:\/\/www.europesays.com\/no\/62798\/"},"modified":"2025-10-17T09:45:08","modified_gmt":"2025-10-17T09:45:08","slug":"langrenn-vm-i-trondheim-vm-styret-anmeldt-for-underslag","status":"publish","type":"post","link":"https:\/\/www.europesays.com\/no\/62798\/","title":{"rendered":"Langrenn, VM i Trondheim | VM-styret anmeldt for underslag"},"content":{"rendered":"\n<p>Tidligere denne uken informerte foreningen Skigrasrota om at de har anmeldt styret i Ski-VM.<\/p>\n<p>Politiet bekrefter n\u00e5 overfor <a href=\"https:\/\/www.tv2.no\/sport\/politiet-undersoker-vm-styret-etter-anmeldelse\/18201984\/\" rel=\"Follow nofollow noopener\" target=\"_blank\">TV 2 <\/a>at de unders\u00f8ker saken.<\/p>\n<p>Bakgrunnen for anmeldelsen er at Ski-VM br\u00f8t loven da de tilb\u00f8d betalingstjenester uten \u00e5 ha konsesjon, slik Finanstilsynet konkluderte med tidligere i h\u00f8st. <\/p>\n<p>Lovbruddet ble ikke anmeldt av Finanstilsynet.<\/p>\n<p>I stedet er det den frivillige foreningen Skigrasrota som n\u00e5 ser det n\u00f8dvendig \u00e5 anmelde.<\/p>\n<p>\u2013 Driften av Ski-VM Trondheim er et skrekkens eksempel for idretten, og etterlater et reelt tap i st\u00f8rrelsesorden 100 millioner. <\/p>\n<p>\u2013 Styret i Skigrasrota \u00f8nsker derfor ved politianmeldelse \u00e5 pr\u00f8ve om idrettsledere er immune i forhold til sine handlinger og sitt ansvar, skriver styreleder i Skigrasrota, Audun H\u00f8is\u00e6ther, i et innlegg p\u00e5 Facebook. <\/p>\n<p>Overfor TV 2 bekrefter politiet \u00e5 ha mottatt anmeldelsen.<\/p>\n<p>\u2013 Politiet har ikke iverksatt etterforskning, men vi gj\u00f8r noen innledende unders\u00f8kelser for \u00e5 avklare om det er aktuelt \u00e5 etterforske saken videre, skriver politiadvokat Kaja Frimann Stephensen i en epost til <a href=\"https:\/\/www.tv2.no\/sport\/politiet-undersoker-vm-styret-etter-anmeldelse\/18201984\/\" rel=\"Follow nofollow noopener\" target=\"_blank\">TV 2<\/a>. <\/p>\n<p>VM i Trondheim budsjetterte med et overskudd p\u00e5 20 millioner kroner. Noen m\u00e5neder etter mesterskapet kom det imidlertid frem at Ski-VM skyldte penger til 114 kreditorer og at det l\u00e5 an til et underskudd p\u00e5 37 millioner.<\/p>\n","protected":false},"excerpt":{"rendered":"Tidligere denne uken informerte foreningen Skigrasrota om at de har anmeldt styret i Ski-VM. Politiet bekrefter n\u00e5 overfor&hellip;\n","protected":false},"author":2,"featured_media":62799,"comment_status":"","ping_status":"","sticky":false,"template":"","format":"standard","meta":{"footnotes":""},"categories":[59],"tags":[30,28,29,83,82],"class_list":{"0":"post-62798","1":"post","2":"type-post","3":"status-publish","4":"format-standard","5":"has-post-thumbnail","7":"category-sport","8":"tag-no","9":"tag-norge","10":"tag-norway","11":"tag-sport","12":"tag-sports"},"share_on_mastodon":{"url":"","error":""},"_links":{"self":[{"href":"https:\/\/www.europesays.com\/no\/wp-json\/wp\/v2\/posts\/62798","targetHints":{"allow":["GET"]}}],"collection":[{"href":"https:\/\/www.europesays.com\/no\/wp-json\/wp\/v2\/posts"}],"about":[{"href":"https:\/\/www.europesays.com\/no\/wp-json\/wp\/v2\/types\/post"}],"author":[{"embeddable":true,"href":"https:\/\/www.europesays.com\/no\/wp-json\/wp\/v2\/users\/2"}],"replies":[{"embeddable":true,"href":"https:\/\/www.europesays.com\/no\/wp-json\/wp\/v2\/comments?post=62798"}],"version-history":[{"count":0,"href":"https:\/\/www.europesays.com\/no\/wp-json\/wp\/v2\/posts\/62798\/revisions"}],"wp:featuredmedia":[{"embeddable":true,"href":"https:\/\/www.europesays.com\/no\/wp-json\/wp\/v2\/media\/62799"}],"wp:attachment":[{"href":"https:\/\/www.europesays.com\/no\/wp-json\/wp\/v2\/media?parent=62798"}],"wp:term":[{"taxonomy":"category","embeddable":true,"href":"https:\/\/www.europesays.com\/no\/wp-json\/wp\/v2\/categories?post=62798"},{"taxonomy":"post_tag","embeddable":true,"href":"https:\/\/www.europesays.com\/no\/wp-json\/wp\/v2\/tags?post=62798"}],"curies":[{"name":"wp","href":"https:\/\/api.w.org\/{rel}","templated":true}]}}