{"id":62911,"date":"2025-10-17T11:57:07","date_gmt":"2025-10-17T11:57:07","guid":{"rendered":"https:\/\/www.europesays.com\/no\/62911\/"},"modified":"2025-10-17T11:57:07","modified_gmt":"2025-10-17T11:57:07","slug":"bombeangrep-mot-kjent-tv-journalist","status":"publish","type":"post","link":"https:\/\/www.europesays.com\/no\/62911\/","title":{"rendered":"Bombeangrep mot kjent TV-journalist"},"content":{"rendered":"<p><strong>En bombe eksploderte torsdag kveld utenfor hjemmet til TV-journalisten Sigfrido Ranucci i Pomezia, s\u00f8r for Roma. Eksplosjonen \u00f8dela bilen hans og datterens kj\u00f8ret\u00f8y, melder den italienske avisen <a href=\"https:\/\/www.repubblica.it\/cronaca\/2025\/10\/17\/news\/bomba_distrugge_le_auto_del_giornalista_sigfrido_ranucci_e_della_figlia_davanti_alla_loro_casa_a_pomezia-424918286\/?ref=RHLF-BG-P1-S1-T1-r110\" rel=\"nofollow noopener\" target=\"_blank\">La Repubblica<\/a>.<\/strong><\/p>\n<p>Hendelsen fant sted rundt kl. 22 da to eksplosjoner gikk av i rekkef\u00f8lge. If\u00f8lge avisen var Ranucci hjemme, mens datteren hadde forlatt boligen en halvtime tidligere \u2014 heldigvis uten at noen ble skadet. Porten og deler av hagen ble skadet av eksplosjonene.<\/p>\n<p>\u2013 If\u00f8lge journalisten tror politiet det dreier seg om et hjemmelaget sprenglegeme, som \u00abpotensielt kunne ha drept\u00bb en person dersom noen hadde passert p\u00e5 det tidspunktet, sier han til La Repubblica.<\/p>\n<p>Ranucci er kjent som programleder for unders\u00f8kende TV-programmet Report. Tidligere har han mottatt flere trusler.<\/p>\n","protected":false},"excerpt":{"rendered":"En bombe eksploderte torsdag kveld utenfor hjemmet til TV-journalisten Sigfrido Ranucci i Pomezia, s\u00f8r for Roma. Eksplosjonen \u00f8dela&hellip;\n","protected":false},"author":2,"featured_media":62912,"comment_status":"","ping_status":"","sticky":false,"template":"","format":"standard","meta":{"footnotes":""},"categories":[12],"tags":[9159,20,21,24,25,15,1242,1416,22,23,13,30,28,29,14,16,26,27,42,43,44,45],"class_list":{"0":"post-62911","1":"post","2":"type-post","3":"status-publish","4":"format-standard","5":"has-post-thumbnail","7":"category-verden","8":"tag-bomber","9":"tag-breaking-news","10":"tag-breakingnews","11":"tag-featured-news","12":"tag-featurednews","13":"tag-headlines","14":"tag-italia","15":"tag-journalister","16":"tag-latest-news","17":"tag-latestnews","18":"tag-news","19":"tag-no","20":"tag-norge","21":"tag-norway","22":"tag-nyheter","23":"tag-overskrifter","24":"tag-top-stories","25":"tag-topstories","26":"tag-verden","27":"tag-world","28":"tag-world-news","29":"tag-worldnews"},"share_on_mastodon":{"url":"","error":""},"_links":{"self":[{"href":"https:\/\/www.europesays.com\/no\/wp-json\/wp\/v2\/posts\/62911","targetHints":{"allow":["GET"]}}],"collection":[{"href":"https:\/\/www.europesays.com\/no\/wp-json\/wp\/v2\/posts"}],"about":[{"href":"https:\/\/www.europesays.com\/no\/wp-json\/wp\/v2\/types\/post"}],"author":[{"embeddable":true,"href":"https:\/\/www.europesays.com\/no\/wp-json\/wp\/v2\/users\/2"}],"replies":[{"embeddable":true,"href":"https:\/\/www.europesays.com\/no\/wp-json\/wp\/v2\/comments?post=62911"}],"version-history":[{"count":0,"href":"https:\/\/www.europesays.com\/no\/wp-json\/wp\/v2\/posts\/62911\/revisions"}],"wp:featuredmedia":[{"embeddable":true,"href":"https:\/\/www.europesays.com\/no\/wp-json\/wp\/v2\/media\/62912"}],"wp:attachment":[{"href":"https:\/\/www.europesays.com\/no\/wp-json\/wp\/v2\/media?parent=62911"}],"wp:term":[{"taxonomy":"category","embeddable":true,"href":"https:\/\/www.europesays.com\/no\/wp-json\/wp\/v2\/categories?post=62911"},{"taxonomy":"post_tag","embeddable":true,"href":"https:\/\/www.europesays.com\/no\/wp-json\/wp\/v2\/tags?post=62911"}],"curies":[{"name":"wp","href":"https:\/\/api.w.org\/{rel}","templated":true}]}}