{"id":62932,"date":"2025-10-17T12:20:12","date_gmt":"2025-10-17T12:20:12","guid":{"rendered":"https:\/\/www.europesays.com\/no\/62932\/"},"modified":"2025-10-17T12:20:12","modified_gmt":"2025-10-17T12:20:12","slug":"bare-500-igjen","status":"publish","type":"post","link":"https:\/\/www.europesays.com\/no\/62932\/","title":{"rendered":"Bare 500 igjen"},"content":{"rendered":"<p>  Norges Fotballforbund har ikke full kontroll over salget av billetter til VM-kvalifiseringskampen mot Italia. Det n\u00e6rmer seg utsolgt p\u00e5 San Siro.<\/p>\n<p>\n    FOTBALLFEBER: Norske supportere p\u00e5 Ullevaal Stadion. N\u00e5 er de klare for \u00e5 feire VM-billett. Foto: Bj\u00f8rn Langsem \/ Dagbladet\n  <\/p>\n<p>&#8211; Per n\u00e5 er det cirka 500 billetter igjen, og vi fikk i overkant 4000 billetter, opplyste kommunikasjonsr\u00e5dgiver Mari Stanisic Waagaard i en epost til NTB ved lunsjtider fredag.<\/p>\n<p>I forkant av salget har NFF opplyst at medlemmene, p\u00e5 grunn av h\u00f8y interesse, er delt opp i tre grupper, avhengig av hvilken status medlemskapet deres i supporterklubben har. Pulje 1 og 2 har allerede f\u00e5tt tilgang til \u00e5 sikre seg billett til det norske feltet p\u00e5 San Siro via en tilsendt lenke.<\/p>\n<p>    <a itemprop=\"url\" href=\"https:\/\/www.dagbladet.no\/sport\/ute-i-mange-uker\/83735971\" rel=\"nofollow noopener\" target=\"_blank\"><\/p>\n<p>      <img loading=\"lazy\" decoding=\"async\" src=\"https:\/\/www.europesays.com\/no\/wp-content\/uploads\/2025\/10\/83736070.webp\" width=\"980\" height=\"441\" title=\"Ute i mange uker\" alt=\"\" class=\"lazyload\" style=\"--aspect-ratio-image: 2.22; \"\/><\/p>\n<p>        Ute i mange uker<\/p>\n<p>    <\/a><\/p>\n<p>Pulje 3 f\u00e5r ikke samme tilgang f\u00f8r kommende mandag klokken 10.<\/p>\n<p>Likevel vet NTB at det allerede verserer lenker som gj\u00f8r det mulig \u00e5 kj\u00f8pe billetter til det norske bortefeltet gjennom Italias billettsystem Vivaticket. Norske fans kan dermed kj\u00f8pe billett uten \u00e5 v\u00e6re innom NFFs nettsider f\u00f8rst.<\/p>\n<p>        NORGE: Landslagssjef St\u00e5le Solbakken var ikke spesielt forn\u00f8yd med prestasjonen til Oscar Bobb under kampen mot New Zealand tirsdag kveld. Reporter: Edward Stenlund. Video: NTB<\/p>\n<p>&#8211; Pr\u00f8vd s\u00e5 godt vi kan\t<\/p>\n<p>&#8211; Vi skulle gjerne sett at det italienske billettsystemet var mer fleksibelt slik at vi kunne ha gjennomf\u00f8rt et normalt salg via v\u00e5rt billettsystem, som vi har gjort til tidligere bortekamper, opplyser kommunikasjonsr\u00e5dgiver Waagaard.<\/p>\n<p>    <a itemprop=\"url\" href=\"https:\/\/www.dagbladet.no\/sport\/har-ikke-opplevd-maken\/83724362\" rel=\"nofollow noopener\" target=\"_blank\"><\/p>\n<p>      <img loading=\"lazy\" decoding=\"async\" src=\"https:\/\/www.europesays.com\/no\/wp-content\/uploads\/2025\/10\/83725131.webp\" width=\"980\" height=\"441\" title=\"Har ikke opplevd maken\" alt=\"\" class=\"lazyload\" style=\"--aspect-ratio-image: 2.22; \"\/><\/p>\n<p>        Har ikke opplevd maken<\/p>\n<p>    <\/a><\/p>\n<p>Hun forteller at NFF har f\u00e5tt tildelt en lenke fra Det italienske fotballforbundet som er distribuert til gullmedlemmer i supporterklubben &#8211; dem som har v\u00e6rt p\u00e5 flest landskamper.<\/p>\n<p>&#8211; Det er det italienske forbundet som styrer billettsalget til denne kampen, og vi har pr\u00f8vd \u00e5 tilrettelegge s\u00e5 godt vi kan for v\u00e5re supporterklubbmedlemmer, skriver Waagaard.<\/p>\n<p>        Dette klippet fra en trening f\u00f8r veldedighetskampen mellom Liverpool og Chelsea Legender g\u00e5r viralt. Video: John Terry<\/p>\n<p>NFF ikke ansvarlig\t<\/p>\n<p>I eposten til supporterne hvor det informeres om hvilken pulje de har havnet i, har forbundet gjort det klart:<\/p>\n<p>\u00abNFFs rolle er i slike tilfeller begrenset til \u00e5 formidle informasjon og lenker for kj\u00f8p, og selve kj\u00f8pet skjer direkte hos den eksterne akt\u00f8ren.\u00bb<\/p>\n<p>    <a itemprop=\"url\" href=\"https:\/\/www.dagbladet.no\/sport\/i-dag-manglet-han-alt\/83723646\" rel=\"nofollow noopener\" target=\"_blank\"><\/p>\n<p>      <img loading=\"lazy\" decoding=\"async\" src=\"https:\/\/www.europesays.com\/no\/wp-content\/uploads\/2025\/10\/1760703612_878_83724046.webp\" width=\"980\" height=\"441\" title=\"- I dag manglet han alt\" alt=\"\" class=\"lazyload\" style=\"--aspect-ratio-image: 2.22; \"\/><\/p>\n<p>        &#8211; I dag manglet han alt<\/p>\n<p>    <\/a><\/p>\n<p>\u00abEventuelle feil, mangler, avbestillinger eller misbruk (herunder videresending av lenker eller koder) ligger utenfor NFFs kontroll og ansvar\u00bb, heter det videre.<\/p>\n<p>San Siro er Italias st\u00f8rste fotballarena og har en kapasitet p\u00e5 80.000 tilskuere. For tiden er kapasiteten p\u00e5 dr\u00f8yt 75.000.<\/p>\n<p>Etter all sannsynlighet blir det en norsk jubelkveld i Milano 16. november hvor den f\u00f8rste VM-deltakelsen siden 1998 skal feires. Da m\u00e5 Estland sl\u00e5s p\u00e5 Ullevaal tre dager tidligere.<\/p>\n","protected":false},"excerpt":{"rendered":"Norges Fotballforbund har ikke full kontroll over salget av billetter til VM-kvalifiseringskampen mot Italia. Det n\u00e6rmer seg utsolgt&hellip;\n","protected":false},"author":2,"featured_media":62933,"comment_status":"","ping_status":"","sticky":false,"template":"","format":"standard","meta":{"footnotes":""},"categories":[59],"tags":[92,30,28,29,83,82],"class_list":{"0":"post-62932","1":"post","2":"type-post","3":"status-publish","4":"format-standard","5":"has-post-thumbnail","7":"category-sport","8":"tag-fotball","9":"tag-no","10":"tag-norge","11":"tag-norway","12":"tag-sport","13":"tag-sports"},"share_on_mastodon":{"url":"","error":""},"_links":{"self":[{"href":"https:\/\/www.europesays.com\/no\/wp-json\/wp\/v2\/posts\/62932","targetHints":{"allow":["GET"]}}],"collection":[{"href":"https:\/\/www.europesays.com\/no\/wp-json\/wp\/v2\/posts"}],"about":[{"href":"https:\/\/www.europesays.com\/no\/wp-json\/wp\/v2\/types\/post"}],"author":[{"embeddable":true,"href":"https:\/\/www.europesays.com\/no\/wp-json\/wp\/v2\/users\/2"}],"replies":[{"embeddable":true,"href":"https:\/\/www.europesays.com\/no\/wp-json\/wp\/v2\/comments?post=62932"}],"version-history":[{"count":0,"href":"https:\/\/www.europesays.com\/no\/wp-json\/wp\/v2\/posts\/62932\/revisions"}],"wp:featuredmedia":[{"embeddable":true,"href":"https:\/\/www.europesays.com\/no\/wp-json\/wp\/v2\/media\/62933"}],"wp:attachment":[{"href":"https:\/\/www.europesays.com\/no\/wp-json\/wp\/v2\/media?parent=62932"}],"wp:term":[{"taxonomy":"category","embeddable":true,"href":"https:\/\/www.europesays.com\/no\/wp-json\/wp\/v2\/categories?post=62932"},{"taxonomy":"post_tag","embeddable":true,"href":"https:\/\/www.europesays.com\/no\/wp-json\/wp\/v2\/tags?post=62932"}],"curies":[{"name":"wp","href":"https:\/\/api.w.org\/{rel}","templated":true}]}}