{"id":62962,"date":"2025-10-17T12:50:08","date_gmt":"2025-10-17T12:50:08","guid":{"rendered":"https:\/\/www.europesays.com\/no\/62962\/"},"modified":"2025-10-17T12:50:08","modified_gmt":"2025-10-17T12:50:08","slug":"apples-nye-baerbare-skal-vaere-klar-for-ki-aeraen-digi-no","status":"publish","type":"post","link":"https:\/\/www.europesays.com\/no\/62962\/","title":{"rendered":"Apples nye b\u00e6rbare skal v\u00e6re klar for KI-\u00e6raen &#8211; Digi.no"},"content":{"rendered":"<ol>\n<li><a href=\"https:\/\/news.google.com\/rss\/articles\/CBMijgFBVV95cUxNUGNDZVdYdEk3SndiN1QzZWVxcVB5S3N4R0tZR0RVekpUUHdobDV4MlVIbUMxa29BSUd0alMzNFFsVmRaVUFVUkN2NkZVc3FoeWlnSkpsM3ZSeWhUOEpORkhYT0VmZnNNYi1DU3NLUWRqUnNnd0YyUGtJNjFQR25RQ21LeDhLcnBxeHRSWk9n?oc=5\" target=\"_blank\" rel=\"nofollow noopener\">Apples nye b\u00e6rbare skal v\u00e6re klar for KI-\u00e6raen<\/a>&nbsp;&nbsp;Digi.no<\/li>\n<li><a href=\"https:\/\/news.google.com\/rss\/articles\/CBMijAFBVV95cUxOZUJGMFpkeDlXaVRZNHBHbUR6UHJzX2w5WExJUUhVUm5DQzhoSVNoVjJhMU9JV1ljMzBVOFIxT2s5cHh6dktSYnRmTlEyRmJpbGJhS0U0UTRaMkV2dEhPVDAwSms0MGR3clZPNFRFN3pfVDU1c0RhajUycWNzb1QxN0psdU11TnBtSy02Sw?oc=5\" target=\"_blank\" rel=\"nofollow noopener\">Nye MacBook Pro kommer uten lader i Europa<\/a>&nbsp;&nbsp;Tek.no<\/li>\n<li><a href=\"https:\/\/news.google.com\/rss\/articles\/CBMipAFBVV95cUxNZGpzS2ZMOGtJVmdtZzZiY0ktY19XbVhYMEpuenB5SjR4aUNsd3lmVnJZb2x0TWxpX2Ryc2tTTllyc2ZUeDAwckhQc1hqRnBuRDE4dDNaODVHYzRBU3Joc2wwUURnTTBrSVdGQVFLeTh6N1pqUWFuVktDbmFwLXVINWhsM0pSRkV4bUxKdTRwaENURVA0eWRhcEk3Qk16MngtTThDVg?oc=5\" target=\"_blank\" rel=\"nofollow noopener\">Apple presenterer den nye og kraftige iPad Pro med M5-chip<\/a>&nbsp;&nbsp;Apple<\/li>\n<li><a href=\"https:\/\/news.google.com\/rss\/articles\/CBMihAFBVV95cUxPbUZYREQ1MWxFbTBIX0IzRjE3OV9idmNac0FXUE4yM19CT1JkS3Vmank1WWtpWmxjbGJiSlF2UzhYR2hQSzFPN3FxOTYwdFlFUF9WWkd1NE96b2pRY0U0M3VOTldCcnpQUzZRTVJGQWNMSnZ0OU9BQ1RxNy1CWEtDLU92dHk?oc=5\" target=\"_blank\" rel=\"nofollow noopener\">Apple gj\u00f8r seg klare til \u00e5 lansere MacBooks med ber\u00f8ring<\/a>&nbsp;&nbsp;ITavisen<\/li>\n<li><a href=\"https:\/\/news.google.com\/rss\/articles\/CBMivgFBVV95cUxNZWlRdG9DRXlnR2xQZEJFNV9qZkR1bkJTT2ZfRTFCdGd3N3pmT19FYzdMNHNXSmhfMG81ZFdhcm9Sa0ItTC1md04wVS1WVjM1czQwLWxudm41anI4bHFqazJTeUlRdHc0d293TEcwb3l2dF9tTEg2MXU2WlQtbXh4c1hvNWtfUnQ2VnBiNmhtbE9pLTdOX0xHSzVhVnZJaFpqLWJZU0s1WmxoYXlxVXhvckFycU1BZ0xHb2Y2UTVR?oc=5\" target=\"_blank\" rel=\"nofollow noopener\">2 store forbedringer det medf\u00f8rer MacBook Pro M5 sammenlignet med forrige generasjon<\/a>&nbsp;&nbsp;Letem sv\u011btem Applem<\/li>\n<\/ol>\n","protected":false},"excerpt":{"rendered":"Apples nye b\u00e6rbare skal v\u00e6re klar for KI-\u00e6raen&nbsp;&nbsp;Digi.no Nye MacBook Pro kommer uten lader i Europa&nbsp;&nbsp;Tek.no Apple presenterer&hellip;\n","protected":false},"author":2,"featured_media":62963,"comment_status":"","ping_status":"","sticky":false,"template":"","format":"standard","meta":{"footnotes":""},"categories":[57],"tags":[9168,30,28,29,65,63,64,66,70,69,67,68],"class_list":{"0":"post-62962","1":"post","2":"type-post","3":"status-publish","4":"format-standard","5":"has-post-thumbnail","7":"category-vitenskap-og-teknologi","8":"tag-baerbare-pc-er","9":"tag-no","10":"tag-norge","11":"tag-norway","12":"tag-science","13":"tag-science-and-technology","14":"tag-scienceandtechnology","15":"tag-technology","16":"tag-teknologi","17":"tag-vitenskap","18":"tag-vitenskap-og-teknologi","19":"tag-vitenskapteknologi"},"share_on_mastodon":{"url":"","error":""},"_links":{"self":[{"href":"https:\/\/www.europesays.com\/no\/wp-json\/wp\/v2\/posts\/62962","targetHints":{"allow":["GET"]}}],"collection":[{"href":"https:\/\/www.europesays.com\/no\/wp-json\/wp\/v2\/posts"}],"about":[{"href":"https:\/\/www.europesays.com\/no\/wp-json\/wp\/v2\/types\/post"}],"author":[{"embeddable":true,"href":"https:\/\/www.europesays.com\/no\/wp-json\/wp\/v2\/users\/2"}],"replies":[{"embeddable":true,"href":"https:\/\/www.europesays.com\/no\/wp-json\/wp\/v2\/comments?post=62962"}],"version-history":[{"count":0,"href":"https:\/\/www.europesays.com\/no\/wp-json\/wp\/v2\/posts\/62962\/revisions"}],"wp:featuredmedia":[{"embeddable":true,"href":"https:\/\/www.europesays.com\/no\/wp-json\/wp\/v2\/media\/62963"}],"wp:attachment":[{"href":"https:\/\/www.europesays.com\/no\/wp-json\/wp\/v2\/media?parent=62962"}],"wp:term":[{"taxonomy":"category","embeddable":true,"href":"https:\/\/www.europesays.com\/no\/wp-json\/wp\/v2\/categories?post=62962"},{"taxonomy":"post_tag","embeddable":true,"href":"https:\/\/www.europesays.com\/no\/wp-json\/wp\/v2\/tags?post=62962"}],"curies":[{"name":"wp","href":"https:\/\/api.w.org\/{rel}","templated":true}]}}