{"id":62977,"date":"2025-10-17T13:07:12","date_gmt":"2025-10-17T13:07:12","guid":{"rendered":"https:\/\/www.europesays.com\/no\/62977\/"},"modified":"2025-10-17T13:07:12","modified_gmt":"2025-10-17T13:07:12","slug":"trafikk-politi-trailer-har-sklidd-ut-litt-darlig-fore","status":"publish","type":"post","link":"https:\/\/www.europesays.com\/no\/62977\/","title":{"rendered":"Trafikk, Politi | Trailer har sklidd ut: \u2013 Litt d\u00e5rlig f\u00f8re"},"content":{"rendered":"\n<p>Saken oppdateres. <\/p>\n<p>Dette opplyser politiet fredag klokken 11.10, om hendelsen som har oppst\u00e5tt ved Bj\u00f8rklimyra.<\/p>\n<p>\u2013 Det er et vogntog som har sklidd ut av veien p\u00e5 grunn av litt d\u00e5rlig f\u00f8re. Det er ingen personskader. St\u00f8rre kj\u00f8ret\u00f8y kommer seg ikke forbi, sier operasjonsleder Thomas Jarn\u00e6s Coe til AN.<\/p>\n<p>   <img decoding=\"async\" width=\"850\" height=\"591\" fetchpriority=\"low\"  loading=\"lazy\"  src=\"https:\/\/www.europesays.com\/no\/wp-content\/uploads\/2025\/10\/Skjermbilde+2025-10-17+123726.png\" alt=\"\" class=\"brick-c-cFOWSL\" style=\"--brick-image-ratio: 850 \/ 591;\"\/><\/p>\n<p>    Her er veien stengt. Fylkesvei 812 g\u00e5r mellom Tuv i Bod\u00f8 og Medby i Saltdal.<br \/>\n    Foto: Statens vegvesen\n  <\/p>\n<p>En patrulje er p\u00e5 vei til stedet.<\/p>\n<p>Statens Vegvesen melder om stengt vei, men at personbiler kan passere og bilberging er bestilt.<\/p>\n","protected":false},"excerpt":{"rendered":"Saken oppdateres. Dette opplyser politiet fredag klokken 11.10, om hendelsen som har oppst\u00e5tt ved Bj\u00f8rklimyra. \u2013 Det er&hellip;\n","protected":false},"author":2,"featured_media":62978,"comment_status":"","ping_status":"","sticky":false,"template":"","format":"standard","meta":{"footnotes":""},"categories":[10],"tags":[36,20,21,24,25,15,22,23,13,30,28,29,14,16,254,664,1510,26,27,224,51],"class_list":{"0":"post-62977","1":"post","2":"type-post","3":"status-publish","4":"format-standard","5":"has-post-thumbnail","7":"category-norge","8":"tag-art","9":"tag-breaking-news","10":"tag-breakingnews","11":"tag-featured-news","12":"tag-featurednews","13":"tag-headlines","14":"tag-latest-news","15":"tag-latestnews","16":"tag-news","17":"tag-no","18":"tag-norge","19":"tag-norway","20":"tag-nyheter","21":"tag-overskrifter","22":"tag-politi","23":"tag-saltdal","24":"tag-story","25":"tag-top-stories","26":"tag-topstories","27":"tag-trafikk","28":"tag-ulykke"},"share_on_mastodon":{"url":"","error":""},"_links":{"self":[{"href":"https:\/\/www.europesays.com\/no\/wp-json\/wp\/v2\/posts\/62977","targetHints":{"allow":["GET"]}}],"collection":[{"href":"https:\/\/www.europesays.com\/no\/wp-json\/wp\/v2\/posts"}],"about":[{"href":"https:\/\/www.europesays.com\/no\/wp-json\/wp\/v2\/types\/post"}],"author":[{"embeddable":true,"href":"https:\/\/www.europesays.com\/no\/wp-json\/wp\/v2\/users\/2"}],"replies":[{"embeddable":true,"href":"https:\/\/www.europesays.com\/no\/wp-json\/wp\/v2\/comments?post=62977"}],"version-history":[{"count":0,"href":"https:\/\/www.europesays.com\/no\/wp-json\/wp\/v2\/posts\/62977\/revisions"}],"wp:featuredmedia":[{"embeddable":true,"href":"https:\/\/www.europesays.com\/no\/wp-json\/wp\/v2\/media\/62978"}],"wp:attachment":[{"href":"https:\/\/www.europesays.com\/no\/wp-json\/wp\/v2\/media?parent=62977"}],"wp:term":[{"taxonomy":"category","embeddable":true,"href":"https:\/\/www.europesays.com\/no\/wp-json\/wp\/v2\/categories?post=62977"},{"taxonomy":"post_tag","embeddable":true,"href":"https:\/\/www.europesays.com\/no\/wp-json\/wp\/v2\/tags?post=62977"}],"curies":[{"name":"wp","href":"https:\/\/api.w.org\/{rel}","templated":true}]}}