{"id":63011,"date":"2025-10-17T14:02:48","date_gmt":"2025-10-17T14:02:48","guid":{"rendered":"https:\/\/www.europesays.com\/no\/63011\/"},"modified":"2025-10-17T14:02:48","modified_gmt":"2025-10-17T14:02:48","slug":"na-er-denne-leppestiften-trendy-igjen","status":"publish","type":"post","link":"https:\/\/www.europesays.com\/no\/63011\/","title":{"rendered":"N\u00e5 er denne leppestiften trendy igjen"},"content":{"rendered":"<p class=\"kicker \" style=\"\">Sminketrend:<\/p>\n<p>  P\u00e5 slutten av 90-tallet var den p\u00e5 alles lepper, bokstavelig talt.\u00a0<\/p>\n<p>\n    SMINKETREND: Denne klassikeren fra 90-tallet gj\u00f8r comeback. FOTO: NTB\n  <\/p>\n<p>Sminketrender kommer og g\u00e5r. Den ene dagen er det m\u00f8rke leppestifter som gjelder, den neste dag er det lyse.<\/p>\n<p>N\u00e5 gj\u00f8r imidlertid en leppestift fra 1990-tallet comeback &#8211; som mange andre sminketrender fra det store ti\u00e5ret. Rundt 1997\u20131998 var denne leppestiften p\u00e5 alles lepper. Bokstavelig talt. Og n\u00e5 er den trendy igjen.<\/p>\n<p>    <a itemprop=\"url\" href=\"https:\/\/www.kk.no\/mote\/leppefargen-som-gjelder-na-1\/82223025\" rel=\"nofollow noopener\" target=\"_blank\"><\/p>\n<p>      <img loading=\"lazy\" decoding=\"async\" src=\"https:\/\/www.europesays.com\/no\/wp-content\/uploads\/2025\/10\/82225091.webp\" width=\"980\" height=\"441\" title=\"Leppefargen som gjelder n\u00e5\" alt=\"\" class=\"lazyload\" style=\"--aspect-ratio-image: 2.22; \"\/><\/p>\n<p>        Leppefargen som gjelder n\u00e5<\/p>\n<p>    <\/a><\/p>\n<p>Og det er faktisk takket v\u00e6re karakteren Joey Potter fra Dawson\u2019s Creek at leppestiften igjen er i vinden. Husker du Joey? Dawsons bestevenn (og senere kj\u00e6reste) som var den ultimate girl next door med jeansjakker, strikkegensere og glansfullt b\u00f8rstet h\u00e5r.<\/p>\n<p>Joey Potters (spilt av Katie Holmes) sminke har nemlig f\u00e5tt ekstra oppmerksomhet den siste tiden &#8211; og da spesielt leppene. Leppene har den perfekte fargen: naturlig, men likevel spennende. Middels m\u00f8rk b\u00e6rr\u00f8d med bare et hint av glans. Serien sin makeup-artist <a href=\"https:\/\/graziadaily.co.uk\/beauty-hair\/makeup\/joey-potter-lip-look\/\" rel=\"nofollow noopener\" target=\"_blank\">avsl\u00f8rte nylig<\/a> at man fikk den perfekte nyansen p\u00e5 Joeys lepper ved \u00e5 blande et MAC-leppestift i fargen Twig med et naturlig leppebalm.<\/p>\n<p>    <a itemprop=\"url\" href=\"https:\/\/www.kk.no\/mote\/na-er-disse-leppene-tilbake\/81829881\" rel=\"nofollow noopener\" target=\"_blank\"><\/p>\n<p>      <img loading=\"lazy\" decoding=\"async\" src=\"https:\/\/www.europesays.com\/no\/wp-content\/uploads\/2025\/10\/81830711.webp\" width=\"980\" height=\"441\" title=\"N\u00e5 er disse leppene tilbake\" alt=\"\" class=\"lazyload\" style=\"--aspect-ratio-image: 2.22; \"\/><\/p>\n<p>        N\u00e5 er disse leppene tilbake<\/p>\n<p>    <\/a><\/p>\n<p>Leppestiften fra 90-tallet alle snakker om\t<\/p>\n<p>Men det er ikke disse produktene som har blitt trendy igjen. Det er et annet 90-tallsprodukt. Hvilket? Clinique Almost Lipstick i fargen Black Honey.<\/p>\n<p>Den f\u00f8rste versjonen av leppestiften ble faktisk lansert for 50 \u00e5r siden, allerede p\u00e5 70-tallet. Etter \u00e5 ha g\u00e5tt viralt p\u00e5 TikTok, er leppestiften igjen en av de bestselgende sminkeproduktene i verden. Den har blitt s\u00e5 popul\u00e6r at den nesten ikke er \u00e5 f\u00e5 tak i!<\/p>\n<p>          <img loading=\"lazy\" decoding=\"async\" src=\"https:\/\/www.europesays.com\/no\/wp-content\/uploads\/2025\/10\/83671787.webp\" width=\"686\" height=\"604\" title=\"Clinique Almost Lipstick. FOTO: Produsenten\" alt=\"\" class=\"\" style=\"--aspect-ratio-image: 1.14; \"\/><\/p>\n<p>\n          Clinique Almost Lipstick. FOTO: Produsenten\n      <\/p>\n<p>    <a itemprop=\"url\" href=\"https:\/\/www.kk.no\/mote\/denne-rachel-trenden-orker-hun-ikke\/83452949\" rel=\"nofollow noopener\" target=\"_blank\"><\/p>\n<p>      <img loading=\"lazy\" decoding=\"async\" src=\"https:\/\/www.europesays.com\/no\/wp-content\/uploads\/2025\/10\/83452968.webp\" width=\"980\" height=\"441\" title=\"Denne Rachel-trenden orker hun ikke\" alt=\"\" class=\"lazyload\" style=\"--aspect-ratio-image: 2.22; \"\/><\/p>\n<p>        Denne Rachel-trenden orker hun ikke<\/p>\n<p>    <\/a><\/p>\n<p>\u2013 Leppestiften har en transparent formula i en farge som smelter inn og blandes med leppenes naturlige farge, og skaper dermed en unik og naturlig tone som kler nesten alle hudtoner. Den lar alts\u00e5 din egen leppefarge skinne gjennom, noe som gj\u00f8r at den passer til ALLE \u2013 hvor fantastisk er ikke det? Den passer ogs\u00e5 til alle anledninger \u2013 enten du har p\u00e5 deg jeans og t-skjorte p\u00e5 kontoret, eller kler deg opp i kjole og h\u00f8ye h\u00e6ler til fest, <a href=\"https:\/\/www.femina.se\/skonhet\/lappstiftet-alla-hade-pa-90-talet-darfor-ar-det-trendigt-igen\/10984888\" rel=\"nofollow noopener\" target=\"_blank\">har Feminas beautyredakt\u00f8r Jessica Blockstr\u00f6m bemerket<\/a>.<\/p>\n<p>    <a itemprop=\"url\" href=\"https:\/\/www.kk.no\/mote\/na-er-denne-90-tallstrenden-tilbake\/82202445\" rel=\"nofollow noopener\" target=\"_blank\"><\/p>\n<p>      <img loading=\"lazy\" decoding=\"async\" src=\"https:\/\/www.europesays.com\/no\/wp-content\/uploads\/2025\/10\/82203201.webp\" width=\"980\" height=\"441\" title=\"N\u00e5 er denne 90-tallstrenden tilbake\" alt=\"\" class=\"lazyload\" style=\"--aspect-ratio-image: 2.22; \"\/><\/p>\n<p>        N\u00e5 er denne 90-tallstrenden tilbake<\/p>\n<p>    <\/a><\/p>\n<p>    <a itemprop=\"url\" href=\"https:\/\/www.kk.no\/mote\/kommer-til-a-bli-revet-ut-av-hyllene\/82518741\" rel=\"nofollow noopener\" target=\"_blank\"><\/p>\n<p>      <img loading=\"lazy\" decoding=\"async\" src=\"https:\/\/www.europesays.com\/no\/wp-content\/uploads\/2025\/10\/83118816.webp\" width=\"980\" height=\"441\" title=\"\u2013 Kommer til \u00e5 bli revet ut av hyllene\" alt=\"\" class=\"lazyload\" style=\"--aspect-ratio-image: 2.22; \"\/><\/p>\n<p>        \u2013 Kommer til \u00e5 bli revet ut av hyllene<\/p>\n<p>    <\/a><\/p>\n<p>Denne saken ble f\u00f8rst publisert p\u00e5 <a href=\"https:\/\/www.femina.se\/skonhet\/lappstiftet-alla-hade-pa-90-talet-darfor-ar-det-trendigt-igen\/10984888\" rel=\"nofollow noopener\" target=\"_blank\">Femina<\/a>, som ogs\u00e5 eies av Aller Media.<\/p>\n","protected":false},"excerpt":{"rendered":"Sminketrend: P\u00e5 slutten av 90-tallet var den p\u00e5 alles lepper, bokstavelig talt.\u00a0 SMINKETREND: Denne klassikeren fra 90-tallet gj\u00f8r&hellip;\n","protected":false},"author":2,"featured_media":63012,"comment_status":"","ping_status":"","sticky":false,"template":"","format":"standard","meta":{"footnotes":""},"categories":[58],"tags":[71,9172,4024,30,28,29,6097,72],"class_list":{"0":"post-63011","1":"post","2":"type-post","3":"status-publish","4":"format-standard","5":"has-post-thumbnail","7":"category-underholdning","8":"tag-entertainment","9":"tag-leppestift","10":"tag-mote","11":"tag-no","12":"tag-norge","13":"tag-norway","14":"tag-sminke","15":"tag-underholdning"},"share_on_mastodon":{"url":"","error":""},"_links":{"self":[{"href":"https:\/\/www.europesays.com\/no\/wp-json\/wp\/v2\/posts\/63011","targetHints":{"allow":["GET"]}}],"collection":[{"href":"https:\/\/www.europesays.com\/no\/wp-json\/wp\/v2\/posts"}],"about":[{"href":"https:\/\/www.europesays.com\/no\/wp-json\/wp\/v2\/types\/post"}],"author":[{"embeddable":true,"href":"https:\/\/www.europesays.com\/no\/wp-json\/wp\/v2\/users\/2"}],"replies":[{"embeddable":true,"href":"https:\/\/www.europesays.com\/no\/wp-json\/wp\/v2\/comments?post=63011"}],"version-history":[{"count":0,"href":"https:\/\/www.europesays.com\/no\/wp-json\/wp\/v2\/posts\/63011\/revisions"}],"wp:featuredmedia":[{"embeddable":true,"href":"https:\/\/www.europesays.com\/no\/wp-json\/wp\/v2\/media\/63012"}],"wp:attachment":[{"href":"https:\/\/www.europesays.com\/no\/wp-json\/wp\/v2\/media?parent=63011"}],"wp:term":[{"taxonomy":"category","embeddable":true,"href":"https:\/\/www.europesays.com\/no\/wp-json\/wp\/v2\/categories?post=63011"},{"taxonomy":"post_tag","embeddable":true,"href":"https:\/\/www.europesays.com\/no\/wp-json\/wp\/v2\/tags?post=63011"}],"curies":[{"name":"wp","href":"https:\/\/api.w.org\/{rel}","templated":true}]}}