{"id":63059,"date":"2025-10-17T15:00:13","date_gmt":"2025-10-17T15:00:13","guid":{"rendered":"https:\/\/www.europesays.com\/no\/63059\/"},"modified":"2025-10-17T15:00:13","modified_gmt":"2025-10-17T15:00:13","slug":"trafikk-ulykke-dagbladet-har-ikke-informasjon-at-bilene-kjorte-om-kapp","status":"publish","type":"post","link":"https:\/\/www.europesays.com\/no\/63059\/","title":{"rendered":"Trafikk, Ulykke | Dagbladet: \u2013 Har ikke informasjon at bilene kj\u00f8rte om kapp"},"content":{"rendered":"\n<p>Politiet presiserer at de ikke har informasjon om at bilene involvert i den alvorlige trafikkulykken kj\u00f8rte om kapp, men bekrefter at flere har meldt fra om observasjoner av r\u00e5kj\u00f8ring p\u00e5 strekningen i forkant av der ulykken skjedde. <\/p>\n<p>\u2013 Politiet har f\u00e5tt informasjon om det, og da er det naturlig \u00e5 ta det med i etterforskningen, sa Jacob Bergh til Nordlys tidligere denne uka. <\/p>\n<p>N\u00e5 skriver <a href=\"https:\/\/www.dagbladet.no\/nyheter\/ingen-informasjon-om-kappkjoring\/83736370\" rel=\"Follow nofollow noopener\" target=\"_blank\">Dagbladet<\/a> at politiet \u00f8nsker \u00e5 korrigere inntrykket.<\/p>\n<p>\u2013 Vi har informasjon om at det har v\u00e6rt observert r\u00e5kj\u00f8ring p\u00e5 strekningen. Vi har ikke noe informasjon om at disse bilene har kj\u00f8rt om kapp, og har ingen holdepunkter for det, sier Bergh til Dagbladet.<\/p>\n","protected":false},"excerpt":{"rendered":"Politiet presiserer at de ikke har informasjon om at bilene involvert i den alvorlige trafikkulykken kj\u00f8rte om kapp,&hellip;\n","protected":false},"author":2,"featured_media":2176,"comment_status":"","ping_status":"","sticky":false,"template":"","format":"standard","meta":{"footnotes":""},"categories":[5],"tags":[36,20,21,8655,24,25,15,19,22,23,17,18,13,30,28,29,14,16,1510,26,27,224,51],"class_list":{"0":"post-63059","1":"post","2":"type-post","3":"status-publish","4":"format-standard","5":"has-post-thumbnail","7":"category-overskrifter","8":"tag-art","9":"tag-breaking-news","10":"tag-breakingnews","11":"tag-e8","12":"tag-featured-news","13":"tag-featurednews","14":"tag-headlines","15":"tag-hovedoppslag","16":"tag-latest-news","17":"tag-latestnews","18":"tag-main-news","19":"tag-mainnews","20":"tag-news","21":"tag-no","22":"tag-norge","23":"tag-norway","24":"tag-nyheter","25":"tag-overskrifter","26":"tag-story","27":"tag-top-stories","28":"tag-topstories","29":"tag-trafikk","30":"tag-ulykke"},"share_on_mastodon":{"url":"","error":""},"_links":{"self":[{"href":"https:\/\/www.europesays.com\/no\/wp-json\/wp\/v2\/posts\/63059","targetHints":{"allow":["GET"]}}],"collection":[{"href":"https:\/\/www.europesays.com\/no\/wp-json\/wp\/v2\/posts"}],"about":[{"href":"https:\/\/www.europesays.com\/no\/wp-json\/wp\/v2\/types\/post"}],"author":[{"embeddable":true,"href":"https:\/\/www.europesays.com\/no\/wp-json\/wp\/v2\/users\/2"}],"replies":[{"embeddable":true,"href":"https:\/\/www.europesays.com\/no\/wp-json\/wp\/v2\/comments?post=63059"}],"version-history":[{"count":0,"href":"https:\/\/www.europesays.com\/no\/wp-json\/wp\/v2\/posts\/63059\/revisions"}],"wp:featuredmedia":[{"embeddable":true,"href":"https:\/\/www.europesays.com\/no\/wp-json\/wp\/v2\/media\/2176"}],"wp:attachment":[{"href":"https:\/\/www.europesays.com\/no\/wp-json\/wp\/v2\/media?parent=63059"}],"wp:term":[{"taxonomy":"category","embeddable":true,"href":"https:\/\/www.europesays.com\/no\/wp-json\/wp\/v2\/categories?post=63059"},{"taxonomy":"post_tag","embeddable":true,"href":"https:\/\/www.europesays.com\/no\/wp-json\/wp\/v2\/tags?post=63059"}],"curies":[{"name":"wp","href":"https:\/\/api.w.org\/{rel}","templated":true}]}}