{"id":63060,"date":"2025-10-17T15:03:11","date_gmt":"2025-10-17T15:03:11","guid":{"rendered":"https:\/\/www.europesays.com\/no\/63060\/"},"modified":"2025-10-17T15:03:11","modified_gmt":"2025-10-17T15:03:11","slug":"iphone-skall-med-tastatur-klikk-pa-et-tastatur","status":"publish","type":"post","link":"https:\/\/www.europesays.com\/no\/63060\/","title":{"rendered":"iPhone-skall med tastatur &#8211; Klikk p\u00e5 et tastatur"},"content":{"rendered":"<p class=\"first_para\">Akko er et kinesisk selskap, grunnlagt i 2016, som fokuserer p\u00e5 tastaturer. N\u00e5 har de lansert MetaKey, et iPhone-etui med innebygd tastatur, tilgjengelig for iPhone 17 Pro Max og iPhone 16 Pro Max.<\/p>\n<p>MetaKey har 37 knapper og m\u00e5ler 205x85x13 mm, mens vekten er 79 g (iPhone 17 Pro Max) og 73 g (iPhone 16 Pro Max). Hvis du synes telefonen er for tung p\u00e5 toppen, f\u00f8lger det med et metallbrett som veier 9 g, og som kan monteres nederst for mer balanse.<\/p>\n<p>MetaKey kobles til mobiltelefonens USB-C-port og har en gjennomg\u00e5ende USB-C-port i bunnen. Tastaturet er bakgrunnsbelyst for \u00e5 gj\u00f8re det enklere \u00e5 skrive i m\u00f8rket.<\/p>\n<p>\u00a0<\/p>\n<p>\t\t\t<a href=\"https:\/\/www.europesays.com\/no\/wp-content\/uploads\/2025\/10\/Akko-MetaKey2.jpg\" class=\"swipebox\" data-cycle-caption=\"MetaKey kobles til USB-porten p\u00e5 mobiltelefonen og har en gjennomg\u00e5ende USB-port. Foto: Akko\" data-slb-active=\"1\" data-slb-asset=\"1866339641\" data-slb-internal=\"0\" data-slb-group=\"slb\"><img decoding=\"async\" src=\"https:\/\/www.europesays.com\/no\/wp-content\/uploads\/2025\/10\/Akko-MetaKey2.jpg\" title=\"Akko-MetaKey2\" alt=\"Akko-MetaKey2\"\/><\/a><\/p>\n<p>\t\t\t<a href=\"https:\/\/www.europesays.com\/no\/wp-content\/uploads\/2025\/10\/Akko-MetaKey3.jpg\" class=\"swipebox\" data-cycle-caption=\"Et 9 grams metallbrett kan monteres i bunnen for \u00e5 gi mer balanse. Foto: Akko\" data-slb-active=\"1\" data-slb-asset=\"1526269752\" data-slb-internal=\"0\" data-slb-group=\"slb\"><img decoding=\"async\" src=\"https:\/\/www.europesays.com\/no\/wp-content\/uploads\/2025\/10\/Akko-MetaKey3.jpg\" title=\"Akko-MetaKey3\" alt=\"Akko-MetaKey3\"\/><\/a><\/p>\n<p>MetaKey kobles til USB-porten p\u00e5 mobiltelefonen og har en gjennomg\u00e5ende USB-port. Foto: Akko<\/p>\n<p>Det er lite sannsynlig at du vil skrive mye raskere med MetaKey montert, men du har ikke et tastatur som tar opp en stor del av skjermflaten. Og du m\u00e5 ha dype bukselommer, ettersom mobiltelefonen blir dr\u00f8yt 4 cm lengre med MetaKey montert\u2026<\/p>\n<p>Om det kommer flere varianter, for andre iPhone-modeller og for Android-mobiler, vil fremtiden vise, men akkurat n\u00e5 fokuserer Akko p\u00e5 \u00e5 videreutvikle disse to variantene med ytterligere funksjoner.<\/p>\n<p>\u00a0<\/p>\n<p><img fetchpriority=\"high\" decoding=\"async\" class=\"size-full wp-image-484012\" src=\"https:\/\/www.europesays.com\/no\/wp-content\/uploads\/2025\/10\/Akko-MetaKey1.jpg\" alt=\"iPhone-skall med tastatur 1\" width=\"800\" height=\"800\" title=\"iPhone-skall med tastatur 1\"\/>MetaKey er tilgjengelig i syv farger for iPhone 17 Pro Max. Foto: Akko<br \/>\nPris og tilgjengelighet<\/p>\n<p>Akko MetaKey er tilgjengelig n\u00e5, via <a href=\"https:\/\/akkogear.eu\/products\/akko-metakey-keyboard-case-for-iphone?srsltid=AfmBOorS-j-8DkKMGwzFePUr2Bs17-LTxwvhaGnkZA5ad8hiPHDgm2DJ\" target=\"_blank\" rel=\"noopener nofollow\">selskapets nettside<\/a>, og prisen er 75 Euro for begge variantene. iPhone 17 Pro Max-versjonen er tilgjengelig i syv farger, mens iPhone 16 Pro Max-versjonen er tilgjengelig i tre farger.<\/p>\n<p>    <a href=\"https:\/\/www.lydogbilde.no\/forfatter\/ola-larssonlbhome-se\/\" rel=\"nofollow noopener\" target=\"_blank\"><br \/>\n        <img decoding=\"async\" style=\"border-radius:50px;width:90px;\" alt=\"Ola Larsson\" src=\"https:\/\/www.europesays.com\/no\/wp-content\/uploads\/2025\/10\/OlaLarsson_200x200.jpg\"\/> <\/a>   <\/p>\n<p>\n(f. 1970): Frilansjournalist for L&amp;B Home. Ola har i 24 \u00e5r jobbet med \u00e5 holde oversikt over &#8211; og skrive om &#8211; trender, innovasjoner og produkter innenfor forbrukerelektronikk, hvitevarer og husholdningsapparater. I perioden 1999-2017 jobbet Ola i de svenske fagbladene Rateko, El&amp;Vitt og ElektronikBranschen som journalist, teknisk redakt\u00f8r og sjefredakt\u00f8r. Siden 2017 har Ola jobbet som konsulent &#8211; i sitt eget firma Eor AB, grunnlagt i 2014 &#8211; med hovedvekt p\u00e5 det skrevne ord.\n<\/p>\n<p>    <a href=\"https:\/\/mailchi.mp\/lydogbilde.no\/25\" rel=\"nofollow noopener\" target=\"_blank\"> <img decoding=\"async\" src=\"https:\/\/www.europesays.com\/no\/wp-content\/uploads\/2025\/10\/NO-9.png\"\/><\/a><\/p>\n<p><a href=\"https:\/\/www.lydogbilde.no\/nyheter\/mobil-nettbrett\/glem-tidsreiser-casios-nye-klokke-er-fortiden\/\" rel=\"nofollow noopener\" target=\"_blank\"> <\/a>      <\/p>\n<p>Fremtiden er tilbake p\u00e5 h\u00e5ndleddet ditt<\/p>\n<p><a href=\"https:\/\/www.lydogbilde.no\/redmagic-11-pro-med-kjloelevaeske\/\" rel=\"nofollow noopener\" target=\"_blank\"> <\/a>     <\/p>\n<p>V\u00e6skekj\u00f8ling i mobil: N\u00e5 er det mulig<\/p>\n<p><a href=\"https:\/\/www.lydogbilde.no\/nyheter\/mobil-nettbrett\/ny-modell-av-tag-heuer-connected-smartklokke\/\" rel=\"nofollow noopener\" target=\"_blank\"> <\/a>       <\/p>\n<p>Oppdatert Tag Heuer-smartklokke<\/p>\n<p><a href=\"https:\/\/www.lydogbilde.no\/nyheter\/mobil-nettbrett\/tyskland-avviser-dansk-forslag-om-chat-kontroll-igjen\/\" rel=\"nofollow noopener\" target=\"_blank\"> <\/a>      <\/p>\n<p>Tyskland torpederer dansk forslag om chat-kontroll<\/p>\n<p><a href=\"https:\/\/www.lydogbilde.no\/nyheter\/mobil-nettbrett\/samsung-galaxy-s26-far-hemmelig-skjerm\/\" rel=\"nofollow noopener\" target=\"_blank\"> <\/a>     <\/p>\n<p>Galaxy S26 f\u00e5r hemmelig skjerm <\/p>\n<p><a href=\"https:\/\/www.lydogbilde.no\/nyheter\/mobil-nettbrett\/har-apple-satt-vr-briller-pa-pause-for-ki-briller\/\" rel=\"nofollow noopener\" target=\"_blank\"> <\/a>       <\/p>\n<p>Ingen nye Apple VR-briller?<\/p>\n<p><a href=\"https:\/\/www.lydogbilde.no\/nyheter\/mobil-nettbrett\/motorolas-tynne-mobiltelefon-kommer-snart\/\" rel=\"nofollow noopener\" target=\"_blank\"> <\/a>       <\/p>\n<p>Motorola p\u00e5 vei med en tynn mobiltelefon<\/p>\n<p><a href=\"https:\/\/www.lydogbilde.no\/nyheter\/mobil-nettbrett\/snapdragon-8-elite-gen-5-gir-android-mobiler-et-loft\/\" rel=\"nofollow noopener\" target=\"_blank\"> <\/a>      <\/p>\n<p>Ny Snapdragon maksimerer ytelsen<\/p>\n<p><a href=\"https:\/\/www.lydogbilde.no\/nyheter\/mobil-nettbrett\/viktige-funksjoner-i-galaxy-one-ui-8-5\/\" rel=\"nofollow noopener\" target=\"_blank\"> <\/a>     <\/p>\n<p>Dette er nytt i Galaxy One UI 8.5<\/p>\n<p><a href=\"https:\/\/www.lydogbilde.no\/nyheter\/mobil-nettbrett\/xiaomi-lanserer-15t-serien-med-leica-kamera-og-offline-kommunikasjon\/\" rel=\"nofollow noopener\" target=\"_blank\"> <\/a>       <\/p>\n<p>Nye Xiaomi 15T-mobiler kan ringe uten nettverksdekning<\/p>\n","protected":false},"excerpt":{"rendered":"Akko er et kinesisk selskap, grunnlagt i 2016, som fokuserer p\u00e5 tastaturer. N\u00e5 har de lansert MetaKey, et&hellip;\n","protected":false},"author":2,"featured_media":63061,"comment_status":"","ping_status":"","sticky":false,"template":"","format":"standard","meta":{"footnotes":""},"categories":[57],"tags":[30,28,29,65,63,64,66,70,69,67,68],"class_list":{"0":"post-63060","1":"post","2":"type-post","3":"status-publish","4":"format-standard","5":"has-post-thumbnail","7":"category-vitenskap-og-teknologi","8":"tag-no","9":"tag-norge","10":"tag-norway","11":"tag-science","12":"tag-science-and-technology","13":"tag-scienceandtechnology","14":"tag-technology","15":"tag-teknologi","16":"tag-vitenskap","17":"tag-vitenskap-og-teknologi","18":"tag-vitenskapteknologi"},"share_on_mastodon":{"url":"","error":""},"_links":{"self":[{"href":"https:\/\/www.europesays.com\/no\/wp-json\/wp\/v2\/posts\/63060","targetHints":{"allow":["GET"]}}],"collection":[{"href":"https:\/\/www.europesays.com\/no\/wp-json\/wp\/v2\/posts"}],"about":[{"href":"https:\/\/www.europesays.com\/no\/wp-json\/wp\/v2\/types\/post"}],"author":[{"embeddable":true,"href":"https:\/\/www.europesays.com\/no\/wp-json\/wp\/v2\/users\/2"}],"replies":[{"embeddable":true,"href":"https:\/\/www.europesays.com\/no\/wp-json\/wp\/v2\/comments?post=63060"}],"version-history":[{"count":0,"href":"https:\/\/www.europesays.com\/no\/wp-json\/wp\/v2\/posts\/63060\/revisions"}],"wp:featuredmedia":[{"embeddable":true,"href":"https:\/\/www.europesays.com\/no\/wp-json\/wp\/v2\/media\/63061"}],"wp:attachment":[{"href":"https:\/\/www.europesays.com\/no\/wp-json\/wp\/v2\/media?parent=63060"}],"wp:term":[{"taxonomy":"category","embeddable":true,"href":"https:\/\/www.europesays.com\/no\/wp-json\/wp\/v2\/categories?post=63060"},{"taxonomy":"post_tag","embeddable":true,"href":"https:\/\/www.europesays.com\/no\/wp-json\/wp\/v2\/tags?post=63060"}],"curies":[{"name":"wp","href":"https:\/\/api.w.org\/{rel}","templated":true}]}}