{"id":63110,"date":"2025-10-17T16:12:14","date_gmt":"2025-10-17T16:12:14","guid":{"rendered":"https:\/\/www.europesays.com\/no\/63110\/"},"modified":"2025-10-17T16:12:14","modified_gmt":"2025-10-17T16:12:14","slug":"da-skal-jeg-vaere-der-for-ham","status":"publish","type":"post","link":"https:\/\/www.europesays.com\/no\/63110\/","title":{"rendered":"\u2013 Da skal jeg v\u00e6re der for ham"},"content":{"rendered":"<p class=\"kicker text-red color_mobile_text-red\" style=\"\">Guardiola om Haaland:<\/p>\n<p>  Manchester City-manager Pep Guardiola tror aldri Erling Braut Haaland har v\u00e6rt bedre som Manchester City-spiller. Det kan imidlertid ikke fortsette i all evighet.<\/p>\n<p>\n    Erling Braut Haaland er i kalasform og f\u00e5r skryt av sjefen. Foto: Jon Super \/ AP \/ NTB\n  <\/p>\n<p>Guardiola fikk sp\u00f8rsm\u00e5l om Haalands voldsomme h\u00f8stform da han m\u00f8tte til pressekonferanse fredag.<\/p>\n<p>Der ville en britisk journalist vite om Haaland presterer p\u00e5 et h\u00f8yere niv\u00e5 n\u00e5 enn noen gang tidligere i City-karrieren.<\/p>\n<p>\u2013 Ja, det tror jeg. Det f\u00f8les veldig bra. Ikke bare med tanke p\u00e5 antall m\u00e5l, men prestasjonsniv\u00e5et hans er utrolig, svarte spanjolen.<\/p>\n<p>    <a itemprop=\"url\" href=\"https:\/\/sol.no\/nyheter\/danskene-har-902-ord-for-a-vaere-full\/83737269\" rel=\"nofollow noopener\" target=\"_blank\"><\/p>\n<p>      <img loading=\"lazy\" decoding=\"async\" src=\"https:\/\/www.europesays.com\/no\/wp-content\/uploads\/2025\/10\/83737282.webp\" width=\"980\" height=\"441\" title=\"Danskene har 902 ord for \u00e5 v\u00e6re full\" alt=\"\" class=\"lazyload\" style=\"--aspect-ratio-image: 2.22; \"\/><\/p>\n<p>        Danskene har 902 ord for \u00e5 v\u00e6re full<\/p>\n<p>sol.no<\/p>\n<p>    <\/a><\/p>\n<p>Deretter var han raskt ute med \u00e5 legge til at det h\u00f8ye niv\u00e5et vil v\u00e6re umulig \u00e5 opprettholde over lang tid.<\/p>\n<p>\u2013 Det jeg sier er at n\u00e5r han dupper i form, fordi det er umulig \u00e5 opprettholde dette, skal jeg v\u00e6re der for ham. Vi skal v\u00e6re der, sa Guardiola.<\/p>\n<p>\u2013 Akkurat n\u00e5 trenger han ikke komplimenter, han trenger ikke noe spesielt. Han er bare veldig bra, la han blant annet til.<\/p>\n<p>City-sjefen fikk ogs\u00e5 sp\u00f8rsm\u00e5l om Norges suksess i VM-kvalifiseringen har bidratt til \u00e5 l\u00f8fte Haaland.<\/p>\n<p>    <a itemprop=\"url\" href=\"https:\/\/sol.no\/nyheter\/nedslaende-beskjed-for-martin-odegaard\/83736642\" rel=\"nofollow noopener\" target=\"_blank\"><\/p>\n<p>      <img loading=\"lazy\" decoding=\"async\" src=\"https:\/\/www.europesays.com\/no\/wp-content\/uploads\/2025\/10\/83736648.webp\" width=\"147\" height=\"109\" title=\"Nedsl\u00e5ende beskjed for Martin \u00d8degaard\" alt=\"\" class=\"lazyload\" style=\"--aspect-ratio-image: 1.35; \"\/><\/p>\n<p>        Nedsl\u00e5ende beskjed for Martin \u00d8degaard<\/p>\n<p>sol.no<\/p>\n<p>    <\/a><\/p>\n<p>\u2013 Ja, selvsagt. Du blir revitalisert n\u00e5r du scorer og laget spiller bra. Det er bra, svarte spanjolen.<\/p>\n<p>Haaland har scoret p\u00e5 bestilling for b\u00e5de klubb- og landslag den siste tiden. Nylig ble han k\u00e5ret til den beste spilleren i Premier League i september.<\/p>\n<p>I VM-kvalifiseringskampen mot Israel sist l\u00f8rdag ble det et nytt hattrick.<\/p>\n","protected":false},"excerpt":{"rendered":"Guardiola om Haaland: Manchester City-manager Pep Guardiola tror aldri Erling Braut Haaland har v\u00e6rt bedre som Manchester City-spiller.&hellip;\n","protected":false},"author":2,"featured_media":63111,"comment_status":"","ping_status":"","sticky":false,"template":"","format":"standard","meta":{"footnotes":""},"categories":[59],"tags":[810,92,671,30,28,29,14,2124,161,83,82],"class_list":{"0":"post-63110","1":"post","2":"type-post","3":"status-publish","4":"format-standard","5":"has-post-thumbnail","7":"category-sport","8":"tag-erling-braut-haaland","9":"tag-fotball","10":"tag-manchester-city","11":"tag-no","12":"tag-norge","13":"tag-norway","14":"tag-nyheter","15":"tag-pep-guardiola","16":"tag-premier-league","17":"tag-sport","18":"tag-sports"},"share_on_mastodon":{"url":"","error":""},"_links":{"self":[{"href":"https:\/\/www.europesays.com\/no\/wp-json\/wp\/v2\/posts\/63110","targetHints":{"allow":["GET"]}}],"collection":[{"href":"https:\/\/www.europesays.com\/no\/wp-json\/wp\/v2\/posts"}],"about":[{"href":"https:\/\/www.europesays.com\/no\/wp-json\/wp\/v2\/types\/post"}],"author":[{"embeddable":true,"href":"https:\/\/www.europesays.com\/no\/wp-json\/wp\/v2\/users\/2"}],"replies":[{"embeddable":true,"href":"https:\/\/www.europesays.com\/no\/wp-json\/wp\/v2\/comments?post=63110"}],"version-history":[{"count":0,"href":"https:\/\/www.europesays.com\/no\/wp-json\/wp\/v2\/posts\/63110\/revisions"}],"wp:featuredmedia":[{"embeddable":true,"href":"https:\/\/www.europesays.com\/no\/wp-json\/wp\/v2\/media\/63111"}],"wp:attachment":[{"href":"https:\/\/www.europesays.com\/no\/wp-json\/wp\/v2\/media?parent=63110"}],"wp:term":[{"taxonomy":"category","embeddable":true,"href":"https:\/\/www.europesays.com\/no\/wp-json\/wp\/v2\/categories?post=63110"},{"taxonomy":"post_tag","embeddable":true,"href":"https:\/\/www.europesays.com\/no\/wp-json\/wp\/v2\/tags?post=63110"}],"curies":[{"name":"wp","href":"https:\/\/api.w.org\/{rel}","templated":true}]}}