{"id":63112,"date":"2025-10-17T16:16:09","date_gmt":"2025-10-17T16:16:09","guid":{"rendered":"https:\/\/www.europesays.com\/no\/63112\/"},"modified":"2025-10-17T16:16:09","modified_gmt":"2025-10-17T16:16:09","slug":"to-tenaringer-siktet-for-a-planlegge-alvorlig-kriminell-handling","status":"publish","type":"post","link":"https:\/\/www.europesays.com\/no\/63112\/","title":{"rendered":"To ten\u00e5ringer siktet for \u00e5 planlegge alvorlig kriminell handling"},"content":{"rendered":"\n<p class=\"_lead_o9xde_2 _lead_xtcu6_50 layout-component text-serif-m layout-normal text-serif-l layout-component layout-wide layout-padded _wide_17hqh_1 layout-padded\">Politiet frykter de kan v\u00e6re del av kriminelt nettverk. <\/p>\n<p> Oppdatert fredag 17. oktober kl. 14:40     <img decoding=\"async\" alt=\"Bilde av Else Lokna\" class=\"_image_ygndg_42\" height=\"53\" itemprop=\"image\" loading=\"lazy\"  src=\"https:\/\/www.europesays.com\/no\/wp-content\/uploads\/2025\/10\/5bd70e2d-3efa-401d-bb8c-b6c2ba376155\"  width=\"40\"\/><strong class=\"_name_ygndg_51 title-serif-xs\">Else Lokna<\/strong><\/p>\n<p class=\"_paragraph_o9xde_4 text-sans-m _description_ygndg_56\">Politiadvokat i S\u00f8r-Vest politidistrikt<\/p>\n<p class=\"_paragraph_o9xde_4 _paragraph_xtcu6_10 layout-component text-serif-m layout-normal text-serif-m layout-padded\">En 17 og 16 \u00e5r gammel gutt er p\u00e5grepet og siktet for forbund om fremkalling av fare for allmennheten.<\/p>\n<p class=\"_paragraph_o9xde_4 _paragraph_xtcu6_10 layout-component text-serif-m layout-normal text-serif-m layout-padded\">Politiet mener de to har inng\u00e5tt en avtale om \u00e5 beg\u00e5 et alvorlig straffbart forhold et annet sted i landet. Guttene ble p\u00e5grepet p\u00e5 Haugalandet onsdag denne uken og har tilh\u00f8righet p\u00e5 Haugalandet og i Sunnhordland.<\/p>\n<p class=\"_paragraph_o9xde_4 _paragraph_xtcu6_10 layout-component text-serif-m layout-normal text-serif-m layout-padded\">\u2013 De er siktet p\u00e5 bakgrunn av at politiet mener at de har inng\u00e5tt en avtale om \u00e5 beg\u00e5 et alvorlig straffbart forhold et annet sted i landet, sier politiadvokat Else Lokna.<\/p>\n<p class=\"_paragraph_o9xde_4 _paragraph_xtcu6_10 layout-component text-serif-m layout-normal text-serif-m layout-padded\"><strong class=\"_strong_o9xde_25\">\u2013 Det er 2\u20133 uker siden avtalen ble inng\u00e5tt, if\u00f8lge henne. <\/strong><\/p>\n<p class=\"_paragraph_o9xde_4 _paragraph_xtcu6_10 layout-component text-serif-m layout-normal text-serif-m layout-padded\">Lokna vil ikke g\u00e5 n\u00e6rmere inn p\u00e5 n\u00e5r de kriminelle handlingene skulle skje. <\/p>\n<p class=\"_paragraph_o9xde_4 _paragraph_xtcu6_10 layout-component text-serif-m layout-normal text-serif-m layout-padded\">Begge de to er avh\u00f8rt av politiet. <\/p>\n<p class=\"_paragraph_o9xde_4 _paragraph_xtcu6_10 layout-component text-serif-m layout-normal text-serif-m layout-padded\">\u2013 Ingen av de erkjenner straffskyld og avviser at de har v\u00e6rt en del av noen avtale. <\/p>\n<p class=\"_paragraph_o9xde_4 _paragraph_xtcu6_10 layout-component text-serif-m layout-normal text-serif-m layout-padded\">Hun sier at de 16- og 17-\u00e5ringen ble p\u00e5grepet onsdag denne uken. Dette er kjenninger for politiet, sier Lokna. <\/p>\n<p class=\"_paragraph_o9xde_4 _paragraph_xtcu6_10 layout-component text-serif-m layout-normal text-serif-m layout-padded\">\u2013 Avtalen ble inng\u00e5tt for en stund siden og p\u00e5gripelsen skjedde n\u00e5. S\u00e5 vi vil ikke si at dette direkte var med \u00e5 av avverge noe. <\/p>\n<p class=\"_paragraph_o9xde_4 _paragraph_xtcu6_10 layout-component text-serif-m layout-normal text-serif-m layout-padded\">P\u00e5 sp\u00f8rsm\u00e5l om de etterforsker tilknytning til det svenske nettverket Foxtrot svarer hun: <\/p>\n<p class=\"_paragraph_o9xde_4 _paragraph_xtcu6_10 layout-component text-serif-m layout-normal text-serif-m layout-padded\">\u2013 Vi etterforsker forbindelse med kriminelle nettverk. Det er en del av det. <\/p>\n<p>Erkjenner ikke straffskyld<\/p>\n<p class=\"_paragraph_o9xde_4 _paragraph_xtcu6_10 layout-component text-serif-m layout-normal text-serif-m layout-padded\">Advokat Helene Haugland, forsvarer for 17-\u00e5ringen, \u00f8nsker ikke \u00f8nsker \u00e5 kommentere siktelsen overfor VG.<\/p>\n<p class=\"_paragraph_o9xde_4 _paragraph_xtcu6_10 layout-component text-serif-m layout-normal text-serif-m layout-padded\">Forsvarer for 16-\u00e5ringen, advokat Harald S\u00f8nden\u00e5 Jacobsen, sier at hans klient stiller seg uforst\u00e5ende til anklagene:<\/p>\n<p class=\"_paragraph_o9xde_4 _paragraph_xtcu6_10 layout-component text-serif-m layout-normal text-serif-m layout-padded\">\u2013 Han stiller seg uforst\u00e5ende til anklagene som er rettet mot ham og at han derfor ikke har erkjent straffskyld i avh\u00f8r, sier Harald S\u00f8nden\u00e5 Jacobsen til VG.<\/p>\n<p>Vareteksfengslet i \u00e9n uke<\/p>\n<p class=\"_paragraph_o9xde_4 _paragraph_xtcu6_10 layout-component text-serif-m layout-normal text-serif-m layout-padded\">Politiet har beslaglagt elektroniske enheter og jobber n\u00e5 med \u00e5 gjennomg\u00e5 disse. Lokna \u00f8nsker ikke \u00e5 g\u00e5 inn p\u00e5 hvor i landet de to hadde planlagt \u00e5 gjennomf\u00f8re den kriminelle handlingen eller hva handlingen innebar.<\/p>\n<p class=\"_paragraph_o9xde_4 _paragraph_xtcu6_10 layout-component text-serif-m layout-normal text-serif-m layout-padded\">P\u00e5talemyndigheten ba om to ukers varetektsfengsling, men retten satte fengslingsperioden til en uke med brev- og bes\u00f8ksforbud p\u00e5 grunn av blant annet bevisforspillelsesfare. Begge har gitt en innledende forklaring, men erkjenner ikke straffskyld.<\/p>\n<p class=\"_paragraph_o9xde_4 _paragraph_xtcu6_10 layout-component text-serif-m layout-normal text-serif-m layout-padded\">\u2013 Et sentralt form\u00e5l med etterforskningen er \u00e5 unders\u00f8ke om de to siktede er en del av et kriminelt nettverk. Vi kan ikke utelukke flere p\u00e5gripelser i saken, sier Lokna.<\/p>\n<p class=\"_paragraph_o9xde_4 _paragraph_xtcu6_10 layout-component text-serif-m layout-normal text-serif-m layout-padded\">Politiet vil fortsette med gjennomgang av beslag og avh\u00f8r av vitner og andre involverte.<\/p>\n<p>    <img decoding=\"async\" alt=\"Tips oss illustrasjon\" width=\"62px\" height=\"auto\" src=\"https:\/\/www.europesays.com\/no\/wp-content\/uploads\/2025\/08\/1754784428_95_W9avJzE.png\"\/>    <\/p>\n<p class=\"title-serif-s\">Har du tips til oss?<\/p>\n<p class=\"text-sans-m\">Send oss informasjon, bilder eller video<\/p>\n<p>  <a href=\"https:\/\/www.vg.no\/tips-oss\" rel=\"nofollow noopener\" target=\"_blank\"> Tips oss <\/a>      <\/p>\n","protected":false},"excerpt":{"rendered":"Politiet frykter de kan v\u00e6re del av kriminelt nettverk. Oppdatert fredag 17. oktober kl. 14:40 Else Lokna Politiadvokat&hellip;\n","protected":false},"author":2,"featured_media":63113,"comment_status":"","ping_status":"","sticky":false,"template":"","format":"standard","meta":{"footnotes":""},"categories":[12],"tags":[31,20,21,24,25,15,3881,22,23,13,30,28,29,14,16,26,27,42,43,44,45],"class_list":{"0":"post-63112","1":"post","2":"type-post","3":"status-publish","4":"format-standard","5":"has-post-thumbnail","7":"category-verden","8":"tag-breaking","9":"tag-breaking-news","10":"tag-breakingnews","11":"tag-featured-news","12":"tag-featurednews","13":"tag-headlines","14":"tag-kriminelle-nettverk","15":"tag-latest-news","16":"tag-latestnews","17":"tag-news","18":"tag-no","19":"tag-norge","20":"tag-norway","21":"tag-nyheter","22":"tag-overskrifter","23":"tag-top-stories","24":"tag-topstories","25":"tag-verden","26":"tag-world","27":"tag-world-news","28":"tag-worldnews"},"share_on_mastodon":{"url":"","error":""},"_links":{"self":[{"href":"https:\/\/www.europesays.com\/no\/wp-json\/wp\/v2\/posts\/63112","targetHints":{"allow":["GET"]}}],"collection":[{"href":"https:\/\/www.europesays.com\/no\/wp-json\/wp\/v2\/posts"}],"about":[{"href":"https:\/\/www.europesays.com\/no\/wp-json\/wp\/v2\/types\/post"}],"author":[{"embeddable":true,"href":"https:\/\/www.europesays.com\/no\/wp-json\/wp\/v2\/users\/2"}],"replies":[{"embeddable":true,"href":"https:\/\/www.europesays.com\/no\/wp-json\/wp\/v2\/comments?post=63112"}],"version-history":[{"count":0,"href":"https:\/\/www.europesays.com\/no\/wp-json\/wp\/v2\/posts\/63112\/revisions"}],"wp:featuredmedia":[{"embeddable":true,"href":"https:\/\/www.europesays.com\/no\/wp-json\/wp\/v2\/media\/63113"}],"wp:attachment":[{"href":"https:\/\/www.europesays.com\/no\/wp-json\/wp\/v2\/media?parent=63112"}],"wp:term":[{"taxonomy":"category","embeddable":true,"href":"https:\/\/www.europesays.com\/no\/wp-json\/wp\/v2\/categories?post=63112"},{"taxonomy":"post_tag","embeddable":true,"href":"https:\/\/www.europesays.com\/no\/wp-json\/wp\/v2\/tags?post=63112"}],"curies":[{"name":"wp","href":"https:\/\/api.w.org\/{rel}","templated":true}]}}