{"id":63118,"date":"2025-10-17T16:19:10","date_gmt":"2025-10-17T16:19:10","guid":{"rendered":"https:\/\/www.europesays.com\/no\/63118\/"},"modified":"2025-10-17T16:19:10","modified_gmt":"2025-10-17T16:19:10","slug":"scholes-og-butt-tror-det-er-umulig-for-ruben-amorim-a-snu-trenden","status":"publish","type":"post","link":"https:\/\/www.europesays.com\/no\/63118\/","title":{"rendered":"Scholes og Butt tror det er umulig for R\u00faben Amorim \u00e5 snu trenden"},"content":{"rendered":"\n<p class=\"_lead_o9xde_2 _lead_xtcu6_50 layout-component text-serif-m layout-normal text-serif-l layout-component layout-wide layout-padded _wide_17hqh_1 layout-padded\">Klubbheltene Paul Scholes og Nicky Butt tror det er umulig for Ruben Amorim \u00e5 snu Manchester United-trenden. <\/p>\n<p><img alt=\"Manchester United-manager Ruben Amorim er under press. Foto: PETER POWELL \/ EPA \/ NTB\" class=\"_image_qp4xg_65 layout-component layout-wide\" data-fullscreen- data-track-element-type=\"Article image fullscreen\" data-track-name=\"ImageFullscreen\" fetchpriority=\"high\" decoding=\"sync\" loading=\"eager\" height=\"955\" itemprop=\"image\"  src=\"https:\/\/www.europesays.com\/no\/wp-content\/uploads\/2025\/10\/e08235d9-5071-4cc5-80b2-aeb86c3fc600\"  style=\"object-position:0% 0%\" width=\"1237\"\/>Manchester United-manager Ruben Amorim er under press. Foto: PETER POWELL \/ EPA \/ NTB<\/p>\n<ul aria-hidden=\"true\" class=\"_images_18f0k_111\">\n<li><a class=\"_link_18f0k_116\" href=\"https:\/\/www.vg.no\/forfatter\/herman-folvik\" style=\"z-index:1\" title=\"Herman Folvik\" rel=\"nofollow noopener\" target=\"_blank\"><img alt=\"Bilde av Herman Folvik\" class=\"_image_18f0k_93\" fetchpriority=\"low\" loading=\"lazy\" decoding=\"async\" itemprop=\"image\"  src=\"https:\/\/www.europesays.com\/no\/wp-content\/uploads\/2025\/10\/1760717949_374_b8d5eb91-9fa9-460c-b9f0-da310ffe35dd\"  width=\"480\"\/><\/a><\/li>\n<\/ul>\n<p> Oppdatert fredag 17. oktober kl. 17:13    <\/p>\n<ul class=\"_list_o9xde_3 _list_64s2r_85 _unordered_o9xde_106 text-sans-m\">\n<li class=\"_item_o9xde_30\">Paul Scholes og Nicky Butt tror ikke Ruben Amorim kan snu trenden i Manchester United.<\/li>\n<li class=\"_item_o9xde_30\">Butt sier selvtilliten er s\u00e5 lav at spillerne er livredde for \u00e5 f\u00e5 ballen.<\/li>\n<li class=\"_item_o9xde_30\">Jamie Carragher sp\u00e5dde nylig at Amorim f\u00e5r sparken f\u00f8r jul.<\/li>\n<li class=\"_item_o9xde_30\">Scholes og Butt kritiserer klubbens tap av identitet og d\u00e5rlige spillerkj\u00f8p.<\/li>\n<\/ul>\n<p>Vis mer <\/p>\n<p class=\"_paragraph_o9xde_4 _paragraph_xtcu6_10 layout-component text-serif-m layout-normal text-serif-m layout-padded\">\u2013 Akkurat n\u00e5 er selvtilliten s\u00e5 lav at de er livredde for \u00e5 f\u00e5 ballen i beina, sier Butt if\u00f8lge storavisen The Times. <\/p>\n<p class=\"_paragraph_o9xde_4 _paragraph_xtcu6_10 layout-component text-serif-m layout-normal text-serif-m layout-padded\">Etter stor suksess med Sporting Lisboa i Portugal tok <a href=\"https:\/\/www.vg.no\/tag\/ruben-amorim?utm_source=vg-article&amp;utm_medium=auto-tagger&amp;utm_campaign=Gyo4Rm\" class=\"_link_o9xde_39\" rel=\"nofollow noopener\" target=\"_blank\">R\u00faben Amorim<\/a> over som hovedtrener i Manchester United i november 2024, p\u00e5 en kontrakt som varer til sommeren 2027 med opsjon p\u00e5 ett \u00e5r til. <\/p>\n<ul class=\"_list_o9xde_3 _list_xtcu6_9 _unordered_o9xde_106 layout-component text-serif-m layout-normal text-serif-m layout-padded\">\n<li class=\"_item_o9xde_30\"><strong class=\"_strong_o9xde_25\">VGLive s\u00f8ndag kl. 17.30: <\/strong><a href=\"https:\/\/vglive.vg.no\/kamp\/liverpool-manchester-united\/699315\/rapport\" class=\"_link_o9xde_39\" rel=\"nofollow noopener\" target=\"_blank\">F\u00f8lg Liverpool-Manchester United her<\/a><\/li>\n<\/ul>\n<p class=\"_paragraph_o9xde_4 _paragraph_xtcu6_10 layout-component text-serif-m layout-normal text-serif-m layout-padded\">Hittil har det v\u00e6rt ustabile resultater og presset er stort p\u00e5 portugiseren. Nylig sp\u00e5dde Jamie Carragher, tidligere Liverpool-bauta og en av de mest markante TV-ekspertene i England, at Amorim f\u00e5r sparken f\u00f8r jul.<\/p>\n<p class=\"_paragraph_o9xde_4 _paragraph_xtcu6_10 layout-component text-serif-m layout-normal text-serif-m layout-padded\">\u2013 Amorims oppsigelse kommer f\u00f8r eller siden. Jeg kan ikke se at det snur, sier Butt. <\/p>\n<p><img alt=\"Ole Gunnar Solskj\u00e6r feirer her et m\u00e5l med Nicky Butt og Paul Scholes i 2\u20132-kampen mot Bayer Leverkusen i 2002. I bakgrunn Juan Sebastian Veron og i forgrunn Ryan Giggs.   Foto: Erik Hannemann \/ VG\" class=\"_image_qp4xg_65 layout-component layout-normal\" data-fullscreen- data-track-element-type=\"Article image fullscreen\" data-track-name=\"ImageFullscreen\" decoding=\"async\" loading=\"lazy\" height=\"888\" itemprop=\"image\"  src=\"https:\/\/www.europesays.com\/no\/wp-content\/uploads\/2025\/10\/553195df-6d5f-4fce-98f8-20e401d8055d\"  style=\"object-position:0% 0%\" width=\"1099\"\/>Ole Gunnar Solskj\u00e6r feirer her et m\u00e5l med Nicky Butt og Paul Scholes i 2\u20132-kampen mot Bayer Leverkusen i 2002. I bakgrunn Juan Sebastian Veron og i forgrunn Ryan Giggs.   Foto: Erik Hannemann \/ VG<\/p>\n<p class=\"_paragraph_o9xde_4 _paragraph_xtcu6_10 layout-component text-serif-m layout-normal text-serif-m layout-padded\">Butt og Scholes har ikke tro p\u00e5 3\u20134\u20132\u20131-systemet til Amorim. <\/p>\n<p class=\"_paragraph_o9xde_4 _paragraph_xtcu6_10 layout-component text-serif-m layout-normal text-serif-m layout-padded\">\u2013 Han har g\u00e5tt s\u00e5 langt n\u00e5 at han ikke kan snu, sier Butt og legger til: <\/p>\n<p class=\"_paragraph_o9xde_4 _paragraph_xtcu6_10 layout-component text-serif-m layout-normal text-serif-m layout-padded\">\u2013 Han virker helt besatt av \u00e5 spille p\u00e5 denne m\u00e5ten, og hvis han fortsetter uten \u00e5 vinne kamper, f\u00e5r han ikke sjansen til \u00e5 fortsette. Da er han ferdig, det er faktum. <\/p>\n<p>Dette er Scholes og Butt<\/p>\n<ul class=\"_list_o9xde_3 _list_xtcu6_9 _list_16v91_9 _unordered_o9xde_106 layout-component text-serif-m layout-normal text-sans-m layout-padded\">\n<li class=\"_item_o9xde_30\"><strong class=\"_strong_o9xde_25\">Paul Scholes (f. 1974)<\/strong> og <strong class=\"_strong_o9xde_25\">Nicky Butt (f. 1975)<\/strong> er begge tidligere Manchester United-spillere fra den ber\u00f8mte \u00abClass of \u201992\u00bb-generasjonen.<\/li>\n<li class=\"_item_o9xde_30\">Vant en rekke trofeer under Sir Alex Ferguson, inkludert Champions League i 1999, samt flere Premier League-titler.<\/li>\n<li class=\"_item_o9xde_30\">Scholes spilte over 700 kamper for United og ble kjent som en av Englands mest teknisk elegante midtbanespillere.<\/li>\n<li class=\"_item_o9xde_30\">Butt var en t\u00f8ff og lojal sentral midtbanespiller med over 350 kamper for klubben, og spilte senere for Newcastle og Birmingham.<\/li>\n<li class=\"_item_o9xde_30\">Etter spillerkarrieren har begge v\u00e6rt involvert i trener- og akademiarbeid \u2014 Butt som leder for United-akademiet (2012\u20132021) og Scholes som trener og ekspertkommentator.<\/li>\n<\/ul>\n<p>Vis mer<\/p>\n<p class=\"_paragraph_o9xde_4 _paragraph_xtcu6_10 layout-component text-serif-m layout-normal text-serif-m layout-padded\">Det smerter for Paul Scholes \u00e5 kritisere Amorim, fordi han mener Manchester Uniteds problemer stikker enda dypere enn hvem som er manager, men han konstaterer f\u00f8lgende: <\/p>\n<p class=\"_paragraph_o9xde_4 _paragraph_xtcu6_10 layout-component text-serif-m layout-normal text-serif-m layout-padded\">\u2013 Hvis du ikke vinner kamper, mister du jobben. Det er der vi er n\u00e5, sier Scholes.<\/p>\n<p class=\"_paragraph_o9xde_4 _paragraph_xtcu6_10 layout-component text-serif-m layout-normal text-serif-m layout-padded\">Manchester United-eier Sir Jim Ratcliffe gikk nylig ut og fredet Amorim.<\/p>\n<p class=\"_paragraph_o9xde_4 _paragraph_xtcu6_10 layout-component text-serif-m layout-normal text-serif-m layout-padded\">\u2013 Det er veldig godt \u00e5 h\u00f8re det p\u00e5 grunn av st\u00f8yen fra utsiden. Han forteller meg det samme hele tiden, sier Amorim p\u00e5 en pressekonferanse fredag.<\/p>\n<p>R\u00faben Amorim i Manchester United  <\/p>\n<ul class=\"_list_o9xde_3 _list_xtcu6_9 _list_16v91_9 _unordered_o9xde_106 layout-component text-serif-m layout-normal text-sans-m layout-padded\">\n<li class=\"_item_o9xde_30\"><strong class=\"_strong_o9xde_25\">Ansatt:<\/strong> 11. november 2024<br \/>Portugiseren tok over etter Erik ten Hag p\u00e5 en kontrakt til sommeren 2027 (med opsjon p\u00e5 ett \u00e5r).<\/li>\n<li class=\"_item_o9xde_30\"><strong class=\"_strong_o9xde_25\">Starten:<\/strong> Fikk en lovende \u00e5pning med 4\u20130-seier over Everton og en sterk derbytriumf mot City i desember.<\/li>\n<li class=\"_item_o9xde_30\"><strong class=\"_strong_o9xde_25\">Sesongen 2024\/25:<\/strong> United endte p\u00e5 <strong class=\"_strong_o9xde_25\">15. plass i Premier League<\/strong> og tapte <strong class=\"_strong_o9xde_25\">Europa League-finalen mot Tottenham<\/strong>.<\/li>\n<li class=\"_item_o9xde_30\"><strong class=\"_strong_o9xde_25\">Kritikken:<\/strong> Har f\u00e5tt hard medfart for systemet sitt (3\u20134\u20132\u20131), svak poengfangst og manglende identitet i spillet.<\/li>\n<\/ul>\n<p>Vis mer<\/p>\n<p class=\"_paragraph_o9xde_4 _paragraph_xtcu6_10 layout-component text-serif-m layout-normal text-serif-m layout-padded\">Den tidligere midtbane-duoen Scholes og Butt, som har startet podkasten \u00abThe Good, The Bad &amp; The Football\u00bb opplever at en rekke andre ting ogs\u00e5 er galt med United:<\/p>\n<ul class=\"_list_o9xde_3 _list_xtcu6_9 _unordered_o9xde_106 layout-component text-serif-m layout-normal text-serif-m layout-padded\">\n<li class=\"_item_o9xde_30\"><strong class=\"_strong_o9xde_25\">Tap av identitet:<\/strong> Scholes og Butt mener United har mistet klubbens tradisjonelle DNA og kultur \u2013 det er f\u00e5 igjen som virkelig forst\u00e5r hva det betyr \u00e5 v\u00e6re en Manchester United-spiller.<\/li>\n<li class=\"_item_o9xde_30\"><strong class=\"_strong_o9xde_25\">\u00abCity-fisering\u00bb av klubben:<\/strong> De reagerer kraftig p\u00e5 at mange tidligere Manchester City-ansatte har f\u00e5tt n\u00f8kkelroller i UnitedManchester City-ansatte har f\u00e5tt n\u00f8kkelroller i United[fotballdirekt\u00f8r] Jason Wilcox og [daglig leder] Omar Berrada., og mener klubben er i ferd med \u00e5 kopiere en rival i stedet for \u00e5 bygge p\u00e5 egne verdier.<\/li>\n<li class=\"_item_o9xde_30\"><strong class=\"_strong_o9xde_25\">Svak utvikling i akademiet:<\/strong> Butt kritiserer ungdomsakademiet for \u00e5 vektlegge \u00abopplevelse\u00bb fremfor vinnermentalitet. Han mener unge spillere ikke l\u00e6res opp til \u00e5 vinne \u2013 og at dette undergraver klubbens fremtid.<\/li>\n<li class=\"_item_o9xde_30\"><strong class=\"_strong_o9xde_25\">Feil p\u00e5 overgangsmarkedet:<\/strong> Duoen peker p\u00e5 flere d\u00e5rlige spillerkj\u00f8p og mener United har betalt for mye for spillere som Casemiro og Ugarte, samtidig som de har solgt lojale spillere som Scott McTominay for billig.<\/li>\n<li class=\"_item_o9xde_30\"><strong class=\"_strong_o9xde_25\">Fysiske og sportslige svakheter:<\/strong> Scholes mener flere etablerte spillere, som Harry Maguire, Luke Shaw og Casemiro, ikke lenger holder det \u00f8verste Premier League-niv\u00e5et \u2013 de mangler fart, styrke og intensitet sammenlignet med konkurrentene.<\/li>\n<\/ul>\n","protected":false},"excerpt":{"rendered":"Klubbheltene Paul Scholes og Nicky Butt tror det er umulig for Ruben Amorim \u00e5 snu Manchester United-trenden. Manchester&hellip;\n","protected":false},"author":2,"featured_media":63119,"comment_status":"","ping_status":"","sticky":false,"template":"","format":"standard","meta":{"footnotes":""},"categories":[59],"tags":[158,30,28,29,161,192,83,82],"class_list":{"0":"post-63118","1":"post","2":"type-post","3":"status-publish","4":"format-standard","5":"has-post-thumbnail","7":"category-sport","8":"tag-manchester-united","9":"tag-no","10":"tag-norge","11":"tag-norway","12":"tag-premier-league","13":"tag-ruben-amorim","14":"tag-sport","15":"tag-sports"},"share_on_mastodon":{"url":"","error":""},"_links":{"self":[{"href":"https:\/\/www.europesays.com\/no\/wp-json\/wp\/v2\/posts\/63118","targetHints":{"allow":["GET"]}}],"collection":[{"href":"https:\/\/www.europesays.com\/no\/wp-json\/wp\/v2\/posts"}],"about":[{"href":"https:\/\/www.europesays.com\/no\/wp-json\/wp\/v2\/types\/post"}],"author":[{"embeddable":true,"href":"https:\/\/www.europesays.com\/no\/wp-json\/wp\/v2\/users\/2"}],"replies":[{"embeddable":true,"href":"https:\/\/www.europesays.com\/no\/wp-json\/wp\/v2\/comments?post=63118"}],"version-history":[{"count":0,"href":"https:\/\/www.europesays.com\/no\/wp-json\/wp\/v2\/posts\/63118\/revisions"}],"wp:featuredmedia":[{"embeddable":true,"href":"https:\/\/www.europesays.com\/no\/wp-json\/wp\/v2\/media\/63119"}],"wp:attachment":[{"href":"https:\/\/www.europesays.com\/no\/wp-json\/wp\/v2\/media?parent=63118"}],"wp:term":[{"taxonomy":"category","embeddable":true,"href":"https:\/\/www.europesays.com\/no\/wp-json\/wp\/v2\/categories?post=63118"},{"taxonomy":"post_tag","embeddable":true,"href":"https:\/\/www.europesays.com\/no\/wp-json\/wp\/v2\/tags?post=63118"}],"curies":[{"name":"wp","href":"https:\/\/api.w.org\/{rel}","templated":true}]}}