{"id":63194,"date":"2025-10-17T18:10:22","date_gmt":"2025-10-17T18:10:22","guid":{"rendered":"https:\/\/www.europesays.com\/no\/63194\/"},"modified":"2025-10-17T18:10:22","modified_gmt":"2025-10-17T18:10:22","slug":"bjarte-hjelmeland-og-lars-erik-syversen-feirer-forlovelse","status":"publish","type":"post","link":"https:\/\/www.europesays.com\/no\/63194\/","title":{"rendered":"Bjarte Hjelmeland og Lars-Erik Syversen feirer forlovelse"},"content":{"rendered":"<p class=\"kicker \" style=\"\">Bjarte Hjelmeland feiret forlovelsen<\/p>\n<p>  Det er fem \u00e5r siden de ble truffet av Amors piler \u2013 og kj\u00e6rligheten blomstrer som aldri f\u00f8r!<\/p>\n<p>\n    FORLOVET: Bjarte Hjelmeland og Lars-Erik Syversen n\u00f8t hvert sekund av \u00e5rets Wallmans-show.\n  <\/p>\n<p>N\u00e5r Skandinavias ledende dinnershow inviterer til fest, er ikke kjendisene vonde \u00e5 be. P\u00e5 menyen st\u00e5r nemlig en uts\u00f8kt fire-retters middag og forrykende shownumre \u2013 alt servert av kveldens artister! <\/p>\n<p>          <img loading=\"lazy\" decoding=\"async\" src=\"https:\/\/www.europesays.com\/no\/wp-content\/uploads\/2025\/10\/83725336.webp\" width=\"686\" height=\"762\" title=\"KOS: Musikalstjernen Espen Grjotheim og datteren Frida koste seg sammen. \u2013 Det er f\u00f8rste gang Frida er med, men hun ble veldig imponert over det hun fikk se og h\u00f8re, sier Espen.\" alt=\"\" class=\"\" style=\"--aspect-ratio-image: 0.90; \"\/><\/p>\n<p>\n          KOS: Musikalstjernen Espen Grjotheim og datteren Frida koste seg sammen. \u2013 Det er f\u00f8rste gang Frida er med, men hun ble veldig imponert over det hun fikk se og h\u00f8re, sier Espen.\n      <\/p>\n<p>Det kan ogs\u00e5 v\u00e6re en perfekt anledning til \u00e5 feire en begivenhet, og for nyforlovede <a href=\"https:\/\/www.seher.no\/kjendis\/jeg-er-veldig-stolt\/82608338\" rel=\"nofollow noopener\" target=\"_blank\">Bjarte Hjelmeland<\/a> (55) og Lars-Erik Syversen (30) ble \u00e5rets Wallmans-opplevelse selve prikken over i&#8217;en!<\/p>\n<p>          <img loading=\"lazy\" decoding=\"async\" src=\"https:\/\/www.europesays.com\/no\/wp-content\/uploads\/2025\/10\/83725338.webp\" width=\"686\" height=\"803\" title=\"HYGGE: Matinfluenser Emilie Voe Nereng (29) og Michael Hansson (34) str\u00e5lte av lykke. De giftet seg i sommer i et romantisk bryllup i Kroatia.\" alt=\"\" class=\"\" style=\"--aspect-ratio-image: 0.85; \"\/><\/p>\n<p>\n          HYGGE: Matinfluenser Emilie Voe Nereng (29) og Michael Hansson (34) str\u00e5lte av lykke. De giftet seg i sommer i et romantisk bryllup i Kroatia.\n      <\/p>\n<p>\u2013 Vi forlovet oss p\u00e5 Lars-Eriks 30-\u00e5rsdag, og i dag tar vi en \u00abutvidet\u00bb feiring her p\u00e5 Wallmans, str\u00e5ler en forelsket Bjarte p\u00e5 r\u00f8d l\u00f8per.<\/p>\n<p>        TAR TIL T\u00c5RENE: Prins William tar til t\u00e5rene under emosjonelt intervju. Video: BBC\/ R\u00f8d L\u00f8per<\/p>\n<p>Det er fire \u00e5r siden Se og H\u00f8r kunne avsl\u00f8re at den popul\u00e6re skuespilleren hadde funnet kj\u00e6rligheten med den 25 \u00e5r yngre sykepleieren Lars-Erik.\u00a0<\/p>\n<p>Da hadde de allerede v\u00e6rt sammen et \u00e5r. N\u00e5 har alts\u00e5 turtelduene formalisert forholdet, og \u00abrykket opp\u00bb en klasse.<\/p>\n<p>          <img loading=\"lazy\" decoding=\"async\" src=\"https:\/\/www.europesays.com\/no\/wp-content\/uploads\/2025\/10\/83725369.webp\" width=\"686\" height=\"981\" title=\"FASTE GJESTER: \u00abSkal vi danse\u00bb-dommer Merete M\u00f8rk Lingj\u00e6rde (63) stilte elegant p\u00e5 r\u00f8d l\u00f8per med husbond Anders Lingj\u00e6rde M\u00f8rk (60).\" alt=\"\" class=\"\" style=\"--aspect-ratio-image: 0.70; \"\/><\/p>\n<p>\n          FASTE GJESTER: \u00abSkal vi danse\u00bb-dommer Merete M\u00f8rk Lingj\u00e6rde (63) stilte elegant p\u00e5 r\u00f8d l\u00f8per med husbond Anders Lingj\u00e6rde M\u00f8rk (60).\n      <\/p>\n<p>\u2013 Vi koser oss veldig sammen, og det f\u00f8les fint \u00e5 kunne omtale Lars-Erik som \u00abmin forlovede\u00bb, sier Bjarte med et smil. <\/p>\n<p>Selve forlovelsen ble en fin opplevelse, forteller de.<\/p>\n<p>          <img loading=\"lazy\" decoding=\"async\" src=\"https:\/\/www.europesays.com\/no\/wp-content\/uploads\/2025\/10\/83725377.webp\" width=\"686\" height=\"728\" title=\"SPENT: Krimforfatter J\u00f8rn Lier Horst (55) og kona Beate (54) s\u00e5 spent fram til show p\u00e5 Wallmans. \u2013 Her er det full pakke, med mat og show av h\u00f8y klasse, sier J\u00f8rn, som for tiden er en del av ekspertpanelet i \u00ab\u00c5sted Norge\u00bb p\u00e5 TV 2.\" alt=\"\" class=\"\" style=\"--aspect-ratio-image: 0.94; \"\/><\/p>\n<p>\n          SPENT: Krimforfatter J\u00f8rn Lier Horst (55) og kona Beate (54) s\u00e5 spent fram til show p\u00e5 Wallmans. \u2013 Her er det full pakke, med mat og show av h\u00f8y klasse, sier J\u00f8rn, som for tiden er en del av ekspertpanelet i \u00ab\u00c5sted Norge\u00bb p\u00e5 TV 2.\n      <\/p>\n<p>\u2013 Det var en markering av at det er \u00aboss for livet\u00bb, der vi ga hverandre lovnader. Det er noe ekstra symbolsk i det \u00e5 v\u00e6re forlovet, mener paret, som forel\u00f8pig ikke har planer om \u00e5 ta det enda et skritt videre. <\/p>\n<p>        KLAR TALE: Atle Antonsen blir stilt til veggs om hans eget alkoholforbruk, n\u00e5r \u00abA-laget\u00bb-reporterne tar opp den mye omtalte Bar Boca-hendelsen. Video: \u00abA-laget\u00bb\/ NRK TV<\/p>\n<p>\u2013 Bryllup og s\u00e5nt maser vi ikke med n\u00e5. Det f\u00e5r vente, sier de og blunker.<\/p>\n<p>          <img loading=\"lazy\" decoding=\"async\" src=\"https:\/\/www.europesays.com\/no\/wp-content\/uploads\/2025\/10\/83725383.webp\" width=\"686\" height=\"920\" title=\"FJONGE: Lilli Bendriss og Trine Lise Olsen stilte i sine fineste kreasjoner. \u2013 Vi er s\u00e5 glade for \u00e5 v\u00e6re en del av Wallmans helsefremmende meny \u2013 med mat, musikk og artisteri av ypperste kvalitet! sier de.\" alt=\"\" class=\"\" style=\"--aspect-ratio-image: 0.75; \"\/><\/p>\n<p>\n          FJONGE: Lilli Bendriss og Trine Lise Olsen stilte i sine fineste kreasjoner. \u2013 Vi er s\u00e5 glade for \u00e5 v\u00e6re en del av Wallmans helsefremmende meny \u2013 med mat, musikk og artisteri av ypperste kvalitet! sier de.\n      <\/p>\n<p>Musikalstjernen Espen Grjotheim (49) kom til Wallmans gallapremi\u00e8re med h\u00f8ye forventninger \u2013 og eldstedatteren p\u00e5 22.<\/p>\n<p>          <img loading=\"lazy\" decoding=\"async\" src=\"https:\/\/www.europesays.com\/no\/wp-content\/uploads\/2025\/10\/83725396.webp\" width=\"686\" height=\"803\" title=\"MYSTISK PAR: Fotograf Per Heimly (52) kom i f\u00f8lge med modellen og artisten Lariel (31). \u2013 Vi har et samarbeid, og gj\u00f8r noen artige prosjekter sammen, sier en hemmelighetsfull Per til Se og H\u00f8r.\" alt=\"\" class=\"\" style=\"--aspect-ratio-image: 0.85; \"\/><\/p>\n<p>\n          MYSTISK PAR: Fotograf Per Heimly (52) kom i f\u00f8lge med modellen og artisten Lariel (31). \u2013 Vi har et samarbeid, og gj\u00f8r noen artige prosjekter sammen, sier en hemmelighetsfull Per til Se og H\u00f8r.\n      <\/p>\n<p>\u2013 Frida er min date for kvelden! sier Espen stolt.\u00a0<\/p>\n<p>        NEI TAKK: Frieren fors\u00f8ker \u00e5 sette inn st\u00f8tet p\u00e5 \u00abJakten\u00bb-bonden Cornelia, men det g\u00e5r ikke helt som planlagt. Video: \u00abJakten p\u00e5 kj\u00e6rligheten\u00bb\/ TV 2\/ R\u00f8d L\u00f8per<\/p>\n<p>\u2013 Det er veldig hyggelig \u00e5 ha en datter som er s\u00e5 voksen at jeg kan g\u00e5 ut med henne. Vi har jo en felles interesse for sang og dans og teater, s\u00e5 dette er midt i blinken for oss, forteller firebarnsfaren, som er midt i en jubileums-turn\u00e9 med Secret Garden.\u00a0<\/p>\n<p>I november legger han ut p\u00e5 juleturn\u00e9 med Ole Edvard Antonsen.<\/p>\n<p>          <img loading=\"lazy\" decoding=\"async\" src=\"https:\/\/www.europesays.com\/no\/wp-content\/uploads\/2025\/10\/83725402.webp\" width=\"686\" height=\"879\" title=\"KLARE: Frank L\u00f8ke (45) og Alexandra \u00d8ien (43) kan avsl\u00f8re at de blir \u00e5 se i et \u00abekstremt\u00bb TV-program i mars neste \u00e5r. \u2013 Gjennom opptakene oppdaget vi at vi har mye felles - b\u00e5de humor og trening, forteller de.\" alt=\"\" class=\"\" style=\"--aspect-ratio-image: 0.78; \"\/><\/p>\n<p>\n          KLARE: Frank L\u00f8ke (45) og Alexandra \u00d8ien (43) kan avsl\u00f8re at de blir \u00e5 se i et \u00abekstremt\u00bb TV-program i mars neste \u00e5r. \u2013 Gjennom opptakene oppdaget vi at vi har mye felles &#8211; b\u00e5de humor og trening, forteller de.\n      <\/p>\n<p>Lilli Bendriss og komiker Trine Lise Olsen (49) sprudlet i finstasen p\u00e5 Wallmans 25-\u00e5rsjubileum, og gledet seg som barn til kveldens kulinariske og musikalske h\u00f8ydepunkter.<\/p>\n<p>\u2013 Vi er heldige som f\u00e5r oppleve s\u00e5 dyktige, talentfulle og ukjente artister som deler av sin energi \u2013 mens vi bare kan nyte og ta imot! sier damene ivrig.<\/p>\n<p>          <img loading=\"lazy\" decoding=\"async\" src=\"https:\/\/www.europesays.com\/no\/wp-content\/uploads\/2025\/10\/83725411.webp\" width=\"686\" height=\"995\" title=\"STR\u00c5LTE: Farmen-paret Lene Sleperud og Tonje Fr\u00f8ystad Garvik (36) str\u00e5lte om kapp p\u00e5 r\u00f8d l\u00f8per.\" alt=\"\" class=\"\" style=\"--aspect-ratio-image: 0.69; \"\/><\/p>\n<p>\n          STR\u00c5LTE: Farmen-paret Lene Sleperud og Tonje Fr\u00f8ystad Garvik (36) str\u00e5lte om kapp p\u00e5 r\u00f8d l\u00f8per.\n      <\/p>\n<p>Begge elsker live-konseptet som Wallmans tilbyr, samt det \u00e5 g\u00e5 ut og m\u00f8te folk.<\/p>\n<p>    <a itemprop=\"url\" href=\"https:\/\/www.seher.no\/kjendis\/dangelo-er-dod\/83723747\" rel=\"nofollow noopener\" target=\"_blank\"><\/p>\n<p>      <img loading=\"lazy\" decoding=\"async\" src=\"https:\/\/www.europesays.com\/no\/wp-content\/uploads\/2025\/10\/83723729.webp\" width=\"980\" height=\"441\" title=\"D'Angelo er d\u00f8d\" alt=\"\" class=\"lazyload\" style=\"--aspect-ratio-image: 2.22; \"\/><\/p>\n<p>        D&#8217;Angelo er d\u00f8d<\/p>\n<p>    <\/a><\/p>\n<p>\u2013 I dag kan vi se alt hjemme alene p\u00e5 telefonen, men ingenting overg\u00e5r den gode kraften som bare live-underholdning gir. I tillegg er det s\u00e5 viktig at vi pynter oss, kommer oss ut, m\u00f8ter andre og er sammen, sier damene med ettertrykk.<\/p>\n<p>        AVSL\u00d8RES: \u00abJakten\u00bb-bonden konfronterer frieren med \u00e5 ha sendt en intim foresp\u00f8rsel f\u00f8r innspillingen. Video: TV 2\/ \u00abJakten p\u00e5 kj\u00e6rligheten\u00bb\/ R\u00f8d L\u00f8per<\/p>\n<p>B\u00e5de Lilli og Trine Lise er velsignet med godt hum\u00f8r, og ler godt og h\u00f8yt sammen &#8211; og av hverandre.<\/p>\n<p>\u2013 Hvis jeg h\u00f8rer Lillis latter, s\u00e5 begynner jeg \u00e5 le selv, for hun ler jo s\u00e5 grovt, skratter Trine Lise.<\/p>\n<p>          <img loading=\"lazy\" decoding=\"async\" src=\"https:\/\/www.europesays.com\/no\/wp-content\/uploads\/2025\/10\/83725421.webp\" width=\"686\" height=\"632\" title=\"SVERMER: Christian Ringnes\u2019 kj\u00e6reste Kari-Lena Fl\u00e5ten (52) tiltrakk seg en skokk av kjekker gutter, mens Christian selv var p\u00e5 rypejakt i fjellheimen. (F.v.): Fotograf Per Heimly (52), komiker Zahid Ali (49), partyfikser Ronnie Ottem (45), magiker Alexx Alexxander (40) og tidligere TV 2-journalist Fredrik Gr\u00e6svik (58).\" alt=\"\" class=\"\" style=\"--aspect-ratio-image: 1.09; \"\/><\/p>\n<p>\n          SVERMER: Christian Ringnes\u2019 kj\u00e6reste Kari-Lena Fl\u00e5ten (52) tiltrakk seg en skokk av kjekker gutter, mens Christian selv var p\u00e5 rypejakt i fjellheimen. (F.v.): Fotograf Per Heimly (52), komiker Zahid Ali (49), partyfikser Ronnie Ottem (45), magiker Alexx Alexxander (40) og tidligere TV 2-journalist Fredrik Gr\u00e6svik (58).\n      <\/p>\n<p>\u2013 Og Trine Lise ler s\u00e5 skrikende h\u00f8yt at jeg automatisk ler tilbake, kvitrer Lilli.<\/p>\n<p>        IKKE ET ORD: Et helt spesielt oppdrag fikk kronprinsesse Mette-Marit til \u00e5 gj\u00f8re et unntak n\u00e5r hun er under behandling. Video: H\u00e5vard Bj\u00f8rnerem<\/p>\n<p>N\u00e5r vi sp\u00f8r om de er n\u00e6re venninner, ler de igjen.<\/p>\n<p>\u2013 Vi er festvenninner, men vi er magneter som tiltrekker hverandre, sier de glade damene med en rungende latter.<\/p>\n","protected":false},"excerpt":{"rendered":"Bjarte Hjelmeland feiret forlovelsen Det er fem \u00e5r siden de ble truffet av Amors piler \u2013 og kj\u00e6rligheten&hellip;\n","protected":false},"author":2,"featured_media":63195,"comment_status":"","ping_status":"","sticky":false,"template":"","format":"standard","meta":{"footnotes":""},"categories":[58],"tags":[3082,4104,71,479,30,28,29,72],"class_list":{"0":"post-63194","1":"post","2":"type-post","3":"status-publish","4":"format-standard","5":"has-post-thumbnail","7":"category-underholdning","8":"tag-bjarte-hjelmeland","9":"tag-eksklusivt","10":"tag-entertainment","11":"tag-kjendis","12":"tag-no","13":"tag-norge","14":"tag-norway","15":"tag-underholdning"},"share_on_mastodon":{"url":"","error":""},"_links":{"self":[{"href":"https:\/\/www.europesays.com\/no\/wp-json\/wp\/v2\/posts\/63194","targetHints":{"allow":["GET"]}}],"collection":[{"href":"https:\/\/www.europesays.com\/no\/wp-json\/wp\/v2\/posts"}],"about":[{"href":"https:\/\/www.europesays.com\/no\/wp-json\/wp\/v2\/types\/post"}],"author":[{"embeddable":true,"href":"https:\/\/www.europesays.com\/no\/wp-json\/wp\/v2\/users\/2"}],"replies":[{"embeddable":true,"href":"https:\/\/www.europesays.com\/no\/wp-json\/wp\/v2\/comments?post=63194"}],"version-history":[{"count":0,"href":"https:\/\/www.europesays.com\/no\/wp-json\/wp\/v2\/posts\/63194\/revisions"}],"wp:featuredmedia":[{"embeddable":true,"href":"https:\/\/www.europesays.com\/no\/wp-json\/wp\/v2\/media\/63195"}],"wp:attachment":[{"href":"https:\/\/www.europesays.com\/no\/wp-json\/wp\/v2\/media?parent=63194"}],"wp:term":[{"taxonomy":"category","embeddable":true,"href":"https:\/\/www.europesays.com\/no\/wp-json\/wp\/v2\/categories?post=63194"},{"taxonomy":"post_tag","embeddable":true,"href":"https:\/\/www.europesays.com\/no\/wp-json\/wp\/v2\/tags?post=63194"}],"curies":[{"name":"wp","href":"https:\/\/api.w.org\/{rel}","templated":true}]}}