{"id":63213,"date":"2025-10-17T18:27:14","date_gmt":"2025-10-17T18:27:14","guid":{"rendered":"https:\/\/www.europesays.com\/no\/63213\/"},"modified":"2025-10-17T18:27:14","modified_gmt":"2025-10-17T18:27:14","slug":"jeg-trigger-vel-hele-folelsesregisteret","status":"publish","type":"post","link":"https:\/\/www.europesays.com\/no\/63213\/","title":{"rendered":"\u2013 Jeg trigger vel hele f\u00f8lelsesregisteret"},"content":{"rendered":"\n<ul class=\"_list_o9xde_3 _list_64s2r_85 _unordered_o9xde_106 text-sans-m\">\n<li class=\"_item_o9xde_30\">Katrine Edvardsen fra \u00abVille fristelser\u00bb er oppgitt over TV-seernes harde kritikk mot henne.<\/li>\n<li class=\"_item_o9xde_30\">Hun mener folk m\u00e5 huske at alt handler om TV-underholdning.<\/li>\n<li class=\"_item_o9xde_30\">Realityserien samler 600.000 seere ukentlig, men mange er provosert.<\/li>\n<li class=\"_item_o9xde_30\">Katrine sier hennes virkelige jeg er motsatt av det publikum ser p\u00e5 skjermen.<\/li>\n<\/ul>\n<p>Vis mer <\/p>\n<p class=\"_paragraph_o9xde_4 _paragraph_xtcu6_10 layout-component text-serif-m layout-normal text-serif-m layout-padded\">\u00abHun sutrer\u00bb, \u00aber sytepave\u00bb, \u00abegoist\u00bb og det som verre er, mener oppr\u00f8rte TV-seere om den nye realitykjendisen.<\/p>\n<p class=\"_paragraph_o9xde_4 _paragraph_xtcu6_10 layout-component text-serif-m layout-normal text-serif-m layout-padded\">\u2013 Egentlig m\u00e5 jeg bare le. Men jeg blir redd og bekymret for den norske befolkningen, sier Katrine til VG.<\/p>\n<p class=\"_paragraph_o9xde_4 _paragraph_xtcu6_10 layout-component text-serif-m layout-normal text-serif-m layout-padded\">\u2013 Folk m\u00e5 jo skj\u00f8nne at dette er TV! Jeg er castet for \u00e5 ta fristelser. Men n\u00e5r hele Norge h\u00f8rer meg sutre og forbannes, blir det vel s\u00e5nn. <\/p>\n<p><img alt=\"Katrine Edvardsen og Martin Braut Tjelle i \u00abVille fristelser\u00bb.  Foto: Kingston Yong, Monster\/NRK\" class=\"_image_qp4xg_65 layout-component layout-normal\" data-fullscreen- data-track-element-type=\"Article image fullscreen\" data-track-name=\"ImageFullscreen\" decoding=\"async\" loading=\"lazy\" height=\"1652\" itemprop=\"image\"  src=\"https:\/\/www.europesays.com\/no\/wp-content\/uploads\/2025\/10\/6b690ac2-578c-4228-baa0-bd2bb9c80822\"  style=\"object-position:0% 0%\" width=\"2937\"\/>Katrine Edvardsen og Martin Braut Tjelle i \u00abVille fristelser\u00bb.  Foto: Kingston Yong, Monster\/NRK<\/p>\n<p class=\"_paragraph_o9xde_4 _paragraph_xtcu6_10 layout-component text-serif-m layout-normal text-serif-m layout-padded\">Selv om \u00abVille fristelser\u00bb f\u00e5r hard medfart i sosiale medier, samler realityserien i snitt 600.000 seere hver uke. <\/p>\n<p class=\"_paragraph_o9xde_4 _paragraph_xtcu6_10 layout-component text-serif-m layout-normal text-serif-m layout-padded\">Sv\u00e6rt mange er alts\u00e5 provosert over det de ser p\u00e5 TV. <\/p>\n<p class=\"_paragraph_o9xde_4 _paragraph_xtcu6_10 layout-component text-serif-m layout-normal text-serif-m layout-padded\">Og s\u00e6rlig stor interesse er det for Katrine, som mange mener syter og klager over smerter.<\/p>\n<p class=\"_paragraph_o9xde_4 _paragraph_xtcu6_10 layout-component text-serif-m layout-normal text-serif-m layout-padded\">Katrine styrer helst unna kommentarfelt. Men noen ganger lar hun seg friste \u2013 ogs\u00e5 til det.<\/p>\n<p class=\"_paragraph_o9xde_4 _paragraph_xtcu6_10 layout-component text-serif-m layout-normal text-serif-m layout-padded\">\u2013 Det er flest kvinner 60 pluss som skriver oppgulp. Som regel svarer jeg heller ikke, men iblant m\u00e5 jeg alts\u00e5. Hvis de blir for personlig, s\u00e5 svarer jeg <\/p>\n<p class=\"_paragraph_o9xde_4 _paragraph_xtcu6_10 layout-component text-serif-m layout-normal text-serif-m layout-padded\"><strong class=\"_strong_o9xde_25\">\u2013 Blir du oppriktig redd?<\/strong><\/p>\n<p class=\"_paragraph_o9xde_4 _paragraph_xtcu6_10 layout-component text-serif-m layout-normal text-serif-m layout-padded\">\u2013 Nei, da, jeg st\u00e5r st\u00f8dig i alt dette. Jeg synes mest synd p\u00e5 dem.<\/p>\n<p><img alt=\"Katrine Edvardsen blir oppgitt over hva folk f\u00e5r seg til \u00e5 skrive p\u00e5 nettet.  Foto: Helen Wesnes \/ VG\" class=\"_image_qp4xg_65 layout-component layout-normal\" data-fullscreen- data-track-element-type=\"Article image fullscreen\" data-track-name=\"ImageFullscreen\" decoding=\"async\" loading=\"lazy\" height=\"3389\" itemprop=\"image\"  src=\"https:\/\/www.europesays.com\/no\/wp-content\/uploads\/2025\/10\/3ddbf578-19bf-4df4-b561-d6325af9564c\"  style=\"object-position:0% 0%\" width=\"4209\"\/>Katrine Edvardsen blir oppgitt over hva folk f\u00e5r seg til \u00e5 skrive p\u00e5 nettet.  Foto: Helen Wesnes \/ VG<\/p>\n<p class=\"_paragraph_o9xde_4 _paragraph_xtcu6_10 layout-component text-serif-m layout-normal text-serif-m layout-padded\">Horten-kvinnen, som bor og jobber som eiendomsmegler i Oslo, vet at hun har temperament, \u00aber mye\u00bb og \u00abtar stor plass\u00bb. <\/p>\n<p class=\"_paragraph_o9xde_4 _paragraph_xtcu6_10 layout-component text-serif-m layout-normal text-serif-m layout-padded\">\u2013 Men kan ikke folk bare le? Det er jo derfor vi er der. Uten drama hadde TV-seerne kun sett jungelvandring og t\u00f8rre blader. Men jeg trigger vel hele f\u00f8lelsesregisteret, sier hun og ler.<\/p>\n<p><img alt=\"Katrine Edvardsen forsikrer at hun egentlig er blid det meste av tiden.  Foto: Helen Wesnes \/ VG\" class=\"_image_qp4xg_65 layout-component layout-normal\" data-fullscreen- data-track-element-type=\"Article image fullscreen\" data-track-name=\"ImageFullscreen\" decoding=\"async\" loading=\"lazy\" height=\"3634\" itemprop=\"image\"  src=\"https:\/\/www.europesays.com\/no\/wp-content\/uploads\/2025\/10\/36202559-e4b7-4a4a-ac9e-824bb1ba3043\"  style=\"object-position:0% 0%\" width=\"4822\"\/>Katrine Edvardsen forsikrer at hun egentlig er blid det meste av tiden.  Foto: Helen Wesnes \/ VG<\/p>\n<p class=\"_paragraph_o9xde_4 _paragraph_xtcu6_10 layout-component text-serif-m layout-normal text-serif-m layout-padded\">\u00abVille fristelser\u00bb g\u00e5r ut p\u00e5 at ti nordmenn skal kjempe seg gjennom jungelen p\u00e5 Langkawi, en \u00f8y utenfor Malaysia. Premiepotten er p\u00e5 2,5 millioner kroner, en sum som skal deles p\u00e5 de ti.<\/p>\n<p class=\"_paragraph_o9xde_4 _paragraph_xtcu6_10 layout-component text-serif-m layout-normal text-serif-m layout-padded\"><strong class=\"_strong_o9xde_25\">Men \u2013 allerede i f\u00f8rste episode minsker potten. <\/strong><\/p>\n<p class=\"_paragraph_o9xde_4 _paragraph_xtcu6_10 layout-component text-serif-m layout-normal text-serif-m layout-padded\">Gjengen st\u00f8ter nemlig p\u00e5 elleville, svindyre fristelser underveis, som hotellopphold, taxi, burger og edle dr\u00e5per. F. eks koster \u00e9n \u00f8l 4000 kroner. <\/p>\n<p><img alt=\"Katrine Edvardsen intervjues av NRK i Malaysia f\u00f8r den strabasi\u00f8se ferden.  Foto: Kingston Yong, Monster\/NRK\" class=\"_image_qp4xg_65 layout-component layout-normal\" data-fullscreen- data-track-element-type=\"Article image fullscreen\" data-track-name=\"ImageFullscreen\" decoding=\"async\" loading=\"lazy\" height=\"4950\" itemprop=\"image\"  src=\"https:\/\/www.europesays.com\/no\/wp-content\/uploads\/2025\/10\/f9fbb219-b266-4d08-ac80-dedb4cad2ad9\"  style=\"object-position:0% 0%\" width=\"7425\"\/>Katrine Edvardsen intervjues av NRK i Malaysia f\u00f8r den strabasi\u00f8se ferden.  Foto: Kingston Yong, Monster\/NRK<\/p>\n<p class=\"_paragraph_o9xde_4 _paragraph_xtcu6_10 layout-component text-serif-m layout-normal text-serif-m layout-padded\">Bestemmer \u00e9n \u00e5 trekke seg, koster det 400.000 kroner.<\/p>\n<p class=\"_paragraph_o9xde_4 _paragraph_xtcu6_10 layout-component text-serif-m layout-normal text-serif-m layout-padded\">Og kostnadene trekkes fra potten. Fristes \u00e9n, g\u00e5r det ut over alle. Stemningen deltagerne imellom blir mildt sagt anspent \u2013 til tider krigersk.<\/p>\n<p class=\"_paragraph_o9xde_4 _paragraph_xtcu6_10 layout-component text-serif-m layout-normal text-serif-m layout-padded\"><strong class=\"_strong_o9xde_25\">Som her \u2013 se VGTV:<\/strong><\/p>\n<p class=\"_paragraph_o9xde_4 _paragraph_xtcu6_10 layout-component text-serif-m layout-normal text-serif-m layout-padded\">\u2013 Jeg ble s\u00e5 overrasket over motviljen til \u00e5 bruke penger. Alt handlet om penger, sier Katrine.<\/p>\n<p class=\"_paragraph_o9xde_4 _paragraph_xtcu6_10 layout-component text-serif-m layout-normal text-serif-m layout-padded\">Hun var nemlig blant dem som ga mest etter for fristelsene.<\/p>\n<p class=\"_paragraph_o9xde_4 _paragraph_xtcu6_10 layout-component text-serif-m layout-normal text-serif-m layout-padded\">\u2013 Det er ikke s\u00e5nn at jeg ikke trenger penger. Jeg er alenemor og trenger penger. Men \u2013 n\u00e5r det dukker opp en glamping-seng i jungelen, s\u00e5 sier jeg ja. Dette er jo en opplevelse for livet!<\/p>\n<p><img alt=\"Katrine m\u00f8ter VG i en lunsjpause fra jobben som eiendomsmegler.  Foto: Helen Wesnes \/ VG\" class=\"_image_qp4xg_65 layout-component layout-normal\" data-fullscreen- data-track-element-type=\"Article image fullscreen\" data-track-name=\"ImageFullscreen\" decoding=\"async\" loading=\"lazy\" height=\"5223\" itemprop=\"image\"  src=\"https:\/\/www.europesays.com\/no\/wp-content\/uploads\/2025\/10\/7cc21998-dda3-45fc-b843-6a446966299e\"  style=\"object-position:0% 0%\" width=\"6964\"\/>Katrine m\u00f8ter VG i en lunsjpause fra jobben som eiendomsmegler.  Foto: Helen Wesnes \/ VG<\/p>\n<p class=\"_paragraph_o9xde_4 _paragraph_xtcu6_10 layout-component text-serif-m layout-normal text-serif-m layout-padded\">Men det var beint\u00f8ft.<\/p>\n<p class=\"_paragraph_o9xde_4 _paragraph_xtcu6_10 layout-component text-serif-m layout-normal text-serif-m layout-padded\">\u2013 De 14 dagene f\u00f8ltes som \u00e5r. Jeg hadde aldri meldt meg p\u00e5 dette hvis jeg visste hva jeg gikk til, sier Katrine n\u00e5r VG m\u00f8ter henne p\u00e5 kaf\u00e9 i en lunsjpause tidligere denne uken.<\/p>\n<p class=\"_paragraph_o9xde_4 _paragraph_xtcu6_10 layout-component text-serif-m layout-normal text-serif-m layout-padded\">Men det betyr ikke at hun angrer.<\/p>\n<p class=\"_paragraph_o9xde_4 _paragraph_xtcu6_10 layout-component text-serif-m layout-normal text-serif-m layout-padded\">\u2013 Jeg hadde virkelig ikke blitt med hvis jeg hadde f\u00e5tt vite hva vi skulle, men i ettertid er det likevel en erfaring jeg ikke ville v\u00e6rt foruten.<\/p>\n<p><img alt=\"Katrine Edvardsen var n\u00e6r ved \u00e5 gi opp da hun kavet seg gjennom mangroven i Malaysia. Mangrove er et l\u00f8st underlag i tidevannsbeltet ved tropiske og subtropiske kyster.  Foto: Kingston Yong, Monster\/NRK\" class=\"_image_qp4xg_65 layout-component layout-normal\" data-fullscreen- data-track-element-type=\"Article image fullscreen\" data-track-name=\"ImageFullscreen\" decoding=\"async\" loading=\"lazy\" height=\"2399\" itemprop=\"image\"  src=\"https:\/\/www.europesays.com\/no\/wp-content\/uploads\/2025\/10\/8e69bdf7-c806-4b15-9686-c65fc56bce8f\"  style=\"object-position:0% 0%\" width=\"3599\"\/>Katrine Edvardsen var n\u00e6r ved \u00e5 gi opp da hun kavet seg gjennom mangroven i Malaysia. Mangrove er et l\u00f8st underlag i tidevannsbeltet ved tropiske og subtropiske kyster.  Foto: Kingston Yong, Monster\/NRK<\/p>\n<p class=\"_paragraph_o9xde_4 _paragraph_xtcu6_10 layout-component text-serif-m layout-normal text-serif-m layout-padded\">37-\u00e5ringen p\u00e5st\u00e5r at den Katrine folk ser p\u00e5 TV, egentlig er motsatsen til den hun er til vanlig.<\/p>\n<p class=\"_paragraph_o9xde_4 _paragraph_xtcu6_10 layout-component text-serif-m layout-normal text-serif-m layout-padded\">\u2013 Alle de verste sidene mine kommer frem. Jungelen og jeg ble aldri venner, og jeg ble sintere, mer frustrert og desperat hele tiden, sier hun. <\/p>\n<p class=\"_paragraph_o9xde_4 _paragraph_xtcu6_10 layout-component text-serif-m layout-normal text-serif-m layout-padded\">\u2013 Jeg har aldri v\u00e6rt s\u00e5 sur i hele mitt liv som der. Hjemme er jeg bare blid, forsikrer hun.<\/p>\n<p class=\"_paragraph_o9xde_4 _paragraph_xtcu6_10 layout-component text-serif-m layout-normal text-serif-m layout-padded\">Katrine forst\u00e5r at serien m\u00e5 redigeres kynisk.<\/p>\n<p class=\"_paragraph_o9xde_4 _paragraph_xtcu6_10 layout-component text-serif-m layout-normal text-serif-m layout-padded\">\u2013 Alle de empatiske sidene mine er klippet bort, og jeg fremst\u00e5r som tidenes kjipeste kjerring til tider.<\/p>\n<p class=\"_paragraph_o9xde_4 _paragraph_xtcu6_10 layout-component text-serif-m layout-normal text-serif-m layout-padded\">I dag har Katrine bedre kontakt med enkelte av deltagerne enn andre.<\/p>\n<p class=\"_paragraph_o9xde_4 _paragraph_xtcu6_10 layout-component text-serif-m layout-normal text-serif-m layout-padded\">\u2013 Vi har en Snapchat-gruppe, men der er det fortsatt et ganske tydelig skille mellom livsnyterne og sparegrisene.<\/p>\n<p><img alt=\"ALLE: F.v. Elias Lalouchi, Jonny Fossedal, Katrine Edvardsen, Mona Andreassen, Ragnar Wilhelm Molde \u00d8deg\u00e5rd, Beret Hartviksen, Andr\u00e9 Aaneby Jensen, Rebecca Teclemariam, Elise Skare B\u00e5dal, Martin Braut Tjelle  Foto: Kingston Yong, Monster\/NRK\" class=\"_image_qp4xg_65 layout-component layout-normal\" data-fullscreen- data-track-element-type=\"Article image fullscreen\" data-track-name=\"ImageFullscreen\" decoding=\"async\" loading=\"lazy\" height=\"3670\" itemprop=\"image\"  src=\"https:\/\/www.europesays.com\/no\/wp-content\/uploads\/2025\/10\/4bf5705a-87be-42f3-9dec-d9776b4a28f4\"  style=\"object-position:0% 0%\" width=\"5505\"\/>ALLE: F.v. Elias Lalouchi, Jonny Fossedal, Katrine Edvardsen, Mona Andreassen, Ragnar Wilhelm Molde \u00d8deg\u00e5rd, Beret Hartviksen, Andr\u00e9 Aaneby Jensen, Rebecca Teclemariam, Elise Skare B\u00e5dal, Martin Braut Tjelle  Foto: Kingston Yong, Monster\/NRK<\/p>\n<p class=\"_paragraph_o9xde_4 _paragraph_xtcu6_10 layout-component text-serif-m layout-normal text-serif-m layout-padded\"><strong class=\"_strong_o9xde_25\">\u2013 Hva er det viktigste du har l\u00e6rt av dette?<\/strong><\/p>\n<p class=\"_paragraph_o9xde_4 _paragraph_xtcu6_10 layout-component text-serif-m layout-normal text-serif-m layout-padded\">\u2013 At penger er roten til mye vondt, haha.<\/p>\n<p class=\"_paragraph_o9xde_4 _paragraph_xtcu6_10 layout-component text-serif-m layout-normal text-serif-m layout-padded\">Hun har f\u00e5tt testet viljestyrken til gagns.<\/p>\n<p class=\"_paragraph_o9xde_4 _paragraph_xtcu6_10 layout-component text-serif-m layout-normal text-serif-m layout-padded\">\u2013 N\u00e5r jeg har bestemt meg for noe, s\u00e5 fullf\u00f8rer jeg.<\/p>\n<p class=\"_paragraph_o9xde_4 _paragraph_xtcu6_10 layout-component text-serif-m layout-normal text-serif-m layout-padded\">Fra 2015 til 2017 drev Katrine med bikinifitness og var med i NM. <\/p>\n<p class=\"_paragraph_o9xde_4 _paragraph_xtcu6_10 layout-component text-serif-m layout-normal text-serif-m layout-padded\">\u2013 Da m\u00e5 man v\u00e6re ganske egosentrisk, i form av kosthold, trening og rutiner. Men jeg er altfor glad i mat til \u00e5 ville holde p\u00e5 med det, sier hun og smiler lurt.<\/p>\n<p><img alt=\"Katrine Edvardsen klar for NM i bikinifitness i 2017.  Foto: Privat\/Instagram\" class=\"_image_qp4xg_65 layout-component layout-normal\" data-fullscreen- data-track-element-type=\"Article image fullscreen\" data-track-name=\"ImageFullscreen\" decoding=\"async\" loading=\"lazy\" height=\"1080\" itemprop=\"image\"  src=\"https:\/\/www.europesays.com\/no\/wp-content\/uploads\/2025\/10\/6e39b2d0-fb24-46c6-8df3-a1208bbc8684\"  style=\"object-position:0% 0%\" width=\"1080\"\/>Katrine Edvardsen klar for NM i bikinifitness i 2017.  Foto: Privat\/Instagram<\/p>\n<p class=\"_paragraph_o9xde_4 _paragraph_xtcu6_10 layout-component text-serif-m layout-normal text-serif-m layout-padded\">Katrine ble singel i sommer \u2013 etter et fem \u00e5r langt forhold. Og selv om hun f\u00e5r sin solide dose pepper fra seere, s\u00e5 f\u00e5r hun ogs\u00e5 mange hyggelige hilsener. <\/p>\n<p class=\"_paragraph_o9xde_4 _paragraph_xtcu6_10 layout-component text-serif-m layout-normal text-serif-m layout-padded\">\u2013 Mange skriver eller ringer og sier de synes at jeg er r\u00e5. <\/p>\n<p class=\"_paragraph_o9xde_4 _paragraph_xtcu6_10 layout-component text-serif-m layout-normal text-serif-m layout-padded\">Hun blir ogs\u00e5 fors\u00f8kt sjekket opp. <\/p>\n<p class=\"_paragraph_o9xde_4 _paragraph_xtcu6_10 layout-component text-serif-m layout-normal text-serif-m layout-padded\">\u2013 Ja, de kommer i alle former og farger, p\u00e5 SMS, telefon og i sosiale medier. Men det er bare hyggelig. Jeg blir r\u00f8rt, faktisk.<\/p>\n<p class=\"_paragraph_o9xde_4 _paragraph_xtcu6_10 layout-component text-serif-m layout-normal text-serif-m layout-padded\"><strong class=\"_strong_o9xde_25\">\u2013 Er det noen interessante tilbud?<\/strong><\/p>\n<p class=\"_paragraph_o9xde_4 _paragraph_xtcu6_10 layout-component text-serif-m layout-normal text-serif-m layout-padded\">Katrine n\u00f8ler litt f\u00f8r hun svarer:<\/p>\n<p class=\"_paragraph_o9xde_4 _paragraph_xtcu6_10 layout-component text-serif-m layout-normal text-serif-m layout-padded\">\u2013 Kanskje &#8230;? Det er et par som er litt spennende. <\/p>\n<p class=\"_paragraph_o9xde_4 _paragraph_xtcu6_10 layout-component text-serif-m layout-normal text-serif-m layout-padded\"><strong class=\"_strong_o9xde_25\">\u2013 S\u00e5 du er \u00e5pen for muligheter?<\/strong><\/p>\n<p class=\"_paragraph_o9xde_4 _paragraph_xtcu6_10 layout-component text-serif-m layout-normal text-serif-m layout-padded\">\u2013 Ja, absolutt. Datteren min er hos meg 50 prosent av tiden, s\u00e5 jeg trenger noe \u00e5 fylle de andre 50 prosentene med. Men jeg trenger en mann, en som b\u00e5de er kul og handy.<\/p>\n<p><img alt=\"Katrine Edvardsen blir ofte gjenkjent p\u00e5 gaten i Oslo, og hun synes det er hyggeligere n\u00e5r folk sier hei i stedet for bare \u00e5 stirre.  Foto: Helen Wesnes \/ VG\" class=\"_image_qp4xg_65 layout-component layout-normal\" data-fullscreen- data-track-element-type=\"Article image fullscreen\" data-track-name=\"ImageFullscreen\" decoding=\"async\" loading=\"lazy\" height=\"8472\" itemprop=\"image\"  src=\"https:\/\/www.europesays.com\/no\/wp-content\/uploads\/2025\/10\/b655549e-4788-4930-9fde-680371ea1535\"  style=\"object-position:0% 0%\" width=\"5648\"\/>Katrine Edvardsen blir ofte gjenkjent p\u00e5 gaten i Oslo, og hun synes det er hyggeligere n\u00e5r folk sier hei i stedet for bare \u00e5 stirre.  Foto: Helen Wesnes \/ VG<\/p>\n<p class=\"_paragraph_o9xde_4 _paragraph_xtcu6_10 layout-component text-serif-m layout-normal text-serif-m layout-padded\">Katrine har v\u00e6rt innom TV f\u00f8r, i kraft av jobben \u2013 som \u00abMeglerkampen\u00bb og \u00abHvem bor her\u00bb. Men det er f\u00f8rste reality-deltagelse. <\/p>\n<p class=\"_paragraph_o9xde_4 _paragraph_xtcu6_10 layout-component text-serif-m layout-normal text-serif-m layout-padded\">\u2013 Jeg blir gjerne med igjen, men aldri mer jungel. \u00abForr\u00e6der\u00bb hadde fristet.<\/p>\n<p class=\"_paragraph_o9xde_4 _paragraph_xtcu6_10 layout-component text-serif-m layout-normal text-serif-m layout-padded\"><strong class=\"_strong_o9xde_25\">NRK planlegger i disse dager en ny sesong med \u00abVille fristelser\u00bb.<\/strong><\/p>\n<p><img alt=\"Katrine Edvardsen, her i Malaysia.  Foto: Kingston Yong, Monster\/NRK\" class=\"_image_qp4xg_65 layout-component layout-normal\" data-fullscreen- data-track-element-type=\"Article image fullscreen\" data-track-name=\"ImageFullscreen\" decoding=\"async\" loading=\"lazy\" height=\"1908\" itemprop=\"image\"  src=\"https:\/\/www.europesays.com\/no\/wp-content\/uploads\/2025\/10\/639c4754-14c2-420b-b093-26b1223c173f\"  style=\"object-position:0% 0%\" width=\"3073\"\/>Katrine Edvardsen, her i Malaysia.  Foto: Kingston Yong, Monster\/NRK<br \/>\nLes ogs\u00e5<\/p>\n<p class=\"_paragraph_o9xde_4 _paragraph_xtcu6_10 layout-component text-serif-m layout-normal text-serif-m layout-padded\">Vil du lese flere sterke historier, m\u00f8ter med kjente mennesker og bli inspirert av andres livsstil ? N\u00e5 kan du f\u00e5 denne ukens VG Helg levert hjem i postkassen! Bestill i <a href=\"https:\/\/butikk.vg.no\/products\/vg-helg-uke-42-2025\" class=\"_link_o9xde_39\" rel=\"nofollow noopener\" target=\"_blank\">v\u00e5r nettbutikk (fri frakt!)<\/a><\/p>\n<p><img alt=\"\" class=\"_image_qp4xg_65 layout-component layout-normal\" data-fullscreen- data-track-element-type=\"Article image fullscreen\" data-track-name=\"ImageFullscreen\" decoding=\"async\" loading=\"lazy\" height=\"749\" itemprop=\"image\"  src=\"https:\/\/www.europesays.com\/no\/wp-content\/uploads\/2025\/10\/e7e64bba-9798-44d1-a01a-ccc5cb85f112\"  style=\"object-position:0% 0%\" width=\"566\"\/>  <\/p>\n<p id=\"product-528833\" aria-expanded=\"false\" class=\"product-overview _productOverview_1m98o_134\">Ti nordmenn kjemper mot b\u00e5de vill jungel og egne impulser n\u00e5r elleville fristelser distraherer dem fra m\u00e5let \u2013 en premiepott p\u00e5 2,5 millioner kroner.<\/p>\n<p><a class=\"_imgCont_1m98o_174\" href=\"https:\/\/saga.vg.no\/show\/ville-fristelser\" rel=\"nofollow noopener\" target=\"_blank\"><img decoding=\"async\" src=\"https:\/\/www.europesays.com\/no\/wp-content\/uploads\/2025\/10\/2193482872492123927\" loading=\"lazy\" alt=\"Ville fristelser\"\/><\/a>    <\/p>\n","protected":false},"excerpt":{"rendered":"Katrine Edvardsen fra \u00abVille fristelser\u00bb er oppgitt over TV-seernes harde kritikk mot henne. Hun mener folk m\u00e5 huske&hellip;\n","protected":false},"author":2,"featured_media":63214,"comment_status":"","ping_status":"","sticky":false,"template":"","format":"standard","meta":{"footnotes":""},"categories":[58],"tags":[71,30,28,29,2177,207,72,9192],"class_list":{"0":"post-63213","1":"post","2":"type-post","3":"status-publish","4":"format-standard","5":"has-post-thumbnail","7":"category-underholdning","8":"tag-entertainment","9":"tag-no","10":"tag-norge","11":"tag-norway","12":"tag-reality-tv","13":"tag-tv","14":"tag-underholdning","15":"tag-ville-fristelser-tv-serie"},"share_on_mastodon":{"url":"","error":""},"_links":{"self":[{"href":"https:\/\/www.europesays.com\/no\/wp-json\/wp\/v2\/posts\/63213","targetHints":{"allow":["GET"]}}],"collection":[{"href":"https:\/\/www.europesays.com\/no\/wp-json\/wp\/v2\/posts"}],"about":[{"href":"https:\/\/www.europesays.com\/no\/wp-json\/wp\/v2\/types\/post"}],"author":[{"embeddable":true,"href":"https:\/\/www.europesays.com\/no\/wp-json\/wp\/v2\/users\/2"}],"replies":[{"embeddable":true,"href":"https:\/\/www.europesays.com\/no\/wp-json\/wp\/v2\/comments?post=63213"}],"version-history":[{"count":0,"href":"https:\/\/www.europesays.com\/no\/wp-json\/wp\/v2\/posts\/63213\/revisions"}],"wp:featuredmedia":[{"embeddable":true,"href":"https:\/\/www.europesays.com\/no\/wp-json\/wp\/v2\/media\/63214"}],"wp:attachment":[{"href":"https:\/\/www.europesays.com\/no\/wp-json\/wp\/v2\/media?parent=63213"}],"wp:term":[{"taxonomy":"category","embeddable":true,"href":"https:\/\/www.europesays.com\/no\/wp-json\/wp\/v2\/categories?post=63213"},{"taxonomy":"post_tag","embeddable":true,"href":"https:\/\/www.europesays.com\/no\/wp-json\/wp\/v2\/tags?post=63213"}],"curies":[{"name":"wp","href":"https:\/\/api.w.org\/{rel}","templated":true}]}}