{"id":63215,"date":"2025-10-17T18:33:10","date_gmt":"2025-10-17T18:33:10","guid":{"rendered":"https:\/\/www.europesays.com\/no\/63215\/"},"modified":"2025-10-17T18:33:10","modified_gmt":"2025-10-17T18:33:10","slug":"zelenskyj-og-trump-motes-i-det-hvite-hus-for-tredje-gang","status":"publish","type":"post","link":"https:\/\/www.europesays.com\/no\/63215\/","title":{"rendered":"Zelenskyj og Trump m\u00f8tes i Det hvite hus for tredje gang"},"content":{"rendered":"\n<ul class=\"_list_o9xde_3 _list_64s2r_85 _unordered_o9xde_106 text-sans-m\">\n<li class=\"_item_o9xde_30\">Fredag m\u00f8tes Zelenskyj og Trump til en lunsj i Det hvite hus.<\/li>\n<li class=\"_item_o9xde_30\">De skal diskutere veien videre for \u00e5 oppn\u00e5 fred i Ukraina. <\/li>\n<li class=\"_item_o9xde_30\">Ukraina \u00f8nsker tilgang p\u00e5 amerikanske \u00abTomahawk\u00bb-missiler. <\/li>\n<li class=\"_item_o9xde_30\">Trump virker n\u00e5 n\u00f8lende til dette, og h\u00e5per at krigen kan avsluttes uten disse missilene. <\/li>\n<li class=\"_item_o9xde_30\">Zelenskyj understreker at de trenger \u00abTomahawk\u00bb-missiler, og foresl\u00e5r en byttehandel der USA f\u00e5r ukrainske droner. <\/li>\n<\/ul>\n<p>Vis mer <\/p>\n<p class=\"_paragraph_o9xde_4 _paragraph_xtcu6_10 layout-component text-serif-m layout-normal text-serif-m layout-padded\">Fredag kveld norsk tid m\u00f8tes Ukrainas president Volodymyr Zelenskyj og <a href=\"https:\/\/www.vg.no\/tag\/usa?utm_source=vg-article&amp;utm_medium=auto-tagger&amp;utm_campaign=5EP9Ke\" class=\"_link_o9xde_39\" rel=\"nofollow noopener\" target=\"_blank\">USAs<\/a> president Donald Trump i Det hvite hus. <\/p>\n<p class=\"_paragraph_o9xde_4 _paragraph_xtcu6_10 layout-component text-serif-m layout-normal text-serif-m layout-padded\">Det store sp\u00f8rsm\u00e5let som preger m\u00f8tet, er hvorvidt USA kommer til \u00e5 g\u00e5 med p\u00e5 \u00e5 gi kryssermissilerkryssermissilerKryssermissiler er avanserte raketter som kan reise lange avstander for \u00e5 treffe m\u00e5l med h\u00f8y presisjon. av typen \u00abTomahawk\u00bb til Ukraina. <\/p>\n<p class=\"_paragraph_o9xde_4 _paragraph_xtcu6_10 layout-component text-serif-m layout-normal text-serif-m layout-padded\">Selv om Trump tidligere har antydet at dette kan v\u00e6re aktuelt, virker han n\u00e5 mer n\u00f8lende.<\/p>\n<p class=\"_paragraph_o9xde_4 _paragraph_xtcu6_10 layout-component text-serif-m layout-normal text-serif-m layout-padded\"><strong class=\"_strong_o9xde_25\">\u2013 Vi trenger Tomahawks og mange andre v\u00e5pen vi sender til Ukraina. Det er ikke lett for oss. Du snakker om store mengder kraftige v\u00e5pen, sier Trump.<\/strong><\/p>\n<p class=\"_paragraph_o9xde_4 _paragraph_xtcu6_10 layout-component text-serif-m layout-normal text-serif-m layout-padded\">\u2013 Forh\u00e5pentligvis klarer vi \u00e5 avslutte krigen uten \u00e5 tenke p\u00e5 Tomahawk-missiler, fortsetter han. <\/p>\n<p><img alt=\"Trump-administrasjonen og Ukraina-delegasjonen m\u00f8tes til lunsj i Det hvite hus.   Foto: TOM BRENNER \/ AFP\" class=\"_image_qp4xg_65 layout-component layout-normal\" data-fullscreen- data-track-element-type=\"Article image fullscreen\" data-track-name=\"ImageFullscreen\" decoding=\"async\" loading=\"lazy\" height=\"3195\" itemprop=\"image\"  src=\"https:\/\/www.europesays.com\/no\/wp-content\/uploads\/2025\/10\/0e281071-839c-4bcf-989b-3afec0f4023a\"  style=\"object-position:0% 0%\" width=\"5680\"\/>Trump-administrasjonen og Ukraina-delegasjonen m\u00f8tes til lunsj i Det hvite hus.   Foto: TOM BRENNER \/ AFP<\/p>\n<p class=\"_paragraph_o9xde_4 _paragraph_xtcu6_10 layout-component text-serif-m layout-normal text-serif-m layout-padded\">Zelenskyj svarte med \u00e5 si at kryssermissiler er noe de trenger.<\/p>\n<p class=\"_paragraph_o9xde_4 _paragraph_xtcu6_10 layout-component text-serif-m layout-normal text-serif-m layout-padded\">\u2013 Vi har mange droner, men trenger \u00abTomahawks\u00bb, sier Zelenskyj. <\/p>\n<p class=\"_paragraph_o9xde_4 _paragraph_xtcu6_10 layout-component text-serif-m layout-normal text-serif-m layout-padded\">Den ukrainske presidenten foreslo under presseseansen at Ukraina kunne bytte deres egenproduserte droner med de amerikanske kryssermissilene. <\/p>\n<p class=\"_paragraph_o9xde_4 _paragraph_xtcu6_10 layout-component text-serif-m layout-normal text-serif-m layout-padded\">Trump svarer ikke kontant p\u00e5 forslaget, men sier at de er interessert i ukrainske droner. <\/p>\n<p class=\"_paragraph_o9xde_4 _paragraph_xtcu6_10 layout-component text-serif-m layout-normal layout-padded\"><strong class=\"_strong_o9xde_25\">Les ogs\u00e5:<\/strong> <a href=\"https:\/\/www.vg.no\/i\/dRx7Oz\" data-track-element-type=\"Link\" data-track-id=\"link:dRx7Oz\" class=\"_link_o9xde_39\" rel=\"nofollow noopener\" target=\"_blank\">Denne raketten er Putins mareritt<\/a><\/p>\n<p>\u2013 Sv\u00e6rt vanskelig situasjon<\/p>\n<p class=\"_paragraph_o9xde_4 _paragraph_xtcu6_10 layout-component text-serif-m layout-normal text-serif-m layout-padded\">Zelenskyj ankom Det hvite hus like f\u00f8r klokken 19.30. Han smilte og hilset p\u00e5 Trump, f\u00f8r de gikk inn sammen.<\/p>\n<p class=\"_paragraph_o9xde_4 _paragraph_xtcu6_10 layout-component text-serif-m layout-normal text-serif-m layout-padded\">De satte seg deretter ned for en lunsj i administrasjonens m\u00f8terom.<\/p>\n<p class=\"_paragraph_o9xde_4 _paragraph_xtcu6_10 layout-component text-serif-m layout-normal text-serif-m layout-padded\"><strong class=\"_strong_o9xde_25\">\u2013 S\u00e5 mange har d\u00f8dd i denne krigen. Vi skal f\u00e5 en slutt p\u00e5 den, sier Trump. <\/strong><\/p>\n<p class=\"_paragraph_o9xde_4 _paragraph_xtcu6_10 layout-component text-serif-m layout-normal text-serif-m layout-padded\">Zelenskyj sier at dette er et viktig \u00f8yeblikk. Han takker den amerikanske presidenten for m\u00f8tet.<\/p>\n<p class=\"_paragraph_o9xde_4 _paragraph_xtcu6_10 layout-component text-serif-m layout-normal text-serif-m layout-padded\"><strong class=\"_strong_o9xde_25\">\u2013 Med din hjelp kan vi f\u00e5 stoppet denne krigen, sier Zelenskyj.<\/strong><\/p>\n<p><img alt=\"Trump reiste knyttneven da han m\u00f8tte Zelenskyj.  Foto: TOM BRENNER \/ AFP \/NTB\" class=\"_image_qp4xg_65 layout-component layout-normal\" data-fullscreen- data-track-element-type=\"Article image fullscreen\" data-track-name=\"ImageFullscreen\" decoding=\"async\" loading=\"lazy\" height=\"3668\" itemprop=\"image\"  src=\"https:\/\/www.europesays.com\/no\/wp-content\/uploads\/2025\/10\/921bbe10-8b6d-4729-bb42-0567e902b0b9\"  style=\"object-position:0% 0%\" width=\"5502\"\/>Trump reiste knyttneven da han m\u00f8tte Zelenskyj.  Foto: TOM BRENNER \/ AFP \/NTB<\/p>\n<p class=\"_paragraph_o9xde_4 _paragraph_xtcu6_10 layout-component text-serif-m layout-normal text-serif-m layout-padded\">Trump roste antrekket til Zelenskyj, som har v\u00e6rt tema p\u00e5 presidentenes tidligere m\u00f8ter. <\/p>\n<p class=\"_paragraph_o9xde_4 _paragraph_xtcu6_10 layout-component text-serif-m layout-normal text-serif-m layout-padded\"><strong class=\"_strong_o9xde_25\">\u2013 Det er en nydelig jakke, sier Trump. <\/strong><\/p>\n<p class=\"_paragraph_o9xde_4 _paragraph_xtcu6_10 layout-component text-serif-m layout-normal text-serif-m layout-padded\">Trump gjentok at han skal m\u00f8te Putin i Ungarn i l\u00f8pet av to uker. Han \u00e5pnet samtidig opp for et lignende m\u00f8te med Ukraina. <\/p>\n<p class=\"_paragraph_o9xde_4 _paragraph_xtcu6_10 layout-component text-serif-m layout-normal text-serif-m layout-padded\"><strong class=\"_strong_o9xde_25\">\u2013 Det er mye ondt blod mellom presidentene. Det er en sv\u00e6rt vanskelig situasjon, sier Trump om Putin og Zelenskyj. <\/strong><\/p>\n<p class=\"_paragraph_o9xde_4 _paragraph_xtcu6_10 layout-component text-serif-m layout-normal text-serif-m layout-padded\">\u2013 De kommer ikke s\u00e5 godt overens. S\u00e5 vi m\u00e5 kanskje gj\u00f8re noe hvor vi er atskilt, men likestilt, sier Trump. <\/p>\n<p class=\"_paragraph_o9xde_4 _paragraph_xtcu6_10 layout-component text-serif-m layout-normal text-serif-m layout-padded\">Trump sier at han tror at ogs\u00e5 Putin \u00f8nsker \u00e5 f\u00e5 en slutt p\u00e5 krigen. <\/p>\n<p>\u2013 Putin vil ikke ha fred<\/p>\n<p class=\"_paragraph_o9xde_4 _paragraph_xtcu6_10 layout-component text-serif-m layout-normal text-serif-m layout-padded\">Dette er Zelenskyjs tredje m\u00f8te i Det hvite hus med Trump som president, og det f\u00f8rste siden forrige m\u00f8te i august. <\/p>\n<p class=\"_paragraph_o9xde_4 _paragraph_xtcu6_10 layout-component text-serif-m layout-normal text-serif-m layout-padded\"><strong class=\"_strong_o9xde_25\">\u2013 Putin vil ikke ha fred. Vi vil snakke med presidenten om hva vi trenger for \u00e5 pushe Putin til forhandlingsbordet. Vi trenger en rettferdig og varig fred, sier Zelenskyj.<\/strong><\/p>\n<p class=\"_paragraph_o9xde_4 _paragraph_xtcu6_10 layout-component text-serif-m layout-normal text-serif-m layout-padded\">Han fastholder ogs\u00e5 at Ukraina er avhengige av sikkerhetsgarantier fra USA. <\/p>\n<p class=\"_paragraph_o9xde_4 _paragraph_xtcu6_10 layout-component text-serif-m layout-normal text-serif-m layout-padded\">Zelenskyj er tydelig p\u00e5 at han tror at Trump kan klare \u00e5 til noe for Ukraina, og trekker paralleller til v\u00e5penhvilen mellom Hamas og Israel.<\/p>\n<p class=\"_paragraph_o9xde_4 _paragraph_xtcu6_10 layout-component text-serif-m layout-normal text-serif-m layout-padded\"><strong class=\"_strong_o9xde_25\">\u2013 President Trump har virkelig vist verden at han klarer \u00e5 h\u00e5ndtere v\u00e5penhvilen i Midt\u00f8sten, og jeg tror at Trump klarer \u00e5 h\u00e5ndtere dette ogs\u00e5. <\/strong><\/p>\n<p><img alt=\"Foto: Alex Brandon \/ AP \/ NTB\" class=\"_image_qp4xg_65 layout-component layout-normal\" data-fullscreen- data-track-element-type=\"Article image fullscreen\" data-track-name=\"ImageFullscreen\" decoding=\"async\" loading=\"lazy\" height=\"3440\" itemprop=\"image\"  src=\"https:\/\/www.europesays.com\/no\/wp-content\/uploads\/2025\/10\/a1f3d1c2-45ae-4427-8069-db0ddca8e64b\"  style=\"object-position:0% 0%\" width=\"4816\"\/>Foto: Alex Brandon \/ AP \/ NTB<\/p>\n<p class=\"_paragraph_o9xde_4 _paragraph_xtcu6_10 layout-component text-serif-m layout-normal text-serif-m layout-padded\">Mens statslederne tidligere har m\u00f8ttes i Det ovale kontor, blir dette et mer diskr\u00e9 m\u00f8te, if\u00f8lge <a href=\"https:\/\/www.theguardian.com\/world\/live\/2025\/oct\/17\/viktor-orban-vladimir-putin-volodymyr-zelenskyy-donald-trump-europe-latest-news-updates-russia-ukraine-war\" class=\"_link_o9xde_39\" rel=\"nofollow noopener\" target=\"_blank\">The Guardian<\/a>. <\/p>\n<p class=\"_paragraph_o9xde_4 _paragraph_xtcu6_10 layout-component text-serif-m layout-normal text-serif-m layout-padded\">Med seg p\u00e5 m\u00f8tet har Zelenskyj Ukrainas statsminister Julija Svyrydenko og Zelenskyjs stabssjef Andrij Jermak.<\/p>\n<p class=\"_paragraph_o9xde_4 _paragraph_xtcu6_10 layout-component text-serif-m layout-normal text-serif-m layout-padded\">Krigen i Ukraina herjer fortsatt for fullt. Den siste tiden har Russland gjennomf\u00f8rt en rekke angrep mot Ukrainas energiinfrastruktur. Angrepene har f\u00f8rt til store str\u00f8mbrudd flere steder.<\/p>\n<p class=\"_paragraph_o9xde_4 _paragraph_xtcu6_10 layout-component text-serif-m layout-normal text-serif-m layout-padded\">Ukraina har svart med en rekke droneangrep inne i Russland. <\/p>\n<p>H\u00e5per p\u00e5 kryssermissiler<\/p>\n<p class=\"_paragraph_o9xde_4 _paragraph_xtcu6_10 layout-component text-serif-m layout-normal text-serif-m layout-padded\">Trolig blir sp\u00f8rsm\u00e5let om kryssermissiler sentralt for m\u00f8tet. Ukraina har bedt om \u00e5 f\u00e5 tilgang p\u00e5 amerikanske langtrekkende kryssermissiler av typen \u00abTomahawk\u00bb. <\/p>\n<p class=\"_paragraph_o9xde_4 _paragraph_xtcu6_10 layout-component text-serif-m layout-normal text-serif-m layout-padded\">Slike avanserte missiler har lengre rekkevidde enn v\u00e5pnene Ukraina bruker i dag, de kan reise opptil 2500 kilometer, og \u00e5pner for angrep lengre inne i Russland. <\/p>\n<p><img alt=\"Et amerikansk milit\u00e6rskip fyrer av en Tomahawk-missil. Bildet er tatt i 2003.   Foto: Ho New \/ Reuters \/ NTB\" class=\"_image_qp4xg_65 layout-component layout-normal\" data-fullscreen- data-track-element-type=\"Article image fullscreen\" data-track-name=\"ImageFullscreen\" decoding=\"async\" loading=\"lazy\" height=\"1400\" itemprop=\"image\"  src=\"https:\/\/www.europesays.com\/no\/wp-content\/uploads\/2025\/10\/89e027bb-7d0d-4d9b-a97a-28ecfaaaa2b0\"  style=\"object-position:0% 0%\" width=\"2100\"\/>Et amerikansk milit\u00e6rskip fyrer av en Tomahawk-missil. Bildet er tatt i 2003.   Foto: Ho New \/ Reuters \/ NTB<\/p>\n<p class=\"_paragraph_o9xde_4 _paragraph_xtcu6_10 layout-component text-serif-m layout-normal text-serif-m layout-padded\">Ogs\u00e5 Russlands hovedstad Moskva vil v\u00e6re innenfor rekkevidde. <\/p>\n<p class=\"_paragraph_o9xde_4 _paragraph_xtcu6_10 layout-component text-serif-m layout-normal text-serif-m layout-padded\">Per i dag gjennomf\u00f8rer Ukraina de fleste angrep inne i Russland med droner. <\/p>\n<p>Uklart<\/p>\n<p class=\"_paragraph_o9xde_4 _paragraph_xtcu6_10 layout-component text-serif-m layout-normal text-serif-m layout-padded\">Russland er sterkt kritiske til at Ukraina f\u00e5r tilgang p\u00e5 kryssermissiler, og har tidligere omtalt dette som en \u00abr\u00f8d linje\u00bb de ikke kan tillate at krysses. <\/p>\n<p class=\"_paragraph_o9xde_4 _paragraph_xtcu6_10 layout-component text-serif-m layout-normal text-serif-m layout-padded\">Trump har tidligere antydet at det kan bli aktuelt \u00e5 gi Ukraina tilgang p\u00e5 kryssermissiler. Men etter en samtale med Putin p\u00e5 torsdag, kan det se ut til at han er mer n\u00f8lende. <\/p>\n<p class=\"_paragraph_o9xde_4 _paragraph_xtcu6_10 layout-component text-serif-m layout-normal text-serif-m layout-padded\">\u2013 Vi trenger jo Tomahawk-raketter i USA ogs\u00e5, sa han etter telefonsamtalen.<\/p>\n<p><img alt=\"Trump og Putin hadde en to timer lang telefonsamtale p\u00e5 torsdag. Her fra m\u00f8tet deres i Alaska i august i \u00e5r.   Foto: ANDREW CABALLERO-REYNOLDS \/ AFP \/ NTB\" class=\"_image_qp4xg_65 layout-component layout-normal\" data-fullscreen- data-track-element-type=\"Article image fullscreen\" data-track-name=\"ImageFullscreen\" decoding=\"async\" loading=\"lazy\" height=\"3791\" itemprop=\"image\"  src=\"https:\/\/www.europesays.com\/no\/wp-content\/uploads\/2025\/10\/6b4e1e9f-e5d8-4488-b594-fbd9a1e2ba2f\"  style=\"object-position:0% 0%\" width=\"5686\"\/>Trump og Putin hadde en to timer lang telefonsamtale p\u00e5 torsdag. Her fra m\u00f8tet deres i Alaska i august i \u00e5r.   Foto: ANDREW CABALLERO-REYNOLDS \/ AFP \/ NTB<\/p>\n<p class=\"_paragraph_o9xde_4 _paragraph_xtcu6_10 layout-component text-serif-m layout-normal text-serif-m layout-padded\">Det er derfor uklart om Trump kommer til \u00e5 gi etter for Ukrainas \u00f8nsker eller ikke. <\/p>\n<p class=\"_paragraph_o9xde_4 _paragraph_xtcu6_10 layout-component text-serif-m layout-normal text-serif-m layout-padded\">Det er ogs\u00e5 ventet at Trump og Zelenskyj skal diskutere en avtale som inneb\u00e6rer at Ukraina skal dele droneteknologien sin med USA. <\/p>\n<p>Katastrofem\u00f8te<\/p>\n<p class=\"_paragraph_o9xde_4 _paragraph_xtcu6_10 layout-component text-serif-m layout-normal text-serif-m layout-padded\">Dette er tredje gange Zelenskyj bes\u00f8ker Det hvite hus med Trump som president. <\/p>\n<p class=\"_paragraph_o9xde_4 _paragraph_xtcu6_10 layout-component text-serif-m layout-normal text-serif-m layout-padded\">F\u00f8rste gang var i februar, kort tid etter at Trump ble innsatt som president.<\/p>\n<p class=\"_paragraph_o9xde_4 _paragraph_xtcu6_10 layout-component text-serif-m layout-normal text-serif-m layout-padded\"><a href=\"https:\/\/www.vg.no\/nyheter\/i\/8q19e2\/volodymyr-zelenskyj-moeter-donald-trump-i-det-hvite-hus\" data-track-element-type=\"Link\" data-track-id=\"link:8q19e2\" class=\"_link_o9xde_39\" rel=\"nofollow noopener\" target=\"_blank\"><strong class=\"_strong_o9xde_25\">Det gikk ikke helt etter planen. <\/strong><\/a><\/p>\n<p class=\"_paragraph_o9xde_4 _paragraph_xtcu6_10 layout-component text-serif-m layout-normal text-serif-m layout-padded\">Underveis i m\u00f8tet ble stemningen amper da uenigheter om veien til fred ble tydelige. <\/p>\n<p><img alt=\"Det ble ampert da Zelenskyj m\u00f8tte Trump i Det hvite hus i februar i \u00e5r.  Foto: SAUL LOEB \/ AFP \/ NTB\" class=\"_image_qp4xg_65 layout-component layout-normal\" data-fullscreen- data-track-element-type=\"Article image fullscreen\" data-track-name=\"ImageFullscreen\" decoding=\"async\" loading=\"lazy\" height=\"5504\" itemprop=\"image\"  src=\"https:\/\/www.europesays.com\/no\/wp-content\/uploads\/2025\/10\/3505ce7a-22da-447d-87a7-5e297f388178\"  style=\"object-position:0% 0%\" width=\"8256\"\/>Det ble ampert da Zelenskyj m\u00f8tte Trump i Det hvite hus i februar i \u00e5r.  Foto: SAUL LOEB \/ AFP \/ NTB<\/p>\n<p class=\"_paragraph_o9xde_4 _paragraph_xtcu6_10 layout-component text-serif-m layout-normal text-serif-m layout-padded\">Zelenskyj argumenterte mot \u00e5 stole p\u00e5 Putin og sto fast p\u00e5 at Ukraina trengte sikkerhetsgarantier.<\/p>\n<p class=\"_paragraph_o9xde_4 _paragraph_xtcu6_10 layout-component text-serif-m layout-normal text-serif-m layout-padded\">Da ble b\u00e5de Trump og visepresident J.D. Vance hissige, og langet ut mot Zelenskyj. <\/p>\n<p class=\"_paragraph_o9xde_4 _paragraph_xtcu6_10 layout-component text-serif-m layout-normal text-serif-m layout-padded\">\u2013 Du gambler med tredje verdenskrig, sa Trump. <\/p>\n<p class=\"_paragraph_o9xde_4 _paragraph_xtcu6_10 layout-component text-serif-m layout-normal text-serif-m layout-padded\">De krevde ogs\u00e5 at Zelenskyj m\u00e5tte v\u00e6re mer takknemlig. <\/p>\n<p class=\"_paragraph_o9xde_4 _paragraph_xtcu6_10 layout-component text-serif-m layout-normal text-serif-m layout-padded\">Trump hevdet etter m\u00f8tet at Zelenskyj ikke var \u00abklar for fred\u00bb. <\/p>\n<p class=\"_paragraph_o9xde_4 _paragraph_xtcu6_10 layout-component text-serif-m layout-normal text-serif-m layout-padded\">Zelenskyj bes\u00f8kte <a href=\"https:\/\/www.vg.no\/nyheter\/i\/3M2Aed\/zelenskyj-moeter-trump-i-det-hvite-hus-skjebnedag-for-ukraina\" data-track-element-type=\"Link\" data-track-id=\"link:3M2Aed\" class=\"_link_o9xde_39\" rel=\"nofollow noopener\" target=\"_blank\">Det hvite hus p\u00e5 nytt i august<\/a>. Da var tonen mye bedre. <\/p>\n<p class=\"_paragraph_o9xde_4 _paragraph_xtcu6_10 layout-component text-serif-m layout-normal text-serif-m layout-padded\">Den ukrainske presidenten hadde ogs\u00e5 endret antrekket sitt til noe mer formelt, etter at han fikk sp\u00f8rsm\u00e5l om hvorfor han ikke brukte dress i det f\u00f8rste m\u00f8tet. <\/p>\n<p><img alt=\"Det var betraktelig bedre stemning da Zelenskyj og Trump m\u00f8ttes i august.   Foto: MANDEL NGAN \/ AFP \/ NTB\" class=\"_image_qp4xg_65 layout-component layout-normal\" data-fullscreen- data-track-element-type=\"Article image fullscreen\" data-track-name=\"ImageFullscreen\" decoding=\"async\" loading=\"lazy\" height=\"4883\" itemprop=\"image\"  src=\"https:\/\/www.europesays.com\/no\/wp-content\/uploads\/2025\/10\/a27095dd-3da4-4458-b76f-b481a5459b11\"  style=\"object-position:0% 0%\" width=\"7324\"\/>Det var betraktelig bedre stemning da Zelenskyj og Trump m\u00f8ttes i august.   Foto: MANDEL NGAN \/ AFP \/ NTB<\/p>\n<p class=\"_paragraph_o9xde_4 _paragraph_xtcu6_10 layout-component text-serif-m layout-normal text-serif-m layout-padded\">Den gang luftet Trump planer om \u00e5 f\u00e5 til et bilateralt m\u00f8te mellom Zelenskyj og Putin.<\/p>\n<p class=\"_paragraph_o9xde_4 _paragraph_xtcu6_10 layout-component text-serif-m layout-normal text-serif-m layout-padded\">Et slikt m\u00f8te har forel\u00f8pig ikke funnet sted. <\/p>\n<p class=\"_paragraph_o9xde_4 _paragraph_xtcu6_10 layout-component text-serif-m layout-normal text-serif-m layout-padded\">Etter samtalen med Putin p\u00e5 torsdag, varslet Trump at de to skal m\u00f8tes i Ungarn. M\u00f8tet kan skje allerede om to uker. <\/p>\n","protected":false},"excerpt":{"rendered":"Fredag m\u00f8tes Zelenskyj og Trump til en lunsj i Det hvite hus. De skal diskutere veien videre for&hellip;\n","protected":false},"author":2,"featured_media":63216,"comment_status":"","ping_status":"","sticky":false,"template":"","format":"standard","meta":{"footnotes":""},"categories":[12],"tags":[20,21,55,24,25,15,179,22,23,13,30,28,29,14,16,26,27,489,50,42,488,43,44,45],"class_list":{"0":"post-63215","1":"post","2":"type-post","3":"status-publish","4":"format-standard","5":"has-post-thumbnail","7":"category-verden","8":"tag-breaking-news","9":"tag-breakingnews","10":"tag-donald-trump","11":"tag-featured-news","12":"tag-featurednews","13":"tag-headlines","14":"tag-krigen-i-ukraina","15":"tag-latest-news","16":"tag-latestnews","17":"tag-news","18":"tag-no","19":"tag-norge","20":"tag-norway","21":"tag-nyheter","22":"tag-overskrifter","23":"tag-top-stories","24":"tag-topstories","25":"tag-ukraina","26":"tag-usa","27":"tag-verden","28":"tag-volodymyr-zelenskyj","29":"tag-world","30":"tag-world-news","31":"tag-worldnews"},"share_on_mastodon":{"url":"","error":""},"_links":{"self":[{"href":"https:\/\/www.europesays.com\/no\/wp-json\/wp\/v2\/posts\/63215","targetHints":{"allow":["GET"]}}],"collection":[{"href":"https:\/\/www.europesays.com\/no\/wp-json\/wp\/v2\/posts"}],"about":[{"href":"https:\/\/www.europesays.com\/no\/wp-json\/wp\/v2\/types\/post"}],"author":[{"embeddable":true,"href":"https:\/\/www.europesays.com\/no\/wp-json\/wp\/v2\/users\/2"}],"replies":[{"embeddable":true,"href":"https:\/\/www.europesays.com\/no\/wp-json\/wp\/v2\/comments?post=63215"}],"version-history":[{"count":0,"href":"https:\/\/www.europesays.com\/no\/wp-json\/wp\/v2\/posts\/63215\/revisions"}],"wp:featuredmedia":[{"embeddable":true,"href":"https:\/\/www.europesays.com\/no\/wp-json\/wp\/v2\/media\/63216"}],"wp:attachment":[{"href":"https:\/\/www.europesays.com\/no\/wp-json\/wp\/v2\/media?parent=63215"}],"wp:term":[{"taxonomy":"category","embeddable":true,"href":"https:\/\/www.europesays.com\/no\/wp-json\/wp\/v2\/categories?post=63215"},{"taxonomy":"post_tag","embeddable":true,"href":"https:\/\/www.europesays.com\/no\/wp-json\/wp\/v2\/tags?post=63215"}],"curies":[{"name":"wp","href":"https:\/\/api.w.org\/{rel}","templated":true}]}}