{"id":63332,"date":"2025-10-17T21:44:10","date_gmt":"2025-10-17T21:44:10","guid":{"rendered":"https:\/\/www.europesays.com\/no\/63332\/"},"modified":"2025-10-17T21:44:10","modified_gmt":"2025-10-17T21:44:10","slug":"mosjoen-vefsn-sa-mye-har-naeringslivet-i-vefsn-bidratt-med-rorende-at-ogsa-sma-bedrifter-gir","status":"publish","type":"post","link":"https:\/\/www.europesays.com\/no\/63332\/","title":{"rendered":"Mosj\u00f8en, Vefsn | S\u00e5 mye har n\u00e6ringslivet i Vefsn bidratt med: \u2013 R\u00f8rende at ogs\u00e5 sm\u00e5 bedrifter gir"},"content":{"rendered":"\n<p>\u2013 Det er enklest \u00e5 f\u00e5 respons n\u00e5r vi kommer til lokale bedrifter som er styrt fra Mosj\u00f8en. S\u00e5 er det litt mer krevende n\u00e5r de egentlig har hovedkontor et annet sted.<\/p>\n<p>Det sa St\u00e5le Elstad, som er leder i  Vefsn, da han torsdag deltok p\u00e5 en ringerunde til n\u00e6ringslivet i forbindelse med \u00e5rets TV-aksjon.<\/p>\n<p>\u2013 Vi \u00f8nsker \u00e5 utfordre og oppfordre n\u00e6ringslivet v\u00e5rt til \u00e5 bli med i spleiselaget. Vefsn kommune kommer selvf\u00f8lgelig ogs\u00e5 til \u00e5 gi et bidrag, sa ordf\u00f8rer Rune Krut\u00e5, som ogs\u00e5 satt klar med telefonen.<\/p>\n<p>Hanne Myrvang, som leder TV-aksjonen i Nordland, var ogs\u00e5 p\u00e5 plass i Mosj\u00f8en. Da Helgelendingen snakket med henne torsdag, var hun imponert over innsatsen til de som stilte opp for \u00e5 ringe, samt bedriftene som bidro.<\/p>\n<p>\u2013 Dette er en felles stor dugnad, og s\u00e5 langt er inntrykket mitt at det er stor giverglede i Mosj\u00f8en. Det er vi veldig glad for, sa Myrvang.<\/p>\n<p>   <img decoding=\"async\" width=\"4868\" height=\"3245\" fetchpriority=\"low\"  loading=\"lazy\"  src=\"https:\/\/www.europesays.com\/no\/wp-content\/uploads\/2025\/10\/JCN_2533-2.jpg\" alt=\"\" class=\"brick-c-cFOWSL\" style=\"--brick-image-ratio: 4868 \/ 3245;\"\/><\/p>\n<p>    GLAD: Hanne Myrvang, som leder TV-aksjonen i Nordland, er glad for givergleden i Vefsn.<br \/>\n    Foto: John Christian Nygaard\n  <\/p>\n<p>  Over 50.000 kroner<\/p>\n<p>Fredag viste oversikten s\u00e5 langt at rundt 50 bedrifter i Vefsn hadde bidratt med til sammen 52.900 kroner. Noe Myrvang er sv\u00e6rt godt forn\u00f8yd med.<\/p>\n<p>\u2013 Det er en p\u00e5g\u00e5ende innsamling. M\u00e5let er \u00e5 f\u00e5 inn 100.000 kroner fra n\u00e6ringslivet f\u00f8r s\u00f8ndag, forteller hun.<\/p>\n<p>Myrvang syns det er r\u00f8rende at sm\u00e5 bedrifter, som kanskje ikke har all verden til \u00f8konomi, ogs\u00e5 gir.<\/p>\n<p>\u2013 Det er ikke st\u00f8rrelsen p\u00e5 bel\u00f8pet det kommer an p\u00e5, p\u00e5peker hun.<\/p>\n<p>I skrivende stund har n\u00e6ringslivet i Alstahaug bidratt med 13.500 kroner.<\/p>\n<p>St\u00f8tte arbeidet<\/p>\n<p>\u00c5rets innsamling g\u00e5r til Atlas-alliansen, som har som m\u00e5l \u00e5 \u00ab\u00e5pne d\u00f8rer for funksjonshemmede som lever i krig og fattigdom\u00bb.<\/p>\n<p>Pengene som kommer inn under \u00e5rets aksjon g\u00e5r til \u00e5 st\u00f8tte arbeidet for folk med funksjonsnedsettelser i s\u00e6rlig Ukraina og Palestina, samt Nepal, Zambia, Tanzania, Etiopia og Uganda.<\/p>\n<p>Dersom man \u00f8nsker \u00e5 gi et bidratt, kan man ogs\u00e5 g\u00e5 inn p\u00e5 nettsiden <a href=\"https:\/\/giverstafett.no\/\" rel=\"Follow nofollow noopener\" target=\"_blank\">giverstafett.no<\/a>. Der er det ogs\u00e5 mulig \u00e5 f\u00f8lge med p\u00e5 hvor mye penger som har kommet inn fra hver kommune.<\/p>\n","protected":false},"excerpt":{"rendered":"\u2013 Det er enklest \u00e5 f\u00e5 respons n\u00e5r vi kommer til lokale bedrifter som er styrt fra Mosj\u00f8en.&hellip;\n","protected":false},"author":2,"featured_media":63333,"comment_status":"","ping_status":"","sticky":false,"template":"","format":"standard","meta":{"footnotes":""},"categories":[10],"tags":[36,20,21,24,25,15,22,23,1068,62,13,30,28,29,14,16,1510,26,27,6611,1203],"class_list":{"0":"post-63332","1":"post","2":"type-post","3":"status-publish","4":"format-standard","5":"has-post-thumbnail","7":"category-norge","8":"tag-art","9":"tag-breaking-news","10":"tag-breakingnews","11":"tag-featured-news","12":"tag-featurednews","13":"tag-headlines","14":"tag-latest-news","15":"tag-latestnews","16":"tag-mosjoen","17":"tag-naeringsliv","18":"tag-news","19":"tag-no","20":"tag-norge","21":"tag-norway","22":"tag-nyheter","23":"tag-overskrifter","24":"tag-story","25":"tag-top-stories","26":"tag-topstories","27":"tag-tv-aksjonen","28":"tag-vefsn"},"share_on_mastodon":{"url":"","error":""},"_links":{"self":[{"href":"https:\/\/www.europesays.com\/no\/wp-json\/wp\/v2\/posts\/63332","targetHints":{"allow":["GET"]}}],"collection":[{"href":"https:\/\/www.europesays.com\/no\/wp-json\/wp\/v2\/posts"}],"about":[{"href":"https:\/\/www.europesays.com\/no\/wp-json\/wp\/v2\/types\/post"}],"author":[{"embeddable":true,"href":"https:\/\/www.europesays.com\/no\/wp-json\/wp\/v2\/users\/2"}],"replies":[{"embeddable":true,"href":"https:\/\/www.europesays.com\/no\/wp-json\/wp\/v2\/comments?post=63332"}],"version-history":[{"count":0,"href":"https:\/\/www.europesays.com\/no\/wp-json\/wp\/v2\/posts\/63332\/revisions"}],"wp:featuredmedia":[{"embeddable":true,"href":"https:\/\/www.europesays.com\/no\/wp-json\/wp\/v2\/media\/63333"}],"wp:attachment":[{"href":"https:\/\/www.europesays.com\/no\/wp-json\/wp\/v2\/media?parent=63332"}],"wp:term":[{"taxonomy":"category","embeddable":true,"href":"https:\/\/www.europesays.com\/no\/wp-json\/wp\/v2\/categories?post=63332"},{"taxonomy":"post_tag","embeddable":true,"href":"https:\/\/www.europesays.com\/no\/wp-json\/wp\/v2\/tags?post=63332"}],"curies":[{"name":"wp","href":"https:\/\/api.w.org\/{rel}","templated":true}]}}