{"id":63361,"date":"2025-10-17T23:32:08","date_gmt":"2025-10-17T23:32:08","guid":{"rendered":"https:\/\/www.europesays.com\/no\/63361\/"},"modified":"2025-10-17T23:32:08","modified_gmt":"2025-10-17T23:32:08","slug":"arizona-henrettet-mann-som-drepte-fire-familiemedlemmer","status":"publish","type":"post","link":"https:\/\/www.europesays.com\/no\/63361\/","title":{"rendered":"Arizona henrettet mann som drepte fire familiemedlemmer"},"content":{"rendered":"\n<p class=\"_lead_o9xde_2 _lead_xtcu6_50 layout-component text-serif-m layout-normal text-serif-l layout-component layout-wide layout-padded _wide_17hqh_1 layout-padded\">Richard Djerf (55) ble henrettet fredag etter 29 \u00e5r i fengsel.<\/p>\n<p><img alt=\"Richard Djerf Foto: AP \/ NTB\" class=\"_image_qp4xg_65 layout-component layout-wide\" data-fullscreen- data-track-element-type=\"Article image fullscreen\" data-track-name=\"ImageFullscreen\" fetchpriority=\"high\" decoding=\"sync\" loading=\"eager\" height=\"1667\" itemprop=\"image\"  src=\"https:\/\/www.europesays.com\/no\/wp-content\/uploads\/2025\/10\/e0af8033-4f71-4929-99ed-f46a18835d12\"  style=\"object-position:0% 0%\" width=\"1333\"\/>Richard Djerf Foto: AP \/ NTB<\/p>\n<ul aria-hidden=\"true\" class=\"_images_18f0k_111\">\n<li><a class=\"_link_18f0k_116\" href=\"https:\/\/www.vg.no\/forfatter\/kari-aarstad-aase\" style=\"z-index:1\" title=\"Kari Aarstad Aase\" rel=\"nofollow noopener\" target=\"_blank\"><img alt=\"Bilde av Kari Aarstad Aase\" class=\"_image_18f0k_93\" fetchpriority=\"low\" loading=\"lazy\" decoding=\"async\" itemprop=\"image\"  src=\"https:\/\/www.europesays.com\/no\/wp-content\/uploads\/2025\/10\/1760743928_385_0dbde33e-6d8e-4680-8e4f-e2a64281e2b8\"  width=\"480\"\/><\/a><\/li>\n<\/ul>\n<p> Oppdatert l\u00f8rdag 18. oktober kl. 00:19     <\/p>\n<p class=\"_paragraph_o9xde_4 _paragraph_xtcu6_10 layout-component text-serif-m layout-normal text-serif-m layout-padded\">Richard Kenneth Djerf ble henrettet ved giftinjeksjon fredag p\u00e5 <a href=\"https:\/\/www.vg.no\/tag\/arizona?utm_source=vg-article&amp;utm_medium=auto-tagger&amp;utm_campaign=4B55JE\" class=\"_link_o9xde_39\" rel=\"nofollow noopener\" target=\"_blank\">Arizona<\/a> State Prison Complex i Florence. Han ble d\u00f8mt for \u00e5 ha drept fire medlemmer av Luna-familien i Phoenix i 1993, melder <a href=\"https:\/\/www.nbcnews.com\/news\/us-news\/arizona-set-execute-richard-djerf-killed-4-members-phoenix-family-1993-rcna238126\" class=\"_link_o9xde_39\" rel=\"nofollow noopener\" target=\"_blank\">NBC News<\/a>.<\/p>\n<p class=\"_paragraph_o9xde_4 _paragraph_xtcu6_10 layout-component text-serif-m layout-normal text-serif-m layout-padded\">Djerf drepte ekteparet Albert Luna Sr. og Patricia Luna, deres 18 \u00e5r gamle datter Rochelle Luna og fem \u00e5r gamle s\u00f8nn Damien Luna 14. september 1993.<\/p>\n<p class=\"_paragraph_o9xde_4 _paragraph_xtcu6_10 layout-component text-serif-m layout-normal text-serif-m layout-padded\">If\u00f8lge p\u00e5talemyndigheten skyldte Djerf p\u00e5 Albert Luna Jr., som ikke var til stede under drapene, for et tidligere tyveri av elektronikk fra leiligheten sin. Djerf ble besatt av tanken p\u00e5 hevn og dukket opp i familiens hjem m\u00e5neder senereunder  p\u00e5skudd av \u00e5 skulle  \u00e5 levere blomster.<\/p>\n<p class=\"_paragraph_o9xde_4 _paragraph_xtcu6_10 layout-component text-serif-m layout-normal text-serif-m layout-padded\">Politiet sier Djerf voldtok Rochelle Luna og skar over strupen hennes, slo Albert Luna Sr. med balltre og stakk og skj\u00f8t ham, og bandt Patricia og Damien Luna fast p\u00e5 kj\u00f8kkenstoler f\u00f8r han skj\u00f8t dem.<\/p>\n<p class=\"_paragraph_o9xde_4 _paragraph_xtcu6_10 layout-component text-serif-m layout-normal text-serif-m layout-padded\">\u2013 Det finnes noen forbrytelser s\u00e5 grsomme, s\u00e5 blottet for menneskelighet, at rettferdigheten krever den ultimate straffen, sa statsadvokat Rachel Mitchell i en pressemelding.<\/p>\n<p class=\"_paragraph_o9xde_4 _paragraph_xtcu6_10 layout-component text-serif-m layout-normal text-serif-m layout-padded\">Djerf valgte \u00e5 ikke s\u00f8ke om ben\u00e5dning. <\/p>\n<p class=\"_paragraph_o9xde_4 _paragraph_xtcu6_10 layout-component text-serif-m layout-normal text-serif-m layout-padded\">Dette var Arizonas andre henrettelse i \u00e5r og den 39. i USA.<\/p>\n","protected":false},"excerpt":{"rendered":"Richard Djerf (55) ble henrettet fredag etter 29 \u00e5r i fengsel. Richard Djerf Foto: AP \/ NTB Oppdatert&hellip;\n","protected":false},"author":2,"featured_media":63362,"comment_status":"","ping_status":"","sticky":false,"template":"","format":"standard","meta":{"footnotes":""},"categories":[5],"tags":[49,20,21,3512,24,25,15,19,22,23,17,18,13,30,28,29,14,16,26,27,46],"class_list":{"0":"post-63361","1":"post","2":"type-post","3":"status-publish","4":"format-standard","5":"has-post-thumbnail","7":"category-overskrifter","8":"tag-arizona","9":"tag-breaking-news","10":"tag-breakingnews","11":"tag-dodsstraff","12":"tag-featured-news","13":"tag-featurednews","14":"tag-headlines","15":"tag-hovedoppslag","16":"tag-latest-news","17":"tag-latestnews","18":"tag-main-news","19":"tag-mainnews","20":"tag-news","21":"tag-no","22":"tag-norge","23":"tag-norway","24":"tag-nyheter","25":"tag-overskrifter","26":"tag-top-stories","27":"tag-topstories","28":"tag-vgai"},"share_on_mastodon":{"url":"","error":""},"_links":{"self":[{"href":"https:\/\/www.europesays.com\/no\/wp-json\/wp\/v2\/posts\/63361","targetHints":{"allow":["GET"]}}],"collection":[{"href":"https:\/\/www.europesays.com\/no\/wp-json\/wp\/v2\/posts"}],"about":[{"href":"https:\/\/www.europesays.com\/no\/wp-json\/wp\/v2\/types\/post"}],"author":[{"embeddable":true,"href":"https:\/\/www.europesays.com\/no\/wp-json\/wp\/v2\/users\/2"}],"replies":[{"embeddable":true,"href":"https:\/\/www.europesays.com\/no\/wp-json\/wp\/v2\/comments?post=63361"}],"version-history":[{"count":0,"href":"https:\/\/www.europesays.com\/no\/wp-json\/wp\/v2\/posts\/63361\/revisions"}],"wp:featuredmedia":[{"embeddable":true,"href":"https:\/\/www.europesays.com\/no\/wp-json\/wp\/v2\/media\/63362"}],"wp:attachment":[{"href":"https:\/\/www.europesays.com\/no\/wp-json\/wp\/v2\/media?parent=63361"}],"wp:term":[{"taxonomy":"category","embeddable":true,"href":"https:\/\/www.europesays.com\/no\/wp-json\/wp\/v2\/categories?post=63361"},{"taxonomy":"post_tag","embeddable":true,"href":"https:\/\/www.europesays.com\/no\/wp-json\/wp\/v2\/tags?post=63361"}],"curies":[{"name":"wp","href":"https:\/\/api.w.org\/{rel}","templated":true}]}}