{"id":63367,"date":"2025-10-17T23:51:08","date_gmt":"2025-10-17T23:51:08","guid":{"rendered":"https:\/\/www.europesays.com\/no\/63367\/"},"modified":"2025-10-17T23:51:08","modified_gmt":"2025-10-17T23:51:08","slug":"taylor-swift-donerer-100-000-dollar-til-kreftrammet-toaring","status":"publish","type":"post","link":"https:\/\/www.europesays.com\/no\/63367\/","title":{"rendered":"Taylor Swift donerer 100.000 dollar til kreftrammet to\u00e5ring"},"content":{"rendered":"\n<p class=\"_lead_o9xde_2 _lead_xtcu6_50 layout-component text-serif-m layout-normal text-serif-l layout-component layout-wide layout-padded _wide_17hqh_1 layout-padded\">Popstjernen overrasket familien med en stor gave.<\/p>\n<p><img alt=\" Foto: Jordan Strauss \/ AP \/ NTB\" class=\"_image_qp4xg_65 layout-component layout-wide\" data-fullscreen- data-track-element-type=\"Article image fullscreen\" data-track-name=\"ImageFullscreen\" fetchpriority=\"high\" decoding=\"sync\" loading=\"eager\" height=\"4000\" itemprop=\"image\"  src=\"https:\/\/www.europesays.com\/no\/wp-content\/uploads\/2025\/10\/f0641bd3-1597-42f1-99cb-409dee0e315c\"  style=\"object-position:0% 0%\" width=\"6000\"\/> Foto: Jordan Strauss \/ AP \/ NTB<\/p>\n<ul aria-hidden=\"true\" class=\"_images_18f0k_111\">\n<li><a class=\"_link_18f0k_116\" href=\"https:\/\/www.vg.no\/forfatter\/kari-aarstad-aase\" style=\"z-index:1\" title=\"Kari Aarstad Aase\" rel=\"nofollow noopener\" target=\"_blank\"><img alt=\"Bilde av Kari Aarstad Aase\" class=\"_image_18f0k_93\" fetchpriority=\"low\" loading=\"lazy\" decoding=\"async\" itemprop=\"image\"  src=\"https:\/\/www.europesays.com\/no\/wp-content\/uploads\/2025\/10\/1760745068_303_0dbde33e-6d8e-4680-8e4f-e2a64281e2b8\"  width=\"480\"\/><\/a><\/li>\n<\/ul>\n<p> Oppdatert l\u00f8rdag 18. oktober kl. 01:07     <\/p>\n<p class=\"_paragraph_o9xde_4 _paragraph_xtcu6_10 layout-component text-serif-m layout-normal text-serif-m layout-padded\"><a href=\"https:\/\/www.vg.no\/tag\/taylor-swift?utm_source=vg-article&amp;utm_medium=auto-tagger&amp;utm_campaign=8qrrAd\" class=\"_link_o9xde_39\" rel=\"nofollow noopener\" target=\"_blank\">Taylor Swift<\/a> har donert 100.000 dollar til en to\u00e5rig jente som kjemper mot kreft. Lilah fikk diagnosen stadium 4 hjernekreft etter et epileptisk anfall da hun bare var 18 m\u00e5neder gammel, melder <a href=\"https:\/\/people.com\/taylor-swift-donates-100kk-to-young-fan-battling-cancer-sending-biggest-hug-11832389\" class=\"_link_o9xde_39\" rel=\"nofollow noopener\" target=\"_blank\">People<\/a>.<\/p>\n<p class=\"_paragraph_o9xde_4 _paragraph_xtcu6_10 layout-component text-serif-m layout-normal text-serif-m layout-padded\">Moren Katelynn Smoot har delt datterens historie p\u00e5 sosiale medier i m\u00e5nedsvis. Familien har samlet inn penger til behandling via GoFundMe siden mars.<\/p>\n<p class=\"_paragraph_o9xde_4 _paragraph_xtcu6_10 layout-component text-serif-m layout-normal text-serif-m layout-padded\">Swift ble oppmerksom p\u00e5 saken etter at Katelynn la ut en video p\u00e5 TikTok som viste hvordan Lilah kalte sangeren sin \u00abvenn\u00bb mens hun s\u00e5 p\u00e5 Swift-videoer p\u00e5 iPad-en sin.<\/p>\n<p class=\"_paragraph_o9xde_4 _paragraph_xtcu6_10 layout-component text-serif-m layout-normal text-serif-m layout-padded\">\u2013 Jeg h\u00f8rte p\u00e5 Taylor hele svangerskapet og f\u00f8dte s\u00e5 en mini-Swiftie. Lilah elsker Taylors musikk og under kreftbehandlingen fant hun alltid glede i den, skrev moren.<\/p>\n<p class=\"_paragraph_o9xde_4 _paragraph_xtcu6_10 layout-component text-serif-m layout-normal text-serif-m layout-padded\">Fredag donerte Swift 100.000 dollar til familien.<\/p>\n<p class=\"_paragraph_o9xde_4 _paragraph_xtcu6_10 layout-component text-serif-m layout-normal text-serif-m layout-padded\">\u2013 Sender den st\u00f8rste klemmen til vennen min, Lilah! Kj\u00e6rlighet, Taylor, skrev hun under donasjonen.<\/p>\n<p class=\"_paragraph_o9xde_4 _paragraph_xtcu6_10 layout-component text-serif-m layout-normal text-serif-m layout-padded\">Donasjonen brakte familien nesten 60.000 dollar over m\u00e5let p\u00e5 100.000 dollar. Lilahs sjeldne og aggressive form for hjernekreft hadde bare 58 dokumenterte tilfeller i USA i fjor.<\/p>\n<p class=\"_paragraph_o9xde_4 _paragraph_xtcu6_10 layout-component text-serif-m layout-normal text-serif-m layout-padded\">\u2013 Er dette virkelig? Takk s\u00e5 mye. Dette betyr s\u00e5 mye for oss, skrev den takknemlige moren.<\/p>\n","protected":false},"excerpt":{"rendered":"Popstjernen overrasket familien med en stor gave. Foto: Jordan Strauss \/ AP \/ NTB Oppdatert l\u00f8rdag 18. oktober&hellip;\n","protected":false},"author":2,"featured_media":63368,"comment_status":"","ping_status":"","sticky":false,"template":"","format":"standard","meta":{"footnotes":""},"categories":[12],"tags":[20,21,24,25,15,704,22,23,13,30,28,29,14,16,1453,26,27,42,46,43,44,45],"class_list":{"0":"post-63367","1":"post","2":"type-post","3":"status-publish","4":"format-standard","5":"has-post-thumbnail","7":"category-verden","8":"tag-breaking-news","9":"tag-breakingnews","10":"tag-featured-news","11":"tag-featurednews","12":"tag-headlines","13":"tag-kreftbehandling","14":"tag-latest-news","15":"tag-latestnews","16":"tag-news","17":"tag-no","18":"tag-norge","19":"tag-norway","20":"tag-nyheter","21":"tag-overskrifter","22":"tag-taylor-swift","23":"tag-top-stories","24":"tag-topstories","25":"tag-verden","26":"tag-vgai","27":"tag-world","28":"tag-world-news","29":"tag-worldnews"},"share_on_mastodon":{"url":"","error":""},"_links":{"self":[{"href":"https:\/\/www.europesays.com\/no\/wp-json\/wp\/v2\/posts\/63367","targetHints":{"allow":["GET"]}}],"collection":[{"href":"https:\/\/www.europesays.com\/no\/wp-json\/wp\/v2\/posts"}],"about":[{"href":"https:\/\/www.europesays.com\/no\/wp-json\/wp\/v2\/types\/post"}],"author":[{"embeddable":true,"href":"https:\/\/www.europesays.com\/no\/wp-json\/wp\/v2\/users\/2"}],"replies":[{"embeddable":true,"href":"https:\/\/www.europesays.com\/no\/wp-json\/wp\/v2\/comments?post=63367"}],"version-history":[{"count":0,"href":"https:\/\/www.europesays.com\/no\/wp-json\/wp\/v2\/posts\/63367\/revisions"}],"wp:featuredmedia":[{"embeddable":true,"href":"https:\/\/www.europesays.com\/no\/wp-json\/wp\/v2\/media\/63368"}],"wp:attachment":[{"href":"https:\/\/www.europesays.com\/no\/wp-json\/wp\/v2\/media?parent=63367"}],"wp:term":[{"taxonomy":"category","embeddable":true,"href":"https:\/\/www.europesays.com\/no\/wp-json\/wp\/v2\/categories?post=63367"},{"taxonomy":"post_tag","embeddable":true,"href":"https:\/\/www.europesays.com\/no\/wp-json\/wp\/v2\/tags?post=63367"}],"curies":[{"name":"wp","href":"https:\/\/api.w.org\/{rel}","templated":true}]}}