{"id":63390,"date":"2025-10-18T01:14:21","date_gmt":"2025-10-18T01:14:21","guid":{"rendered":"https:\/\/www.europesays.com\/no\/63390\/"},"modified":"2025-10-18T01:14:21","modified_gmt":"2025-10-18T01:14:21","slug":"har-bedt-om-a-ga-ned-i-lonn","status":"publish","type":"post","link":"https:\/\/www.europesays.com\/no\/63390\/","title":{"rendered":"Har bedt om \u00e5 g\u00e5 ned i l\u00f8nn"},"content":{"rendered":"<p>Kim Hannisdal, direkt\u00f8r for kommunikasjon og samfunnskontakt i Helse Nord, har bedt om \u00e5 ned i l\u00f8nn, melder <a href=\"https:\/\/www.nrk.no\/tromsogfinnmark\/kim-hannisdal_-kommunikasjonsdirektor-i-helse-nord_-sier-han-vil-ga-tilbake-til-vikarlonn-1.17614936\" rel=\"noopener nofollow\" target=\"_blank\">NRK<\/a>.<\/p>\n<p>L\u00f8nnen hans ble et tema p\u00e5 Debatten p\u00e5 NRK forrige uke, der Helse Nord-toppene Marit Lind og Renate Larsen forsvarte \u00e5rsl\u00f8nnen hans p\u00e5 1,85 millioner kroner.<\/p>\n<p>L\u00f8nnen var 230.000 kroner h\u00f8yere enn hans forgjenger, Skjalg Fjellheim, fikk.<\/p>\n<p>If\u00f8lge NRK har Hannisdal n\u00e5 bedt om \u00e5 g\u00e5 ned 110.000 kroner i \u00e5rsl\u00f8nn, til 1,74 millioner kroner.<\/p>\n<p>\u2013 Jeg ser at min l\u00f8nn har skapt en uro som kan svekke min og Helse Nords mulighet til \u00e5 utf\u00f8re arbeidet jeg er sterkt motivert for og \u00f8nsker \u00e5 lykkes med. Jeg tok derfor initiativ overfor administrerende direkt\u00f8r Marit Lind i g\u00e5r om \u00e5 g\u00e5 tilbake til de l\u00f8nns- og arbeidsbetingelser jeg hadde da mitt vikariat ble avsluttet, sier Hannisdal til <a href=\"https:\/\/www.nrk.no\/tromsogfinnmark\/kim-hannisdal_-kommunikasjonsdirektor-i-helse-nord_-sier-han-vil-ga-tilbake-til-vikarlonn-1.17614936\" rel=\"noopener nofollow\" target=\"_blank\">NRK<\/a>.<\/p>\n","protected":false},"excerpt":{"rendered":"Kim Hannisdal, direkt\u00f8r for kommunikasjon og samfunnskontakt i Helse Nord, har bedt om \u00e5 ned i l\u00f8nn, melder&hellip;\n","protected":false},"author":2,"featured_media":63391,"comment_status":"","ping_status":"","sticky":false,"template":"","format":"standard","meta":{"footnotes":""},"categories":[10],"tags":[20,21,24,25,15,8164,8179,22,23,4577,13,30,28,29,14,16,26,27],"class_list":{"0":"post-63390","1":"post","2":"type-post","3":"status-publish","4":"format-standard","5":"has-post-thumbnail","7":"category-norge","8":"tag-breaking-news","9":"tag-breakingnews","10":"tag-featured-news","11":"tag-featurednews","12":"tag-headlines","13":"tag-helse-nord","14":"tag-kommunikasjon","15":"tag-latest-news","16":"tag-latestnews","17":"tag-lonn","18":"tag-news","19":"tag-no","20":"tag-norge","21":"tag-norway","22":"tag-nyheter","23":"tag-overskrifter","24":"tag-top-stories","25":"tag-topstories"},"share_on_mastodon":{"url":"","error":""},"_links":{"self":[{"href":"https:\/\/www.europesays.com\/no\/wp-json\/wp\/v2\/posts\/63390","targetHints":{"allow":["GET"]}}],"collection":[{"href":"https:\/\/www.europesays.com\/no\/wp-json\/wp\/v2\/posts"}],"about":[{"href":"https:\/\/www.europesays.com\/no\/wp-json\/wp\/v2\/types\/post"}],"author":[{"embeddable":true,"href":"https:\/\/www.europesays.com\/no\/wp-json\/wp\/v2\/users\/2"}],"replies":[{"embeddable":true,"href":"https:\/\/www.europesays.com\/no\/wp-json\/wp\/v2\/comments?post=63390"}],"version-history":[{"count":0,"href":"https:\/\/www.europesays.com\/no\/wp-json\/wp\/v2\/posts\/63390\/revisions"}],"wp:featuredmedia":[{"embeddable":true,"href":"https:\/\/www.europesays.com\/no\/wp-json\/wp\/v2\/media\/63391"}],"wp:attachment":[{"href":"https:\/\/www.europesays.com\/no\/wp-json\/wp\/v2\/media?parent=63390"}],"wp:term":[{"taxonomy":"category","embeddable":true,"href":"https:\/\/www.europesays.com\/no\/wp-json\/wp\/v2\/categories?post=63390"},{"taxonomy":"post_tag","embeddable":true,"href":"https:\/\/www.europesays.com\/no\/wp-json\/wp\/v2\/tags?post=63390"}],"curies":[{"name":"wp","href":"https:\/\/api.w.org\/{rel}","templated":true}]}}