{"id":63398,"date":"2025-10-18T03:28:18","date_gmt":"2025-10-18T03:28:18","guid":{"rendered":"https:\/\/www.europesays.com\/no\/63398\/"},"modified":"2025-10-18T03:28:18","modified_gmt":"2025-10-18T03:28:18","slug":"en-tankevekker","status":"publish","type":"post","link":"https:\/\/www.europesays.com\/no\/63398\/","title":{"rendered":"&#8211; En tankevekker"},"content":{"rendered":"<p>    Kort fortalt<\/p>\n<ul lang=\"nb-NO\">\n<li>Kim S\u00e6thern opplevde marerittet da hunden hans, Vilma, falt og skadet seg i fjellet.<\/li>\n<li>Veterin\u00e6r Hege Elisabeth Falck-Andersen og et team kom raskt til unnsetning.<\/li>\n<li>Til tross for innsatsen m\u00e5tte Vilma avlives p\u00e5 grunn av alvorlige skader.<\/li>\n<li>Lokalsamfunnet har vist stort engasjement.<\/li>\n<\/ul>\n<p class=\"italic ai-disclaimer\" data-lab-italic=\"italic\">Sammendraget er laget av ChatGPT og godkjent av Dagbladet.<\/p>\n<p>      Vis mer<br \/>\n      Vis mindre<\/p>\n<p>Torsdag morgen opplevde <a href=\"https:\/\/www.dagbladet.no\/nyheter\/hundedrama-i-fjellet\/83730599\" rel=\"nofollow noopener\" target=\"_blank\">Kim S\u00e6thern en hundeeiers verste mareritt<\/a>:<\/p>\n<p>Hunden hans Vilma hadde falt ned en skrent og skadet seg p\u00e5 fjellet. Hun hadde store smerter og glefset da han pr\u00f8vde \u00e5 flytte henne. Han var helt alene og mobildekningen var d\u00e5rlig.\u00a0<\/p>\n<p>S\u00e6thern bestemte seg for \u00e5 be om hjelp i et hjertef\u00f8lt innlegg i Facebook-gruppa\u00a0\u00abOppslagstavle Hemsedal\u00bb.\u00a0<\/p>\n<p>Hjelpen kom umiddelbart.\u00a0<\/p>\n<p>Da veterin\u00e6r\u00a0Hege Elisabeth Falck-Andersen s\u00e5 innlegget kastet hun seg rundt og dro opp mot\u00a0Nevreskardtjernet i Hemsedal for \u00e5 hjelpe. <\/p>\n<p>&#8211; Det var fint \u00e5 se engasjementet det skapte. Folk stiller opp med det de kan n\u00e5r slike ting skjer. Jeg er veldig glad for at s\u00e5 mange tok kontakt, sier hun til Dagbladet.\u00a0<\/p>\n<p>        ULYKKE: Hunden Vilma ble hardt skadd etter et fall i fjellet, og eieren ba desperat om hjelp p\u00e5 Facebook. Historien fikk dessverre et tragisk utfall. Foto: Privat<\/p>\n<p>M\u00e5tte avlives\t<\/p>\n<p>Falck-Andersen fikk med seg <a href=\"https:\/\/www.dagbladet.no\/nyheter\/dramatiske-timer-store-skader\/83734377\" rel=\"nofollow noopener\" target=\"_blank\">Kristin Lysne Larsen og Helen Ovidia Gr\u00f8nnslett p\u00e5 turen.<\/a><\/p>\n<p>&#8211; Det var helt uvurderlig \u00e5 ha dem med. B\u00e5de Helen, som var rask til beins og bar b\u00e5ra, og Kristin som bisto med \u00e5 organisere og finne dekning da vi var der oppe, sier hun.\u00a0<\/p>\n<p>De brukte rundt tre timer p\u00e5 turen opp til Kim S\u00e6thern og hunden.<\/p>\n<p>          <img loading=\"lazy\" decoding=\"async\" src=\"https:\/\/www.europesays.com\/no\/wp-content\/uploads\/2025\/10\/1760758094_291_83734479.webp\" width=\"686\" height=\"995\" title=\"Foto: Skjermdump \/ Facebook\" alt=\"\" class=\"\" style=\"--aspect-ratio-image: 0.69; \"\/><\/p>\n<p>\n          Foto: Skjermdump \/ Facebook\n      <\/p>\n<p> &#8211; Dette er over all forventning. Jeg h\u00e5per virkelig p\u00e5 det beste, men er forberedt p\u00e5 det verste. Hunden er kraftig forsl\u00e5tt, men utrolig nok ingen synlige skader, uttalte S\u00e6thern til avisa\u00a0<a href=\"https:\/\/www.hallingdolen.no\/nyheiter\/n\/gwgMOk\/hund-alvorleg-skadd-paa-fjellet-ber-om-hjelp\" rel=\"nofollow noopener\" target=\"_blank\">Hallingd\u00f8len<\/a>\u00a0da det var klart at hjelpen var p\u00e5 vei. <\/p>\n<p>Da hjelpen kom fram gjorde Falck-Andersen en grundig sjekk og konkluderte med at hunden hadde s\u00e5 store skader at det mest humane var \u00e5 avlive henne.\u00a0<\/p>\n<p>Hunden ble avlivet p\u00e5 stedet.<\/p>\n<p>          <img loading=\"lazy\" decoding=\"async\" src=\"https:\/\/www.europesays.com\/no\/wp-content\/uploads\/2025\/10\/1760758095_100_83734477.webp\" width=\"686\" height=\"392\" title=\"KUNNE IKKE REDDES: Kim S\u00e6thern pakket Vilma inn i en jervenduk mens han ventet p\u00e5 hjelpen. Foto: Privat\" alt=\"\" class=\"\" style=\"--aspect-ratio-image: 1.75; \"\/><\/p>\n<p>\n          KUNNE IKKE REDDES: Kim S\u00e6thern pakket Vilma inn i en jervenduk mens han ventet p\u00e5 hjelpen. Foto: Privat\n      <\/p>\n<p>M\u00e5tte b\u00e6res: &#8211; Ikke lett\t<\/p>\n<p>Neste steg var \u00e5 f\u00e5 transportert hunden ut av h\u00f8yfjellet. De var fire personer, og med de utfordrende forholdene var utsiktene for \u00e5 b\u00e6re hunden ned p\u00e5 en b\u00e5re d\u00e5rlige.\u00a0<\/p>\n<p> &#8211; Det var suboptimalt. Sn\u00f8 fra sn\u00f8grensa og opp, og vind. Det var ikke ekstremv\u00e6r, men det er jo h\u00f8yfjellet og oktober, s\u00e5 det var surt. <\/p>\n<p>Det bratte terrenget hjalp heller ikke nevneverdig.\u00a0<\/p>\n<p>    <a itemprop=\"url\" href=\"https:\/\/www.dagbladet.no\/nyheter\/dramatiske-timer-store-skader\/83734377\" rel=\"nofollow noopener\" target=\"_blank\"><\/p>\n<p>      <img loading=\"lazy\" decoding=\"async\" src=\"https:\/\/www.europesays.com\/no\/wp-content\/uploads\/2025\/10\/1760758096_373_83734389.webp\" width=\"980\" height=\"441\" title=\"Dramatiske timer: - Store skader\" alt=\"\" class=\"lazyload\" style=\"--aspect-ratio-image: 2.22; \"\/><\/p>\n<p>        Dramatiske timer: &#8211; Store skader<\/p>\n<p>    <\/a><\/p>\n<p>Til tross for den d\u00e5rlige dekningen, klarte hjelpeteamet \u00e5 f\u00e5 tilkalt et helikopter fra Fonnafly, som tilfeldigvis var p\u00e5 vei over fjellet. Men de m\u00e5tte fortsatt frakte hunden til et omr\u00e5de hvor helikopteret kunne lande.<\/p>\n<p>&#8211; Vi m\u00e5tte ha den ned et godt stykke, sier Falck-Andersen.\u00a0<\/p>\n<p> &#8211; Jeg vet ikke om vi hadde f\u00e5tt hunden helt ned med fire personer. Det var ikke lett \u00e5 komme seg ned dit, legger hun til.\u00a0<\/p>\n<p>Etter at det hele var over, kom to personer til opp for \u00e5 hjelpe. De hadde v\u00e6rt redningen om de ikke hadde klart \u00e5 rekvirere helikopter, forteller Falck-Andersen.\u00a0<\/p>\n<p>          <img loading=\"lazy\" decoding=\"async\" src=\"https:\/\/www.europesays.com\/no\/wp-content\/uploads\/2025\/10\/1760758097_977_83734574.webp\" width=\"686\" height=\"392\" title=\"STOR HJELP: Fonnafly rykket ut for \u00e5 bist\u00e5 med frakt av Vilma p\u00e5 kort varsel. Foto: Kristin Lysne Larsen\" alt=\"\" class=\"\" style=\"--aspect-ratio-image: 1.75; \"\/><\/p>\n<p>\n          STOR HJELP: Fonnafly rykket ut for \u00e5 bist\u00e5 med frakt av Vilma p\u00e5 kort varsel. Foto: Kristin Lysne Larsen\n      <\/p>\n<p>&#8211; Suboptimale forhold\t<\/p>\n<p>Fredag ettermiddag er Falck-Andersen tilbake i sin vanlige arbeidshverdag som veterin\u00e6r. Hun hyller lokalsamfunnet og er forn\u00f8yd med at de fikk l\u00f8st det p\u00e5 en fin m\u00e5te, n\u00e5r uhellet f\u00f8rst var ute.<\/p>\n<p>&#8211; Jeg har veldig medf\u00f8lelse for Kim som satt der oppe. Hvis ikke han hadde pakka sekken godt og v\u00e6rt forberedt, hadde det v\u00e6rt veldig mye vanskeligere, sier hun.\u00a0<\/p>\n<p>&#8211; Det blir en tankevekker. Man m\u00e5 tenke seg om og ha godt utstyr p\u00e5 fjellet, legger hun til.\u00a0<\/p>\n<p>    <a itemprop=\"url\" href=\"https:\/\/www.dagbladet.no\/nyheter\/hundedrama-i-fjellet\/83730599\" rel=\"nofollow noopener\" target=\"_blank\"><\/p>\n<p>      <img loading=\"lazy\" decoding=\"async\" src=\"https:\/\/www.europesays.com\/no\/wp-content\/uploads\/2025\/10\/1760758098_441_83731928.webp\" width=\"980\" height=\"441\" title=\"Hundedrama i fjellet\" alt=\"\" class=\"lazyload\" style=\"--aspect-ratio-image: 2.22; \"\/><\/p>\n<p>        Hundedrama i fjellet<\/p>\n<p>    <\/a><\/p>\n<p class=\"italic m-italic\" data-lab-italic=\"italic\">&#8211; Har du noen gang opplevd noe lignende?\u00a0<\/p>\n<p>&#8211;\u00a0 Jeg har gjort mye st\u00f8rre bragder i fj\u00f8s, stall og p\u00e5 kontoret, som aldri blir skrevet om. Men jeg har nok aldri v\u00e6rt p\u00e5 s\u00e5 lang fjelltur for \u00e5 redde en hund. <\/p>\n<p> I tillegg til det voldsomme engasjementet, har det blitt opprettet en Spleis for \u00e5 samle inn penger til S\u00e6thern.\u00a0Fredag ettermiddag har det kommet inn over 50 000 kroner. Eieren har sagt at pengene skal g\u00e5 til de som hjalp ham.\u00a0<\/p>\n<p>Gravlagt fredag\u00a0\t<\/p>\n<p>Dagbladet var torsdag i kontakt med b\u00e5de S\u00e6thern og hans samboer Anette S\u00f8rum. P\u00e5 vegne av dem begge hyllet S\u00f8rum alle som bidro med \u00e5 hjelpe dem og Vilma.\u00a0<\/p>\n<p>&#8211; Vi er s\u00e5 utrolig takknemlige for alle som har engasjert seg i denne saken. Vi er overveldet, skrev <a href=\"https:\/\/www.dagbladet.no\/nyheter\/dramatiske-timer-store-skader\/83734377\" rel=\"nofollow noopener\" target=\"_blank\">S\u00f8rum i en melding til Dagbladet p\u00e5 vegne av b\u00e5de henne selv og samboeren.\u00a0<\/a><\/p>\n<p>Fredag kveld hyller S\u00e6thern alle som har engasjert seg i et nytt innlegg i Facebook-gruppa\u00a0\u00abOppslagstavle Hemsedal\u00bb.\u00a0<\/p>\n<p>Han forteller at Vilma ble gravlagt fredag p\u00e5 \u00aben fin plass her hjemme p\u00e5 Finnskogen\u00bb.<\/p>\n<p>\u00abHun var h\u00f8yt elsket og blir dypt savnet\u00bb, avslutter han og samboeren innlegget.\u00a0<\/p>\n","protected":false},"excerpt":{"rendered":"Kort fortalt Kim S\u00e6thern opplevde marerittet da hunden hans, Vilma, falt og skadet seg i fjellet. Veterin\u00e6r Hege&hellip;\n","protected":false},"author":2,"featured_media":63399,"comment_status":"","ping_status":"","sticky":false,"template":"","format":"standard","meta":{"footnotes":""},"categories":[5],"tags":[20,21,24,25,15,19,2539,22,23,17,18,13,30,28,29,14,16,26,27],"class_list":{"0":"post-63398","1":"post","2":"type-post","3":"status-publish","4":"format-standard","5":"has-post-thumbnail","7":"category-overskrifter","8":"tag-breaking-news","9":"tag-breakingnews","10":"tag-featured-news","11":"tag-featurednews","12":"tag-headlines","13":"tag-hovedoppslag","14":"tag-innenriks","15":"tag-latest-news","16":"tag-latestnews","17":"tag-main-news","18":"tag-mainnews","19":"tag-news","20":"tag-no","21":"tag-norge","22":"tag-norway","23":"tag-nyheter","24":"tag-overskrifter","25":"tag-top-stories","26":"tag-topstories"},"share_on_mastodon":{"url":"","error":""},"_links":{"self":[{"href":"https:\/\/www.europesays.com\/no\/wp-json\/wp\/v2\/posts\/63398","targetHints":{"allow":["GET"]}}],"collection":[{"href":"https:\/\/www.europesays.com\/no\/wp-json\/wp\/v2\/posts"}],"about":[{"href":"https:\/\/www.europesays.com\/no\/wp-json\/wp\/v2\/types\/post"}],"author":[{"embeddable":true,"href":"https:\/\/www.europesays.com\/no\/wp-json\/wp\/v2\/users\/2"}],"replies":[{"embeddable":true,"href":"https:\/\/www.europesays.com\/no\/wp-json\/wp\/v2\/comments?post=63398"}],"version-history":[{"count":0,"href":"https:\/\/www.europesays.com\/no\/wp-json\/wp\/v2\/posts\/63398\/revisions"}],"wp:featuredmedia":[{"embeddable":true,"href":"https:\/\/www.europesays.com\/no\/wp-json\/wp\/v2\/media\/63399"}],"wp:attachment":[{"href":"https:\/\/www.europesays.com\/no\/wp-json\/wp\/v2\/media?parent=63398"}],"wp:term":[{"taxonomy":"category","embeddable":true,"href":"https:\/\/www.europesays.com\/no\/wp-json\/wp\/v2\/categories?post=63398"},{"taxonomy":"post_tag","embeddable":true,"href":"https:\/\/www.europesays.com\/no\/wp-json\/wp\/v2\/tags?post=63398"}],"curies":[{"name":"wp","href":"https:\/\/api.w.org\/{rel}","templated":true}]}}