{"id":63417,"date":"2025-10-18T04:33:22","date_gmt":"2025-10-18T04:33:22","guid":{"rendered":"https:\/\/www.europesays.com\/no\/63417\/"},"modified":"2025-10-18T04:33:22","modified_gmt":"2025-10-18T04:33:22","slug":"slik-skifter-du-til-vinterdekk-tips-fra-ekspertene","status":"publish","type":"post","link":"https:\/\/www.europesays.com\/no\/63417\/","title":{"rendered":"Slik skifter du til vinterdekk: Tips fra ekspertene"},"content":{"rendered":"<p class=\"kicker bg-cyan color_mobile_bg-cyan hasTextPadding mobile-hasTextPadding\" style=\"\">Dekkskift f\u00f8r kulda kommer:<\/p>\n<p>  Bilverkstedene ringes ned. Men TV-kjendisene Lothepus og Alex\u00a0Ros\u00e9n mener dekkskift er noe alle b\u00f8r klare selv.<\/p>\n<p>\n    KLAR BESKJED: Lothepus og Alex Ros\u00e9n er klar i sin oppfatning. Folk b\u00f8r kunne skifte bildekkene sine selv. Bildet er tatt ved en annen anledning. Foto: Bent Are Sigvaldsen\/Se og H\u00f8r\n  <\/p>\n<p>    Kort fortalt<\/p>\n<p lang=\"nb-NO\">H\u00f8sten har kommet, og med den, sn\u00f8 og behovet for \u00e5 bytte til vinterdekk.<\/p>\n<p lang=\"nb-NO\">K\u00f8ene hos dekkverksteder vokser, og mange utvider \u00e5pningstidene for \u00e5 m\u00f8te ettersp\u00f8rselen.<\/p>\n<p lang=\"nb-NO\">TV-profiler som Alex Ros\u00e9n og Lothepus mener at dekkskift er noe alle bilister b\u00f8r kunne gj\u00f8re selv.<\/p>\n<p lang=\"nb-NO\">NAF advarer om viktigheten av gode vinterdekk og minner om at sj\u00e5f\u00f8rene har ansvar for dekkene sine.<\/p>\n<p class=\"italic ai-disclaimer\" data-lab-italic=\"italic\">Sammendraget er laget av ChatGPT og godkjent av DinSide.<\/p>\n<p>      Vis mer<br \/>\n      Vis mindre<\/p>\n<p> Det er ingen tvil. H\u00f8sten er her, og natt til fredag kom det faktisk sn\u00f8 flere steder i landet.\u00a0<a href=\"https:\/\/www.dagbladet.no\/nyheter\/veien-er-en-skoytebane\/83736264\" target=\"_blank\" rel=\"nofollow noopener\">Beskjeden fra meteorologen var klar: Vinteren er rett rundt hj\u00f8rnet<\/a>.\u00a0<\/p>\n<p>Det betyr \u00e9n ting: sommerdekksesongen er over &#8211; og tida for dekkskift er inne.<\/p>\n<p>K\u00f8ene for \u00e5 f\u00e5 skiftet dekk hos profesjonelle akt\u00f8rer vokser.\u00a0<\/p>\n<p>    <a itemprop=\"url\" href=\"https:\/\/dinside.dagbladet.no\/video\/dette-dekkskift-trikset-kan-redde-deg\/JtclGW2Y\" rel=\"nofollow noopener\" target=\"_blank\"><\/p>\n<p>      <img loading=\"lazy\" decoding=\"async\" src=\"https:\/\/www.europesays.com\/no\/wp-content\/uploads\/2025\/10\/82985247.webp\" width=\"980\" height=\"441\" title=\"Dette dekkskift-trikset kan redde deg\" alt=\"\" class=\"lazyload\" style=\"--aspect-ratio-image: 2.22; \"\/><\/p>\n<p>        Dette dekkskift-trikset kan redde deg<\/p>\n<p>    <\/a><\/p>\n<p>&#8211; Vi merker en sterk \u00f8kning for \u00e5 f\u00e5 skiftet til vinterdekk, sier markedssjef Line Setsaas hos den landsdekkende dekk-kjeden Bestdrive.\u00a0<\/p>\n<p>Telefonrush\t<\/p>\n<p>&#8211; Dekkskifterushet har f\u00f8rt til at vi har m\u00e5ttet utvide \u00e5pningstidene p\u00e5 hverdager, samt holder \u00e5pent p\u00e5 l\u00f8rdager, legger hun til.<\/p>\n<p>Men ikke alle er like imponert over nordmenn som ikke orker \u00e5 skifte bildekkene sine selv.<\/p>\n<p>          <img loading=\"lazy\" decoding=\"async\" src=\"https:\/\/www.europesays.com\/no\/wp-content\/uploads\/2025\/10\/83736904.webp\" width=\"980\" height=\"559\" title=\"STORT TR\u00d8KK: Det er stor trafikk hos dekkleverand\u00f8rene for tida. Stadig flere velger \u00e5 sette bort dekkskift til profesjonelle. Bildet er fra Vianor p\u00e5 \u00d8kern i Oslo. Foto: Vidar Ruud, ANB\/ALL OVER PRESS\" alt=\"\" class=\"\" style=\"--aspect-ratio-image: 1.75; \"\/><\/p>\n<p>\n          STORT TR\u00d8KK: Det er stor trafikk hos dekkleverand\u00f8rene for tida. Stadig flere velger \u00e5 sette bort dekkskift til profesjonelle. Bildet er fra Vianor p\u00e5 \u00d8kern i Oslo. Foto: Vidar Ruud, ANB\/ALL OVER PRESS\n      <\/p>\n<p>Programleder, komiker og musiker Alex Ros\u00e9n er tydelig p\u00e5 hva han mener om folk som ikke har l\u00e6rt seg \u00e5 skifte dekk:<\/p>\n<p>&#8211; Jeg ler av dem. Haha! Det er jo j\u00e6vlig vanskelig, liksom? 5-6 skruer. Det er jo mye, haha!<\/p>\n<p>Men Ros\u00e9n er ogs\u00e5 rask med \u00e5 nyansere kritikken sin:<\/p>\n<p>&#8211; Folk som har en funksjonsnedsettelse, eller som ikke er sterke nok til \u00e5 skifte dekk, m\u00e5 selvf\u00f8lgelig f\u00e5 hjelp til det. Jeg ler aldri av dem. Selv skifter jeg dekkene p\u00e5 bilen til bestemor, for hun er snart 100 \u00e5r!<\/p>\n<p>          <img loading=\"lazy\" decoding=\"async\" src=\"https:\/\/www.europesays.com\/no\/wp-content\/uploads\/2025\/10\/78282224.webp\" width=\"686\" height=\"460\" title=\"KLAR OPPFORDRING: Alex Ros\u00e9n synes folk som ikke har l\u00e6rt seg \u00e5 skifte dekk p\u00e5 bilen b\u00f8r ta seg i nakken. Han oppfordrer alle til \u00e5 etterstramme skruene p\u00e5 dekkene. Foto: J\u00f8rn H.Moen \/ Dagbladet\" alt=\"\" class=\"\" style=\"--aspect-ratio-image: 1.49; \"\/><\/p>\n<p>\n          KLAR OPPFORDRING: Alex Ros\u00e9n synes folk som ikke har l\u00e6rt seg \u00e5 skifte dekk p\u00e5 bilen b\u00f8r ta seg i nakken. Han oppfordrer alle til \u00e5 etterstramme skruene p\u00e5 dekkene. Foto: J\u00f8rn H.Moen \/ Dagbladet\n      <\/p>\n<p>Sparer penger\t<\/p>\n<p>Selv har Alex Ros\u00e9n flere biler til ulikt bruk. Noen ganger skifter han dekkene selv, andre ganger kj\u00f8per han dekkskift der han har bilen p\u00e5 service.<\/p>\n<p>        S\u00c5 ENKELT KAN DET GJ\u00d8RES: Med en garasjejekk, en muttertrekker og en momentn\u00f8kkel, bytter du hjul selv p\u00e5 en halv time. Utstyret koster noen kroner, men er nesten evigvarende. Video: Rune Korsvoll<\/p>\n<p>&#8211; Det er ikke alltid jeg har tid til \u00e5 gj\u00f8re det. Men det er jo lurt \u00e5 gj\u00f8re det selv. Da sparer man fort mye penger. Penger spart er penger tjent.<\/p>\n<p>TV-profilen har en h\u00f8ne \u00e5 plukke med dem som ikke har l\u00e6rt seg kunsten \u00e5 skifte dekk.<\/p>\n<p>&#8211; De gidder ikke sette seg inn i det. Det er noe som alle med bil b\u00f8r kunne.<\/p>\n<p>    <a itemprop=\"url\" href=\"https:\/\/dinside.dagbladet.no\/reise\/kan-vaere-redningen\/83672013\" rel=\"nofollow noopener\" target=\"_blank\"><\/p>\n<p>      <img loading=\"lazy\" decoding=\"async\" src=\"https:\/\/www.europesays.com\/no\/wp-content\/uploads\/2025\/10\/1760761999_432_83676542.webp\" width=\"980\" height=\"441\" title=\"Kan v\u00e6re redningen\" alt=\"\" class=\"lazyload\" style=\"--aspect-ratio-image: 2.22; \"\/><\/p>\n<p>        Kan v\u00e6re redningen<\/p>\n<p>    <\/a><\/p>\n<p>Innr\u00f8mmelsen\t<\/p>\n<p>Maskinentrepren\u00f8r og TV-profil Leif Einar Lothe, bedre kjent som Lothepus, innr\u00f8mmer at han ikke skifter dekkene sine selv.<\/p>\n<p>&#8211; Jeg har folk til \u00e5 gj\u00f8re s\u00e5nt, for jeg har ikke tid selv. Men alle b\u00f8r kunne det. Kvinnfolk ogs\u00e5, p\u00e5peker Lothepus, som har forst\u00e5else for at mange velger \u00e5 ha dekkene p\u00e5 dekkhotell, og at profesjonelle skifter dekkene.<\/p>\n<p>&#8211; Det er altfor mange hjul som detter av, fordi folk ikke strammer skruene skikkelig. Det er veldig viktig \u00e5 etterstramme dekkene, minner han om.<\/p>\n<p>          <img loading=\"lazy\" decoding=\"async\" src=\"https:\/\/www.europesays.com\/no\/wp-content\/uploads\/2025\/10\/83494088.webp\" width=\"980\" height=\"559\" title=\"OPPFORDRING TIL NORDMENN: Lothepus - kjendis, artist, entrepren\u00f8r og forretningsmann - er tydelig p\u00e5 at det viktigste er \u00e5 tenke sikkerhet p\u00e5 veiene n\u00e5 n\u00e5r kulda setter inn. Foto: Kristian Ridder-Nielsen \/ Dagbladet\" alt=\"\" class=\"\" style=\"--aspect-ratio-image: 1.75; \"\/><\/p>\n<p>\n          OPPFORDRING TIL NORDMENN: Lothepus &#8211; kjendis, artist, entrepren\u00f8r og forretningsmann &#8211; er tydelig p\u00e5 at det viktigste er \u00e5 tenke sikkerhet p\u00e5 veiene n\u00e5 n\u00e5r kulda setter inn. Foto: Kristian Ridder-Nielsen \/ Dagbladet\n      <\/p>\n<p>Lothepus mener folk venter for lenge med \u00e5 skifte til vinterdekk.<\/p>\n<p>&#8211; De b\u00f8r skjerpe seg og legge om i tide. Det burde v\u00e6rt gjort for 14 dager siden. Det blir kaos p\u00e5 veiene n\u00e5r kulda og sn\u00f8ene kommer, og folk ikke har skiftet dekkene.<\/p>\n<p class=\"italic m-italic\" data-lab-italic=\"italic\">&#8211; Er folk p\u00e5 bygda flinkere p\u00e5 dette, tror du?<\/p>\n<p>&#8211; Ja, det tror jeg.<\/p>\n<p>Advarer mot \u00e5 vente\t<\/p>\n<p>\u2013 N\u00e5 er det meldt kaldere og fare for sn\u00f8 flere steder i landet. Da er det p\u00e5 tide \u00e5 finne fram vinterdekkene, sier Nils S\u00f8dal, senior kommunikasjonsr\u00e5dgiver i NAF.<\/p>\n<p>Han minner om at mange ikke husker tilstanden p\u00e5 vinterdekkene etter en lang sommer.\u00a0<\/p>\n<p>    <a itemprop=\"url\" href=\"https:\/\/dinside.dagbladet.no\/reise\/formidabel-interesse\/83730718\" rel=\"nofollow noopener\" target=\"_blank\"><\/p>\n<p>      <img loading=\"lazy\" decoding=\"async\" src=\"https:\/\/www.europesays.com\/no\/wp-content\/uploads\/2025\/10\/1760762001_683_83731293.webp\" width=\"980\" height=\"441\" title=\"- Formidabel interesse\" alt=\"\" class=\"lazyload\" style=\"--aspect-ratio-image: 2.22; \"\/><\/p>\n<p>        &#8211; Formidabel interesse<\/p>\n<p>    <\/a><\/p>\n<p>\u2013 Etter et halvt \u00e5r med kj\u00f8ring p\u00e5 sommerdekk, er det ikke alle som husker tilstanden til vinterdekkene som ble tatt av bilen i v\u00e5r. Da haster det med \u00e5 f\u00e5 sjekket om du trenger nye vinterdekk f\u00f8r denne vinteren, sier S\u00f8dal.<\/p>\n<p>NAF anbefaler at vinterdekk har minst fire millimeter m\u00f8nsterdybde, selv om lovkravet er tre.\u00a0<\/p>\n<p>&#8211; Ikke spar penger p\u00e5 dekk. Det er den kontakten bilen din har med underlaget, s\u00e5 da m\u00e5 dekkene v\u00e6re av god kvalitet, oppfordrer S\u00f8dal.<\/p>\n<p>    Ta dekktesten n\u00e5<\/p>\n<ul>\n<li>M\u00f8nsterdybden p\u00e5 vinterdekk m\u00e5 v\u00e6re 3 mm, men 5 mm er anbefalt\u00a0<\/li>\n<li>Du kan kj\u00f8re med sommerdekk p\u00e5 vinteren, hvis forholdene tillater det, men fra 1. november til 2. p\u00e5skedag m\u00e5 ogs\u00e5 sommerdekkene ha en m\u00f8nsterdybde p\u00e5 minimum 3 mm. I Nordland, Troms og Finnmark gjelder kravet fra 16. oktober til 30. april.\u00a0<\/li>\n<li>Sjekk m\u00f8nsterdybden med en tommestokk i dag.\u00a0<\/li>\n<li>Sjekk lufttrykket i dekkene annenhver m\u00e5ned. Hvis du har 30 % for lite luft halverer du dekkets levetid. Du b\u00f8r ha 10 % mer luft i vinterdekk enn sommerdekk.\u00a0<\/li>\n<li>Korrekt lufttrykk st\u00e5r som oftest i bilens instruksjonsbok eller p\u00e5 innsiden av p\u00e5fyllingslokket.\u00a0<\/li>\n<li>Sjekk ogs\u00e5 lufttrykket til reservehjulet.\u00a0<\/li>\n<li>Et dekk varer vanligvis 3-4 sesonger, men det avhenger av kj\u00f8restil og kj\u00f8relengde.\u00a0<\/li>\n<li>Du kan bytte plass p\u00e5 dekkene for \u00e5 slite dem jevnt, men dekk p\u00e5 samme aksling skal v\u00e6re like.\u00a0<\/li>\n<li>V\u00e6r obs p\u00e5 kuler og rifter i dekket. Slike skader kan i verste fall f\u00f8re til at dekket eksploderer.\u00a0<\/li>\n<li>Bildekk er ferskvare og b\u00f8r oppbevares m\u00f8rkt, t\u00f8rt og kj\u00f8lig.\u00a0<\/li>\n<li>Husk \u00e5 rengj\u00f8re b\u00e5de dekk og felg f\u00f8r du setter dem bort. Fjern steiner fra dekkene.\u00a0<\/li>\n<li>Merk dekkene hvor de har st\u00e5tt tidligere. Skriv p\u00e5 dekkene med kritt eller kj\u00f8p egne merkelapper.\u00a0<\/li>\n<li>Skiftet v\u00e6ret f\u00f8r du rakk \u00e5 skifte dekk? La bilen st\u00e5.\u00a0<br \/>(Kilde: Frende)<\/li>\n<\/ul>\n<p>      Vis mer<br \/>\n      Vis mindre<\/p>\n<p>Farlig glatt\t<\/p>\n<p>V\u00e6r obs p\u00e5 s\u00e5kalt \u00abusynlig is\u00bb.\u00a0<\/p>\n<p>&#8211; Bar vei som ser t\u00f8rr ut, kan v\u00e6re glatt. Se etter m\u00f8rkere, glinsende asfalt. Pr\u00f8v \u00e5 bremse s\u00e5 du vet tilstanden til underlaget du kj\u00f8rer p\u00e5, sier fagsjef p\u00e5 motor i Frende Forsikring, Roger Ytre-Hauge.<\/p>\n<p>Tall fra Statens vegvesen viser at 89 personer har mistet livet i trafikken hittil i \u00e5r \u2013 15 flere enn p\u00e5 samme tid i fjor, og flere enn hele 2024 totalt.\u00a0<\/p>\n<p>\u2013 Det er tragisk h\u00f8ye tall og en urovekkende trend, sier Ytre-Hauge.\u00a0<\/p>\n<p class=\"font-weight-bold m-font-weight-bold\" data-lab-font_weight=\"font-weight-bold\">\u2013 \u00c5 skifte dekk i tide er et utrolig enkelt, men potensielt et livsviktig grep som jeg h\u00e5per folk gj\u00f8r n\u00e5.<\/p>\n<p>    N\u00e5r kan du bruke piggdekk p\u00e5 bilen?<\/p>\n<ul class=\"no_italic m-no_italic\" data-lab-italic=\"\">\n<li>Mellom 1. november og f\u00f8rste mandag etter 2. p\u00e5skedag\u00a0<\/li>\n<li>I Nordland, Troms og Finnmark mellom 15. oktober og 30. april\u00a0<\/li>\n<li>Hvis f\u00f8ret krever det, kan du bruke piggdekk og kjettinger utenom datoene\u00a0<\/li>\n<li class=\"\">Husk at hvis du bruker piggdekk m\u00e5 du bruke dette p\u00e5 alle hjulene\n<p>(Kilde: Frende)<\/p>\n<\/li>\n<\/ul>\n<p>      Vis mer<br \/>\n      Vis mindre<\/p>\n<p>Han minner ogs\u00e5 om ansvaret som ligger p\u00e5 sj\u00e5f\u00f8ren selv.\u00a0<\/p>\n<p>&#8211; Det er du som sj\u00e5f\u00f8r som har ansvaret. Det gjelder ogs\u00e5 n\u00e5r du har dekkene p\u00e5 dekkhotell. Har du d\u00e5rlige eller feil dekk, kan politiet ty til b\u00f8ter, inndragelse av f\u00f8rerkort eller i verste fall tiltale, sier han.<\/p>\n<p>            <img loading=\"lazy\" decoding=\"async\" src=\"https:\/\/www.europesays.com\/no\/wp-content\/uploads\/2025\/10\/83736872.webp\" width=\"980\" height=\"441\" title=\"Har du et tips om bilferie til meg?\" alt=\"\" class=\"\" style=\"--aspect-ratio-image: 2.22; \"\/><\/p>\n<p>        Har du et tips om bilferie til meg?<\/p>\n<p class=\"subtitle\">Hei, jeg heter Odd Roar Lange og er reiseekspert og -journalist for DinSide og Dagbladet. Har du et tips sp\u00f8rsm\u00e5l om bilreiser og bilferie? Send det gjerne til meg. Tips og sp\u00f8rsm\u00e5l som kan brukes til en reportasje vil bli prioritert.<\/p>\n","protected":false},"excerpt":{"rendered":"Dekkskift f\u00f8r kulda kommer: Bilverkstedene ringes ned. Men TV-kjendisene Lothepus og Alex\u00a0Ros\u00e9n mener dekkskift er noe alle b\u00f8r&hellip;\n","protected":false},"author":2,"featured_media":63418,"comment_status":"","ping_status":"","sticky":false,"template":"","format":"standard","meta":{"footnotes":""},"categories":[5],"tags":[9221,20,21,8151,24,25,15,19,22,23,17,18,217,13,30,28,29,14,16,4226,26,27,4077],"class_list":{"0":"post-63417","1":"post","2":"type-post","3":"status-publish","4":"format-standard","5":"has-post-thumbnail","7":"category-overskrifter","8":"tag-bilferie","9":"tag-breaking-news","10":"tag-breakingnews","11":"tag-dekkskift","12":"tag-featured-news","13":"tag-featurednews","14":"tag-headlines","15":"tag-hovedoppslag","16":"tag-latest-news","17":"tag-latestnews","18":"tag-main-news","19":"tag-mainnews","20":"tag-motor","21":"tag-news","22":"tag-no","23":"tag-norge","24":"tag-norway","25":"tag-nyheter","26":"tag-overskrifter","27":"tag-thetravelinspector","28":"tag-top-stories","29":"tag-topstories","30":"tag-vinterdekk"},"share_on_mastodon":{"url":"","error":""},"_links":{"self":[{"href":"https:\/\/www.europesays.com\/no\/wp-json\/wp\/v2\/posts\/63417","targetHints":{"allow":["GET"]}}],"collection":[{"href":"https:\/\/www.europesays.com\/no\/wp-json\/wp\/v2\/posts"}],"about":[{"href":"https:\/\/www.europesays.com\/no\/wp-json\/wp\/v2\/types\/post"}],"author":[{"embeddable":true,"href":"https:\/\/www.europesays.com\/no\/wp-json\/wp\/v2\/users\/2"}],"replies":[{"embeddable":true,"href":"https:\/\/www.europesays.com\/no\/wp-json\/wp\/v2\/comments?post=63417"}],"version-history":[{"count":0,"href":"https:\/\/www.europesays.com\/no\/wp-json\/wp\/v2\/posts\/63417\/revisions"}],"wp:featuredmedia":[{"embeddable":true,"href":"https:\/\/www.europesays.com\/no\/wp-json\/wp\/v2\/media\/63418"}],"wp:attachment":[{"href":"https:\/\/www.europesays.com\/no\/wp-json\/wp\/v2\/media?parent=63417"}],"wp:term":[{"taxonomy":"category","embeddable":true,"href":"https:\/\/www.europesays.com\/no\/wp-json\/wp\/v2\/categories?post=63417"},{"taxonomy":"post_tag","embeddable":true,"href":"https:\/\/www.europesays.com\/no\/wp-json\/wp\/v2\/tags?post=63417"}],"curies":[{"name":"wp","href":"https:\/\/api.w.org\/{rel}","templated":true}]}}