{"id":63425,"date":"2025-10-18T05:02:33","date_gmt":"2025-10-18T05:02:33","guid":{"rendered":"https:\/\/www.europesays.com\/no\/63425\/"},"modified":"2025-10-18T05:02:33","modified_gmt":"2025-10-18T05:02:33","slug":"uno-x-naer-seier-i-nervedramaet-ekstremt-lettet","status":"publish","type":"post","link":"https:\/\/www.europesays.com\/no\/63425\/","title":{"rendered":"Uno-X n\u00e6r seier i nervedramaet: \u2013 Ekstremt lettet"},"content":{"rendered":"<p>Kampen om den ettertraktede World Tour-lisensen, som vil automatisk deltakelse i samtlige storritt neste sesong, har p\u00e5g\u00e5tt i mange uker. Den siste tiden har dramaet for alvor tilspisset seg.<\/p>\n<p>Uno-X m\u00e5 holde franske Cofidis bak seg p\u00e5 sammenlagtlisten over sankede UCI-poeng de siste tre sesongene for \u00e5 skrive et nytt kapittel i norsk sykkelhistorie.<\/p>\n<p>Etter at Jonas Abrahamsen og Johannes Kulset i fellesskap syklet inn 175 poeng i det italienske Giro del Veneto-rittet onsdag, har Uno-X et forsprang p\u00e5 401 poeng. Veldig mye tyder p\u00e5 at det gj\u00f8r oppgaven for vanskelig for Cofidis.<\/p>\n<p>\u2013 Onsdag var jeg en ekstremt lettet mann. Poengene Abrahamsen og Kulset tok, var virkelig verdifulle. Det gj\u00f8r at vi kan slappe mye mer av, sier teamsjef Hushovd til NTB.<\/p>\n<p>Spretter ikke sjampisen<\/p>\n<p>Han understreker samtidig at ingenting er avgjort f\u00f8r de siste poengene i tre\u00e5rsperioden 2023-2025 er delt ut kommende s\u00f8ndag. Da skal sluttfasiten skrives.<\/p>\n<p>\u2013 Vi kan ikke sprette champagnen helt enn\u00e5, men det lover jo godt, sier Hushovd.<\/p>\n<p>De 18 lagene som har plukket flest UCI-poeng i perioden 2023 til 2025, f\u00e5r World Tour-lisens for de tre kommende sesongene.<\/p>\n<p>Per n\u00e5 innehar Uno-X 19.-plassen p\u00e5 poenglisten, men den gir etter alle solemerker lisens som f\u00f8lge av at to av lagene foran (Lotto og Intermarch\u00e9) rapporteres \u00e5 sl\u00e5 seg sammen.<\/p>\n<p>Uno-X skal delta i endagsrittet Veneto Classic og tempokonkurransen Chrono des Nations kommende helg. De g\u00e5r av stabelen p\u00e5 avslutningsdagen 19. oktober.<\/p>\n<p>M\u00e5 ruste opp<\/p>\n<p>Dersom lisensen sikres vil, Uno-X blant annet kunne delta i b\u00e5de Giro d&#8217;Italia, Tour de France og Vuelta a Espa\u00f1a.<\/p>\n<p>De foreg\u00e5ende sesongene har det norske laget f\u00e5tt wildcard til Tour de France, men ikke deltatt verken i Italia eller Spania.<\/p>\n<p>En eventuell deltakelse i samtlige ritt p\u00e5 World Tour-niv\u00e5 vil gj\u00f8re 2026 til et sv\u00e6rt hektisk \u00e5r.<\/p>\n<p>At laget m\u00e5 styrkes b\u00e5de p\u00e5 rytter- og ledersiden, er klart. Onsdag ble det klart at Hushovd har skrevet kontrakt med den erfarne dansken Alexander Kamp. Han kommer fra Intermarch\u00e9.<\/p>\n","protected":false},"excerpt":{"rendered":"Kampen om den ettertraktede World Tour-lisensen, som vil automatisk deltakelse i samtlige storritt neste sesong, har p\u00e5g\u00e5tt i&hellip;\n","protected":false},"author":2,"featured_media":63426,"comment_status":"","ping_status":"","sticky":false,"template":"","format":"standard","meta":{"footnotes":""},"categories":[59],"tags":[967,30,28,29,83,82],"class_list":{"0":"post-63425","1":"post","2":"type-post","3":"status-publish","4":"format-standard","5":"has-post-thumbnail","7":"category-sport","8":"tag-artikler-fra-ntb","9":"tag-no","10":"tag-norge","11":"tag-norway","12":"tag-sport","13":"tag-sports"},"share_on_mastodon":{"url":"","error":""},"_links":{"self":[{"href":"https:\/\/www.europesays.com\/no\/wp-json\/wp\/v2\/posts\/63425","targetHints":{"allow":["GET"]}}],"collection":[{"href":"https:\/\/www.europesays.com\/no\/wp-json\/wp\/v2\/posts"}],"about":[{"href":"https:\/\/www.europesays.com\/no\/wp-json\/wp\/v2\/types\/post"}],"author":[{"embeddable":true,"href":"https:\/\/www.europesays.com\/no\/wp-json\/wp\/v2\/users\/2"}],"replies":[{"embeddable":true,"href":"https:\/\/www.europesays.com\/no\/wp-json\/wp\/v2\/comments?post=63425"}],"version-history":[{"count":0,"href":"https:\/\/www.europesays.com\/no\/wp-json\/wp\/v2\/posts\/63425\/revisions"}],"wp:featuredmedia":[{"embeddable":true,"href":"https:\/\/www.europesays.com\/no\/wp-json\/wp\/v2\/media\/63426"}],"wp:attachment":[{"href":"https:\/\/www.europesays.com\/no\/wp-json\/wp\/v2\/media?parent=63425"}],"wp:term":[{"taxonomy":"category","embeddable":true,"href":"https:\/\/www.europesays.com\/no\/wp-json\/wp\/v2\/categories?post=63425"},{"taxonomy":"post_tag","embeddable":true,"href":"https:\/\/www.europesays.com\/no\/wp-json\/wp\/v2\/tags?post=63425"}],"curies":[{"name":"wp","href":"https:\/\/api.w.org\/{rel}","templated":true}]}}