{"id":63427,"date":"2025-10-18T05:07:11","date_gmt":"2025-10-18T05:07:11","guid":{"rendered":"https:\/\/www.europesays.com\/no\/63427\/"},"modified":"2025-10-18T05:07:11","modified_gmt":"2025-10-18T05:07:11","slug":"frank-loke-og-cecilie-gjennestad-har-tatt-forholdet-et-steg-videre","status":"publish","type":"post","link":"https:\/\/www.europesays.com\/no\/63427\/","title":{"rendered":"Frank L\u00f8ke og Cecilie Gjennestad har tatt forholdet et steg videre."},"content":{"rendered":"<p class=\"kicker \" style=\"\">Frp + SV = sant<\/p>\n<p>  Frank L\u00f8ke: &#8211; Jeg stemmer Frp. Denne uka ble jeg hentet av en SV-politiker med Porsche. N\u00e5 kan det bli noe mer.<\/p>\n<p>\n    HAR FUNNET TONEN: Frank L\u00f8ke og Cecilie Gjennestad har tatt forholdet et steg videre. Foto: Privat\n  <\/p>\n<p>Frank L\u00f8ke (45) skapte st\u00e5hei da han dukket opp med to bikinikledde damer f\u00f8r boksekampen mot Ole Klemetsen (54) i forrige m\u00e5ned.<\/p>\n<p>Seinere bekreftet L\u00f8ke overfor Dagbladet at han <a href=\"https:\/\/www.dagbladet.no\/sport\/ryktene-svirrer\/83652354\" rel=\"nofollow noopener\" target=\"_blank\">gikk p\u00e5 date <\/a>med en av bikinidamene.<\/p>\n<p>N\u00e5 har de to tatt forholdet et steg videre. Det bekrefter b\u00e5de L\u00f8ke og Cecilie Gjennestad (41) overfor Dagbladet.<\/p>\n<p>          <img loading=\"lazy\" decoding=\"async\" src=\"https:\/\/www.europesays.com\/no\/wp-content\/uploads\/2025\/10\/83739230.webp\" width=\"686\" height=\"693\" title=\"F\u00d8LELSER: Cecilie Gjennestad (til h\u00f8yre) var tett p\u00e5 Frank L\u00f8ke da han bokset mot Ole Klemetsen i Stavanger. Utenfor ringen har forholdet mellom L\u00f8ke og Gjennestad skutt fart. Foto: Privat\" alt=\"\" class=\"\" style=\"--aspect-ratio-image: 0.99; \"\/><\/p>\n<p>\n          F\u00d8LELSER: Cecilie Gjennestad (til h\u00f8yre) var tett p\u00e5 Frank L\u00f8ke da han bokset mot Ole Klemetsen i Stavanger. Utenfor ringen har forholdet mellom L\u00f8ke og Gjennestad skutt fart. Foto: Privat\n      <\/p>\n<p>Onsdag var de sammen p\u00e5 h\u00e5ndballkampen mellom Norge og Romania i Larvik. Norge vant 29-27.<\/p>\n<p>&#8211; Hun ba meg med p\u00e5 kampen, forteller L\u00f8ke.<\/p>\n<p>&#8211; Den tidligere varaordf\u00f8reren for SV (i Porsanger) kom og hentet meg i en Porsche. \u00abDette kommer til \u00e5 bli en spesiell natt\u00bb, tenkte jeg. Jeg har sagt at jeg aldri skal stemme SV. Men det er mulig jeg m\u00e5 stemme SV n\u00e5 p\u00e5 grunn av henne. Vi har det veldig hyggelig sammen.<\/p>\n<p>Og:<\/p>\n<p>&#8211; Vi har tatt forholdet et steg videre.<\/p>\n<p>          <img loading=\"lazy\" decoding=\"async\" src=\"https:\/\/www.europesays.com\/no\/wp-content\/uploads\/2025\/10\/83739228.webp\" width=\"686\" height=\"913\" title=\"RINGSIDE: Frank L\u00f8ke og Cecilie Gjennestad dro p\u00e5 kamp sammen. Norge slo Romania 29-27. Skjermdump: actionfrankloke\/ Instagram\" alt=\"\" class=\"\" style=\"--aspect-ratio-image: 0.75; \"\/><\/p>\n<p>\n          RINGSIDE: Frank L\u00f8ke og Cecilie Gjennestad dro p\u00e5 kamp sammen. Norge slo Romania 29-27. Skjermdump: actionfrankloke\/ Instagram\n      <\/p>\n<p>L\u00f8ke vil ikke bruke ordet kj\u00e6rester enn\u00e5. Men han bekrefter at det utvilsomt \u00abkan bli noe mer\u00bb. Til Dagbladet sier Gjennstad:<\/p>\n<p>&#8211; Vi har det sykt hyggelig sammen.<\/p>\n<p>Dynamikken i relasjonen er det tilsynelatende ikke noe i veien med. Overfor Dagbladet avsl\u00f8rer L\u00f8ke hva han stemte ved forrige valg:<\/p>\n<p>&#8211; Jeg er ganske langt ute p\u00e5 h\u00f8yresida. Jeg stemmer Frp. R\u00f8dstr\u00f8mpene p\u00e5 venstresida pleier vanligvis \u00e5 hate meg sykt. Det er veldig g\u00f8y at det er en fra SV som liker Frank L\u00f8ke. De pleier egentlig \u00e5 hate Frank L\u00f8ke. Frp og SV har funnet hverandre. Om det har skjedd f\u00f8r? Jeg vet ikke.<\/p>\n<p>        Her blir Frank L\u00f8ke angrepet av Tommy Sharif. Reporter: Birthe Skingen.<\/p>\n<p>Om den politiske kl\u00f8ften svarer Gjennestad:<\/p>\n<p>&#8211; Motsetninger tiltrekker. Det er ikke noe problem \u00e5 ha et forskjellig utgangspunkt. Hvis du har et likt verdisyn p\u00e5 de viktige tingene, kommer du veldig langt.<\/p>\n<p>L\u00f8ke opplyser at han aldri har hatt det g\u00f8yere p\u00e5 en h\u00e5ndballkamp enn denne gangen. Som tidligere h\u00e5ndballspiller kunne han briljere overfor kvinnen han f\u00f8ler seg tiltrukket av.<\/p>\n<p>          <img loading=\"lazy\" decoding=\"async\" src=\"https:\/\/www.europesays.com\/no\/wp-content\/uploads\/2025\/10\/83739237.webp\" width=\"686\" height=\"762\" title=\"STANDSMESSIG: Cecilie Gjennestad kj\u00f8rer Porsche. Foto: Privat\" alt=\"\" class=\"\" style=\"--aspect-ratio-image: 0.90; \"\/><\/p>\n<p>\n          STANDSMESSIG: Cecilie Gjennestad kj\u00f8rer Porsche. Foto: Privat\n      <\/p>\n<p>&#8211; Hun spurte meg spontant om jeg ville bli med p\u00e5 kampen. Hun kunne ikke alle reglene. Men det gjorde ikke noe. Da kunne jeg sitte og skryte av meg selv, forteller L\u00f8ke.<\/p>\n<p>&#8211; Elleve \u00e5r p\u00e5 landslaget, 186 landskamper og 646 m\u00e5l. Jeg har sett en del h\u00e5ndballkamper. Men dette er en den g\u00f8yeste kampen jeg har v\u00e6rt p\u00e5. Jeg satt og pratet med henne hele tida.<\/p>\n<p>        Frank L\u00f8ke har tidligere utfordret Emil Meek til kamp. Under en bowlingturnering ble de to tvunget til \u00e5 spille p\u00e5 samme lag. Video: Skingen\/Monge Hugsted\/Dagbladet<\/p>\n<p>Profilen fortsetter:<\/p>\n<p>&#8211; Jeg ga henne litt \u00abinside\u00bb om h\u00e5ndballen. Er det skritt eller br\u00f8yt? S\u00e5 ble det selvf\u00f8lgelig litt prat om skandalene mine. Jeg tror aldri det har v\u00e6rt kjedelig i livet mitt. Det virker som om det er s\u00e5nn med henne ogs\u00e5. Jeg er allergisk mot A4. Jeg trenger noen som er p\u00e5 utsida av boksen.<\/p>\n<p>L\u00f8ke fors\u00f8ker n\u00e5 \u00e5 arrangere en gigantisk \u00abFight Night\u00bb i Oslo neste h\u00f8st. Han vil at arrangementet skal promotere bokse- og MMA-milj\u00f8et i Norge. Selv g\u00e5r han gjerne i ringen med Emil Meek.<\/p>\n<p>          <img loading=\"lazy\" decoding=\"async\" src=\"https:\/\/www.europesays.com\/no\/wp-content\/uploads\/2025\/10\/83739235.webp\" width=\"686\" height=\"796\" title=\"BLODET BRUSER: Cecilie Gjennestad har lagt igjen hjertet sitt hos Frank L\u00f8ke. Skjermdump: actionfrankloke\/ Instagram\" alt=\"\" class=\"\" style=\"--aspect-ratio-image: 0.86; \"\/><\/p>\n<p>\n          BLODET BRUSER: Cecilie Gjennestad har lagt igjen hjertet sitt hos Frank L\u00f8ke. Skjermdump: actionfrankloke\/ Instagram\n      <\/p>\n<p> Gjennestad vil ikke n\u00f8le med \u00e5 stille opp som ringdame igjen.<\/p>\n<p>&#8211; Absolutt. Jeg stiller, kanskje enda r\u00e5ere enn forrige gang. Du vet aldri hva som skjer med Team Action Frank L\u00f8ke, sier hun.<\/p>\n<p>&#8211; Vi har det helt topp.<\/p>\n","protected":false},"excerpt":{"rendered":"Frp + SV = sant Frank L\u00f8ke: &#8211; Jeg stemmer Frp. Denne uka ble jeg hentet av en&hellip;\n","protected":false},"author":2,"featured_media":63428,"comment_status":"","ping_status":"","sticky":false,"template":"","format":"standard","meta":{"footnotes":""},"categories":[10],"tags":[20,21,24,25,1561,15,22,23,13,30,28,29,14,16,83,26,27],"class_list":{"0":"post-63427","1":"post","2":"type-post","3":"status-publish","4":"format-standard","5":"has-post-thumbnail","7":"category-norge","8":"tag-breaking-news","9":"tag-breakingnews","10":"tag-featured-news","11":"tag-featurednews","12":"tag-frank-loke","13":"tag-headlines","14":"tag-latest-news","15":"tag-latestnews","16":"tag-news","17":"tag-no","18":"tag-norge","19":"tag-norway","20":"tag-nyheter","21":"tag-overskrifter","22":"tag-sport","23":"tag-top-stories","24":"tag-topstories"},"share_on_mastodon":{"url":"","error":""},"_links":{"self":[{"href":"https:\/\/www.europesays.com\/no\/wp-json\/wp\/v2\/posts\/63427","targetHints":{"allow":["GET"]}}],"collection":[{"href":"https:\/\/www.europesays.com\/no\/wp-json\/wp\/v2\/posts"}],"about":[{"href":"https:\/\/www.europesays.com\/no\/wp-json\/wp\/v2\/types\/post"}],"author":[{"embeddable":true,"href":"https:\/\/www.europesays.com\/no\/wp-json\/wp\/v2\/users\/2"}],"replies":[{"embeddable":true,"href":"https:\/\/www.europesays.com\/no\/wp-json\/wp\/v2\/comments?post=63427"}],"version-history":[{"count":0,"href":"https:\/\/www.europesays.com\/no\/wp-json\/wp\/v2\/posts\/63427\/revisions"}],"wp:featuredmedia":[{"embeddable":true,"href":"https:\/\/www.europesays.com\/no\/wp-json\/wp\/v2\/media\/63428"}],"wp:attachment":[{"href":"https:\/\/www.europesays.com\/no\/wp-json\/wp\/v2\/media?parent=63427"}],"wp:term":[{"taxonomy":"category","embeddable":true,"href":"https:\/\/www.europesays.com\/no\/wp-json\/wp\/v2\/categories?post=63427"},{"taxonomy":"post_tag","embeddable":true,"href":"https:\/\/www.europesays.com\/no\/wp-json\/wp\/v2\/tags?post=63427"}],"curies":[{"name":"wp","href":"https:\/\/api.w.org\/{rel}","templated":true}]}}