{"id":63466,"date":"2025-10-18T06:36:12","date_gmt":"2025-10-18T06:36:12","guid":{"rendered":"https:\/\/www.europesays.com\/no\/63466\/"},"modified":"2025-10-18T06:36:12","modified_gmt":"2025-10-18T06:36:12","slug":"kan-vinne-seks-gull-i-ol-i-italia","status":"publish","type":"post","link":"https:\/\/www.europesays.com\/no\/63466\/","title":{"rendered":"Kan vinne seks gull i OL i Italia"},"content":{"rendered":"\n<p class=\"_lead_o9xde_2 _lead_xtcu6_50 layout-component text-serif-m layout-normal text-serif-l layout-component layout-wide layout-padded _wide_17hqh_1 layout-padded\">OL-l\u00f8ypa i Italia gir Johannes H\u00f8sflot Kl\u00e6bo hodebry, men vertsnasjonens st\u00f8rste skihelter tror 28-\u00e5ringen kan gj\u00f8re rent bord. Igjen. <\/p>\n<p><img alt=\"Johannes H\u00f8sflot Kl\u00e6bo i stilig dress under en sportskonferanse i Nord-Italia arrangert av Gazzetta dello Sports, OL-nasjonens st\u00f8rste sportsavis.  Foto: Daniele Paternoster \u2013 Archivio Ufficio Stampa PAT\" class=\"_image_qp4xg_65 layout-component layout-wide\" data-fullscreen- data-track-element-type=\"Article image fullscreen\" data-track-name=\"ImageFullscreen\" fetchpriority=\"high\" decoding=\"sync\" loading=\"eager\" height=\"1868\" itemprop=\"image\"  src=\"https:\/\/www.europesays.com\/no\/wp-content\/uploads\/2025\/10\/6e02f763-e54a-4b1d-84dd-af42da02602b\"  style=\"object-position:0% 0%\" width=\"2800\"\/>Johannes H\u00f8sflot Kl\u00e6bo i stilig dress under en sportskonferanse i Nord-Italia arrangert av Gazzetta dello Sports, OL-nasjonens st\u00f8rste sportsavis.  Foto: Daniele Paternoster \u2013 Archivio Ufficio Stampa PAT<\/p>\n<ul aria-hidden=\"true\" class=\"_images_18f0k_111\">\n<li><a class=\"_link_18f0k_116\" href=\"https:\/\/www.vg.no\/forfatter\/herman-folvik\" style=\"z-index:1\" title=\"Herman Folvik\" rel=\"nofollow noopener\" target=\"_blank\"><img alt=\"Bilde av Herman Folvik\" class=\"_image_18f0k_93\" fetchpriority=\"low\" loading=\"lazy\" decoding=\"async\" itemprop=\"image\"  src=\"https:\/\/www.europesays.com\/no\/wp-content\/uploads\/2025\/10\/1760769369_123_b8d5eb91-9fa9-460c-b9f0-da310ffe35dd\"  width=\"480\"\/><\/a><\/li>\n<\/ul>\n<p>Trento, Italia  Oppdatert l\u00f8rdag 18. oktober kl. 08:01    <\/p>\n<ul class=\"_list_o9xde_3 _list_64s2r_85 _unordered_o9xde_106 text-sans-m\">\n<li class=\"_item_o9xde_30\">Italienske stjerner som Pellegrino, Zorzi og Piller Cottrer tror Kl\u00e6bo kan vinne alle seks OL-\u00f8velser.<\/li>\n<li class=\"_item_o9xde_30\">Kl\u00e6bo jakter OL-rekorden  for en langrennsl\u00f8per p\u00e5 \u00e5tte gull.<\/li>\n<li class=\"_item_o9xde_30\">Kl\u00e6bo sier det er mulig, men krevende, med en vanskelig nedkj\u00f8ring inn mot oppl\u00f8pet.<\/li>\n<li class=\"_item_o9xde_30\">Han mener Tour de Ski blir en viktig test. <\/li>\n<\/ul>\n<p>Vis mer <\/p>\n<p class=\"_paragraph_o9xde_4 _paragraph_xtcu6_10 layout-component text-serif-m layout-normal text-serif-m layout-padded\">\u2013 Han kan klare \u00e5 vinne alle seks l\u00f8pene. Dessverre. Men historien m\u00e5 skrives. Det blir opp til ham \u00e5 v\u00e6re klar i de rette \u00f8yeblikkene, sier den italienske rivalen Federico Pellegrino til VG. <\/p>\n<p class=\"_paragraph_o9xde_4 _paragraph_xtcu6_10 layout-component text-serif-m layout-normal text-serif-m layout-padded\">Under mesterskapet p\u00e5 hjemmebane i Trondheim sist vinter vant Kl\u00e6bo alle de seks rennene og ble tidenes mestvinnende i VM-sammenheng med 15 gull.<\/p>\n<p class=\"_paragraph_o9xde_4 _paragraph_xtcu6_10 layout-component text-serif-m layout-normal text-serif-m layout-padded\">\u2013 I Italia sier vi at n\u00e5r du starter \u00e5 spise, vil du ha mer&#8230; S\u00e6rlig n\u00e5r du liker det du spiser. Alle gullene gj\u00f8r ham lysten p\u00e5 mer. Det er vanskelig \u00e5 stoppe n\u00e5r du f\u00e5r smaken av det, sier Pellegrino. <\/p>\n<p><img alt=\"Sprint-rivalene Federico Pellegrino og Johannes H\u00f8sflot Kl\u00e6bo.   Foto: Daniele Paternoster \u2013 Archivio Ufficio Stampa PAT\" class=\"_image_qp4xg_65 layout-component layout-normal\" data-fullscreen- data-track-element-type=\"Article image fullscreen\" data-track-name=\"ImageFullscreen\" decoding=\"async\" loading=\"lazy\" height=\"1868\" itemprop=\"image\"  src=\"https:\/\/www.europesays.com\/no\/wp-content\/uploads\/2025\/10\/71810561-c6dc-4ef5-8318-c51a24e18604\"  style=\"object-position:0% 0%\" width=\"2800\"\/>Sprint-rivalene Federico Pellegrino og Johannes H\u00f8sflot Kl\u00e6bo.   Foto: Daniele Paternoster \u2013 Archivio Ufficio Stampa PAT<\/p>\n<p class=\"_paragraph_o9xde_4 _paragraph_xtcu6_10 layout-component text-serif-m layout-normal text-serif-m layout-padded\">Til OL i Milano\/Cortina, der langrennskonkurransene holdes i Val di Fiemme, jakter Kl\u00e6bo (med fem OL-gull) Marit Bj\u00f8rgen og Bj\u00f8rn D\u00e6hlies rekord p\u00e5 \u00e5tte OL-gull.<\/p>\n<p class=\"_paragraph_o9xde_4 _paragraph_xtcu6_10 layout-component text-serif-m layout-normal text-serif-m layout-padded\">\u2013 Kl\u00e6bo er veldig sterk. Men konkurransene n\u00e5&#8230; Det er som lagd for ham. N\u00e5 er det masse fellesstarter i kortere distanser, som passer ham. Han har litt mer utfordringer i individuell start, Petter Northug var sterkere der, mener Cristan \u00abZorro\u00bb Zorzi.<\/p>\n<p class=\"_paragraph_o9xde_4 _paragraph_xtcu6_10 layout-component text-serif-m layout-normal text-serif-m layout-padded\">Han var ankermann da Thomas Alsgaard slo Italia i spurten p\u00e5 OL-stafetten i 2002. Fire \u00e5r senere gikk Zorzi italienerne inn til gull p\u00e5 hjemmebane i Pragelato (og Norge ble bare nummer fem).<\/p>\n<p class=\"_paragraph_o9xde_4 _paragraph_xtcu6_10 layout-component text-serif-m layout-normal text-serif-m layout-padded\">\u2013 Det er mulig for Kl\u00e6bo \u00e5 vinne alle gullene ogs\u00e5 i OL. Programmet passer ham, sier Zorzi.<\/p>\n<p>OL-programmet langrenn for herrer<\/p>\n<p class=\"_paragraph_o9xde_4 _paragraph_xtcu6_10 _paragraph_16v91_10 layout-component text-serif-m layout-normal text-sans-m layout-padded\"><strong class=\"_strong_o9xde_25\">S\u00f8ndag 8. februar<\/strong><br \/>12.30 \u2013 <strong class=\"_strong_o9xde_25\">Skiathlon (20 km)<\/strong><br \/>10 km klassisk + 10 km fri teknikk<\/p>\n<p class=\"_paragraph_o9xde_4 _paragraph_xtcu6_10 _paragraph_16v91_10 layout-component text-serif-m layout-normal text-sans-m layout-padded\"><strong class=\"_strong_o9xde_25\">Tirsdag 10. februar<\/strong><br \/>09.15 \u2013 <strong class=\"_strong_o9xde_25\">Sprint, klassisk (prolog)<\/strong><br \/>11.45 \u2013 <strong class=\"_strong_o9xde_25\">Sprint, klassisk (heat \/ finale)<\/strong><\/p>\n<p class=\"_paragraph_o9xde_4 _paragraph_xtcu6_10 _paragraph_16v91_10 layout-component text-serif-m layout-normal text-sans-m layout-padded\"><strong class=\"_strong_o9xde_25\">Fredag 13. februar<\/strong><br \/>12.00\u2013<strong class=\"_strong_o9xde_25\">10 km fri teknikk<\/strong><br \/>Individuell start<\/p>\n<p class=\"_paragraph_o9xde_4 _paragraph_xtcu6_10 _paragraph_16v91_10 layout-component text-serif-m layout-normal text-sans-m layout-padded\"><strong class=\"_strong_o9xde_25\">S\u00f8ndag 15. februar<\/strong><br \/>12.00 \u2013 <strong class=\"_strong_o9xde_25\">Stafett 4 \u00d7 7,5 km<\/strong><br \/>To etapper klassisk + to etapper fri<\/p>\n<p class=\"_paragraph_o9xde_4 _paragraph_xtcu6_10 _paragraph_16v91_10 layout-component text-serif-m layout-normal text-sans-m layout-padded\"><strong class=\"_strong_o9xde_25\">Onsdag 18. februar<\/strong><br \/>10.15 \u2013 <strong class=\"_strong_o9xde_25\">Teamsprint, fri teknikk<\/strong><\/p>\n<p class=\"_paragraph_o9xde_4 _paragraph_xtcu6_10 _paragraph_16v91_10 layout-component text-serif-m layout-normal text-sans-m layout-padded\"><strong class=\"_strong_o9xde_25\">L\u00f8rdag 21. februar<\/strong><br \/>11.00\u2013<strong class=\"_strong_o9xde_25\">50 km klassisk<\/strong><br \/>Fellesstart <\/p>\n<p>Vis mer<\/p>\n<p class=\"_paragraph_o9xde_4 _paragraph_xtcu6_10 layout-component text-serif-m layout-normal text-serif-m layout-padded\">Han lar seg frustrere litt av den store norske dominansen. I hans tid var det jevnere med ogs\u00e5 flere sterke italienere, svensker, tyskere og russere i toppen. <\/p>\n<p class=\"_paragraph_o9xde_4 _paragraph_xtcu6_10 layout-component text-serif-m layout-normal text-serif-m layout-padded\">\u2013 N\u00e5r du ser bare r\u00f8de, r\u00f8de, r\u00f8de og r\u00f8de drakter &#8230; Det blir &#8230; Jeg vil se mer bl\u00e5!<\/p>\n<p class=\"_paragraph_o9xde_4 _paragraph_xtcu6_10 layout-component text-serif-m layout-normal text-serif-m layout-padded\">Pietro Piller Cottrer, sk\u00f8ytespesialisten som alltid gikk med gul lue, er enig i at Kl\u00e6bo kommer til \u00e5 kjempe om seks nye gull.<\/p>\n<p class=\"_paragraph_o9xde_4 _paragraph_xtcu6_10 layout-component text-serif-m layout-normal text-serif-m layout-padded\">\u2013 Kl\u00e6bo er den beste i langrenn n\u00e5. Jeg liker \u00e5 se ham i konkurranser og showet han byr p\u00e5. For min s\u00f8nn p\u00e5 13 \u00e5r er han en stor helt, sier Cottrer.<\/p>\n<p><img alt=\"Pietro Piller Cottrer, Cristian Zorzi, Fulvio Valbusa og Giorgio di Centa feirer OL-gullet i stafett i 2006 \u2013 sist Italia var p\u00e5 hjemmebane.   Foto: MURAD SEZER \/ AP \/ NTB\" class=\"_image_qp4xg_65 layout-component layout-normal\" data-fullscreen- data-track-element-type=\"Article image fullscreen\" data-track-name=\"ImageFullscreen\" decoding=\"async\" loading=\"lazy\" height=\"1372\" itemprop=\"image\"  src=\"https:\/\/www.europesays.com\/no\/wp-content\/uploads\/2025\/10\/cffc896d-752c-4ffa-9407-398a6c54bdb5\"  style=\"object-position:0% 0%\" width=\"2680\"\/>Pietro Piller Cottrer, Cristian Zorzi, Fulvio Valbusa og Giorgio di Centa feirer OL-gullet i stafett i 2006 \u2013 sist Italia var p\u00e5 hjemmebane.   Foto: MURAD SEZER \/ AP \/ NTB<\/p>\n<p class=\"_paragraph_o9xde_4 _paragraph_xtcu6_10 layout-component text-serif-m layout-normal text-serif-m layout-padded\">Hva tenker Kl\u00e6bo selv, da? <\/p>\n<p class=\"_paragraph_o9xde_4 _paragraph_xtcu6_10 layout-component text-serif-m layout-normal text-serif-m layout-padded\">\u2013 Vi har i hvert fall vist at det er teoretisk, fysisk og praktisk mulig n\u00e5. Men alt skal klaffe \u2013 dagsform, ski, sm\u00f8rere og lagkamerater. Og vi skal inn i en l\u00f8ype som er veldig krevende med den siste nedkj\u00f8ringen f\u00f8r m\u00e5l, forteller Kl\u00e6bo til VG. <\/p>\n<p class=\"_paragraph_o9xde_4 _paragraph_xtcu6_10 layout-component text-serif-m layout-normal text-serif-m layout-padded\">\u2013 Det er mye som skal g\u00e5 bra, men det er mulig. Jeg skal gj\u00f8re det jeg kan for \u00e5 klare det. Men om det skjer igjen, da blir jeg sjokkert. <\/p>\n<p class=\"_paragraph_o9xde_4 _paragraph_xtcu6_10 layout-component text-serif-m layout-normal text-serif-m layout-padded\">Her kan du se siste del av Val di Fiemme-l\u00f8ypa:<\/p>\n<p class=\"_paragraph_o9xde_4 _paragraph_xtcu6_10 layout-component text-serif-m layout-normal text-serif-m layout-padded\"><strong class=\"_strong_o9xde_25\">\u2013 Hvorfor er nedkj\u00f8ringen til oppl\u00f8pet i Val di Fiemme s\u00e5 krevende?<\/strong><\/p>\n<p class=\"_paragraph_o9xde_4 _paragraph_xtcu6_10 layout-component text-serif-m layout-normal text-serif-m layout-padded\">\u2013 Den er krevende fordi det har vist seg at det g\u00e5r egentlig ikke \u00e5 sette seg f\u00f8rst ned. Men noen har likevel vist at du kan sette seg f\u00f8rst. Det er noen muligheter, men erfaringsmessig er den vanskelig. Du kan komme fra femte og sjette posisjon \u00e5 vinne l\u00f8pet. Det er ikke mange andre l\u00f8yper hvor det er mulig.<\/p>\n<p> Tour de Ski 2025\/26 \u2013 program <\/p>\n<p class=\"_paragraph_o9xde_4 _paragraph_xtcu6_10 _paragraph_16v91_10 layout-component text-serif-m layout-normal text-sans-m layout-padded\"><strong class=\"_strong_o9xde_25\">S\u00f8ndag 28. desember \u2013 Toblach (Italia)<\/strong><br \/><strong class=\"_strong_o9xde_25\">Sprint, fri teknikk<\/strong><\/p>\n<p class=\"_paragraph_o9xde_4 _paragraph_xtcu6_10 _paragraph_16v91_10 layout-component text-serif-m layout-normal text-sans-m layout-padded\"><strong class=\"_strong_o9xde_25\">Mandag 29. desember \u2013 Toblach (Italia)<\/strong><br \/><strong class=\"_strong_o9xde_25\">10 km, klassisk stil<\/strong><\/p>\n<p class=\"_paragraph_o9xde_4 _paragraph_xtcu6_10 _paragraph_16v91_10 layout-component text-serif-m layout-normal text-sans-m layout-padded\"><strong class=\"_strong_o9xde_25\">Onsdag 31. desember \u2013 Toblach (Italia)<\/strong><br \/><strong class=\"_strong_o9xde_25\">5 km, fri teknikk \u2013 fellesstart (heat)<\/strong><\/p>\n<p class=\"_paragraph_o9xde_4 _paragraph_xtcu6_10 _paragraph_16v91_10 layout-component text-serif-m layout-normal text-sans-m layout-padded\"><strong class=\"_strong_o9xde_25\">Torsdag 1. januar \u2013 Toblach (Italia)<\/strong><br \/><strong class=\"_strong_o9xde_25\">20 km, klassisk jaktstart<\/strong><\/p>\n<p class=\"_paragraph_o9xde_4 _paragraph_xtcu6_10 _paragraph_16v91_10 layout-component text-serif-m layout-normal text-sans-m layout-padded\"><strong class=\"_strong_o9xde_25\">L\u00f8rdag 3. januar \u2013 Val di Fiemme (Italia)<\/strong><br \/><strong class=\"_strong_o9xde_25\">Sprint, klassisk stil<\/strong><\/p>\n<p class=\"_paragraph_o9xde_4 _paragraph_xtcu6_10 _paragraph_16v91_10 layout-component text-serif-m layout-normal text-sans-m layout-padded\"><strong class=\"_strong_o9xde_25\">S\u00f8ndag 4. januar \u2013 Val di Fiemme (Italia)<\/strong><br \/><strong class=\"_strong_o9xde_25\">Motbakkel\u00f8p, fri teknikk \u2013 fellesstart<\/strong><\/p>\n<p>Vis mer<\/p>\n<p class=\"_paragraph_o9xde_4 _paragraph_xtcu6_10 layout-component text-serif-m layout-normal text-serif-m layout-padded\"><strong class=\"_strong_o9xde_25\">\u2013 De kan ogs\u00e5 bygge litt om p\u00e5 l\u00f8ypa?<\/strong><\/p>\n<p class=\"_paragraph_o9xde_4 _paragraph_xtcu6_10 layout-component text-serif-m layout-normal text-serif-m layout-padded\">\u2013 Det vil p\u00e5virke. S\u00e5nn sett blir Tour de Ski (med en sprint i Val di Fiemme) veldig viktig med tanke p\u00e5 \u00e5 f\u00e5 sett hvordan det utvikler seg og hvordan kulen f\u00f8r oppl\u00f8pet enten tar eller gir av fart. Det blir veldig spennende \u00e5 f\u00e5 testet den. Du kan se p\u00e5 det, men det er f\u00f8rst i konkurranse du f\u00e5r testet skikkelig.<\/p>\n","protected":false},"excerpt":{"rendered":"OL-l\u00f8ypa i Italia gir Johannes H\u00f8sflot Kl\u00e6bo hodebry, men vertsnasjonens st\u00f8rste skihelter tror 28-\u00e5ringen kan gj\u00f8re rent bord.&hellip;\n","protected":false},"author":2,"featured_media":63467,"comment_status":"","ping_status":"","sticky":false,"template":"","format":"standard","meta":{"footnotes":""},"categories":[59],"tags":[9226,711,30,28,29,83,82,399],"class_list":{"0":"post-63466","1":"post","2":"type-post","3":"status-publish","4":"format-standard","5":"has-post-thumbnail","7":"category-sport","8":"tag-federico-pellegrino","9":"tag-johannes-hosflot-klaebo","10":"tag-no","11":"tag-norge","12":"tag-norway","13":"tag-sport","14":"tag-sports","15":"tag-vintersport"},"share_on_mastodon":{"url":"","error":""},"_links":{"self":[{"href":"https:\/\/www.europesays.com\/no\/wp-json\/wp\/v2\/posts\/63466","targetHints":{"allow":["GET"]}}],"collection":[{"href":"https:\/\/www.europesays.com\/no\/wp-json\/wp\/v2\/posts"}],"about":[{"href":"https:\/\/www.europesays.com\/no\/wp-json\/wp\/v2\/types\/post"}],"author":[{"embeddable":true,"href":"https:\/\/www.europesays.com\/no\/wp-json\/wp\/v2\/users\/2"}],"replies":[{"embeddable":true,"href":"https:\/\/www.europesays.com\/no\/wp-json\/wp\/v2\/comments?post=63466"}],"version-history":[{"count":0,"href":"https:\/\/www.europesays.com\/no\/wp-json\/wp\/v2\/posts\/63466\/revisions"}],"wp:featuredmedia":[{"embeddable":true,"href":"https:\/\/www.europesays.com\/no\/wp-json\/wp\/v2\/media\/63467"}],"wp:attachment":[{"href":"https:\/\/www.europesays.com\/no\/wp-json\/wp\/v2\/media?parent=63466"}],"wp:term":[{"taxonomy":"category","embeddable":true,"href":"https:\/\/www.europesays.com\/no\/wp-json\/wp\/v2\/categories?post=63466"},{"taxonomy":"post_tag","embeddable":true,"href":"https:\/\/www.europesays.com\/no\/wp-json\/wp\/v2\/tags?post=63466"}],"curies":[{"name":"wp","href":"https:\/\/api.w.org\/{rel}","templated":true}]}}