{"id":63527,"date":"2025-10-18T07:50:12","date_gmt":"2025-10-18T07:50:12","guid":{"rendered":"https:\/\/www.europesays.com\/no\/63527\/"},"modified":"2025-10-18T07:50:12","modified_gmt":"2025-10-18T07:50:12","slug":"syv-sporsmal-og-svar-om-skift-av-vinterdekk-fvn-no","status":"publish","type":"post","link":"https:\/\/www.europesays.com\/no\/63527\/","title":{"rendered":"(+) Syv sp\u00f8rsm\u00e5l og svar om skift av vinterdekk &#8211; fvn.no"},"content":{"rendered":"<ol>\n<li><a href=\"https:\/\/news.google.com\/rss\/articles\/CBMikAFBVV95cUxNZE1rcGV1cEhPb2R6NTdjYWgxUHppUmxIYlBKc0h4aVlmNmVUWENxaEJyZEFaTENJTFFpbWw3TWs1XzRzQWk4a0cwTEllNXFSemhVajRzTVFCd1BlS3QtSUduQTg5MFdKQzBQLTU5M2FIc251cUMzN01VYlZZVEladmZ3aEhEMWNLYmVjWC00b0U?oc=5\" target=\"_blank\" rel=\"nofollow noopener\">(+) Syv sp\u00f8rsm\u00e5l og svar om skift av vinterdekk<\/a>&nbsp;&nbsp;fvn.no<\/li>\n<li><a href=\"https:\/\/news.google.com\/rss\/articles\/CBMikwFBVV95cUxOM3lma0dCaUFnQWREd210YzlkYjBHaEkzeEJzbXlfak92aVMtSjQ5M1psVWVyZEFBNFJUcmc0NW1KeVA4NXR1eS1YQWRLX3JYM1lHOFJ6N0tqLTBKWXdsY09XbmU0YmYxZGo2S1RxU245ZmkwcG91OHBKSDlOVS1zRXh5aHM0Z2Jwa0piN1d2UTBURlE?oc=5\" target=\"_blank\" rel=\"nofollow noopener\">Derfor b\u00f8r du vente lengst mulig med \u00e5 legge om til vinterdekk<\/a>&nbsp;&nbsp;Aftenposten<\/li>\n<li><a href=\"https:\/\/news.google.com\/rss\/articles\/CBMijgFBVV95cUxOWVhBajZUM2ZKelVqNzdyT0ltaUU4bEMtcHFHX3BuVGZCejBDRVE0QkJSWGYxWVRNN2NmckI2QWlWdzBpdEEwa1pEamhSLXdxXzdNbEhUejl3elRyNDdWX0NHVWtqMnZqeWJGYjYtVFViMmpOUzlSQXlxMFpBZGFSMmgyZlZYVUpxamNSYUZB?oc=5\" target=\"_blank\" rel=\"nofollow noopener\">Her er det full rulle: \u2013 Vi \u00f8ker omsetningen<\/a>&nbsp;&nbsp;rbnett.no<\/li>\n<li><a href=\"https:\/\/news.google.com\/rss\/articles\/CBMihgFBVV95cUxOSURudVRiSGVuaHBRYW9jNTdqeUdFam94ZkJ3bkNJUDUxNF9RcnlyMm5fWkxCR21zMWo2LXFyR2IxRG9jVy1Zc3AydWY5aVZPR0RPeFppUHFXdF9YV1dKb2xsSm1sdW5hSUNGak1qSUdDLWhsbFRpV3lZZFZRM1Q4dThabzMwQQ?oc=5\" target=\"_blank\" rel=\"nofollow noopener\">Skal du over fjellet? \u2013 Det er vinterdekk som gjelder<\/a>&nbsp;&nbsp;Bergens Tidende<\/li>\n<li><a href=\"https:\/\/news.google.com\/rss\/articles\/CBMizwFBVV95cUxOelg5cjM1TGJzcEpCbzlBbzI3V042SHR6THVIckh6TGp1S0QwR08zMDdVbHZackVKX2E3Q0ZEc0ZtVV93UFN4Q1oxQkZtWGJScjFVODZnbzRKQXluYzZZMTFObVlYcnR5TXFLTVo4TFJ4R3FYY1JId05wYnRxdjY5Z1ZvVGJqMkYwejBHMlpRM19ZdDIwR1I2WEJ6UU9oVktxV0RndGtwN2JTX1Y5TTlfdWVtNFdoUVdlcUI3V2FuTXRlY2pmVXFxam15LUxQbWc?oc=5\" target=\"_blank\" rel=\"nofollow noopener\">Mange venter for lenge: \u2013 Politiet kan ty til b\u00f8ter, inndragelse av f\u00f8rerkort eller i verste fall tiltale<\/a>&nbsp;&nbsp;Telemarksavisa<\/li>\n<\/ol>\n","protected":false},"excerpt":{"rendered":"(+) Syv sp\u00f8rsm\u00e5l og svar om skift av vinterdekk&nbsp;&nbsp;fvn.no Derfor b\u00f8r du vente lengst mulig med \u00e5 legge&hellip;\n","protected":false},"author":2,"featured_media":63528,"comment_status":"","ping_status":"","sticky":false,"template":"","format":"standard","meta":{"footnotes":""},"categories":[10],"tags":[20,21,24,25,15,22,23,13,30,28,29,14,16,26,27,4077],"class_list":{"0":"post-63527","1":"post","2":"type-post","3":"status-publish","4":"format-standard","5":"has-post-thumbnail","7":"category-norge","8":"tag-breaking-news","9":"tag-breakingnews","10":"tag-featured-news","11":"tag-featurednews","12":"tag-headlines","13":"tag-latest-news","14":"tag-latestnews","15":"tag-news","16":"tag-no","17":"tag-norge","18":"tag-norway","19":"tag-nyheter","20":"tag-overskrifter","21":"tag-top-stories","22":"tag-topstories","23":"tag-vinterdekk"},"share_on_mastodon":{"url":"","error":""},"_links":{"self":[{"href":"https:\/\/www.europesays.com\/no\/wp-json\/wp\/v2\/posts\/63527","targetHints":{"allow":["GET"]}}],"collection":[{"href":"https:\/\/www.europesays.com\/no\/wp-json\/wp\/v2\/posts"}],"about":[{"href":"https:\/\/www.europesays.com\/no\/wp-json\/wp\/v2\/types\/post"}],"author":[{"embeddable":true,"href":"https:\/\/www.europesays.com\/no\/wp-json\/wp\/v2\/users\/2"}],"replies":[{"embeddable":true,"href":"https:\/\/www.europesays.com\/no\/wp-json\/wp\/v2\/comments?post=63527"}],"version-history":[{"count":0,"href":"https:\/\/www.europesays.com\/no\/wp-json\/wp\/v2\/posts\/63527\/revisions"}],"wp:featuredmedia":[{"embeddable":true,"href":"https:\/\/www.europesays.com\/no\/wp-json\/wp\/v2\/media\/63528"}],"wp:attachment":[{"href":"https:\/\/www.europesays.com\/no\/wp-json\/wp\/v2\/media?parent=63527"}],"wp:term":[{"taxonomy":"category","embeddable":true,"href":"https:\/\/www.europesays.com\/no\/wp-json\/wp\/v2\/categories?post=63527"},{"taxonomy":"post_tag","embeddable":true,"href":"https:\/\/www.europesays.com\/no\/wp-json\/wp\/v2\/tags?post=63527"}],"curies":[{"name":"wp","href":"https:\/\/api.w.org\/{rel}","templated":true}]}}