{"id":63539,"date":"2025-10-18T08:00:51","date_gmt":"2025-10-18T08:00:51","guid":{"rendered":"https:\/\/www.europesays.com\/no\/63539\/"},"modified":"2025-10-18T08:00:51","modified_gmt":"2025-10-18T08:00:51","slug":"tidligere-kiss-gitarist-er-dod-siste-nytt-nrk","status":"publish","type":"post","link":"https:\/\/www.europesays.com\/no\/63539\/","title":{"rendered":"Tidligere Kiss-gitarist er d\u00f8d \u2013 Siste nytt \u2013\u00a0NRK"},"content":{"rendered":"<p>Familien bekrefter til Variety at Ace Frehley er d\u00f8d, 74 \u00e5r gammel. Litt tidligere meldte TMZ at han l\u00e5 i respirator etter hjernebl\u00f8dning.<\/p>\n<p>Frehley fikk en hjernebl\u00f8dning etter at han falt i studio for et par uker siden.<\/p>\n<p>Frehley var med \u00e5 starte Kiss i 1973, sammen med Gene Simmons, Paul Stanley og Peter Criss, Bandet som er kjent for pyro, ansiktssminke og kostymer.<\/p>\n<p>Kiss fikk ordentlig suksess da de ga ut konsertalbumet Alive! i 1975. Ace Frehley forlot bandet i 1982, men ble gjenforent med bandet i en periode p\u00e5 midten av 90-tallet.<\/p>\n<p>Han har holdt flere solokonserter i Norge, blant annet p\u00e5 Rockefeller i Oslo i 2015.<\/p>\n","protected":false},"excerpt":{"rendered":"Familien bekrefter til Variety at Ace Frehley er d\u00f8d, 74 \u00e5r gammel. Litt tidligere meldte TMZ at han&hellip;\n","protected":false},"author":2,"featured_media":63540,"comment_status":"","ping_status":"","sticky":false,"template":"","format":"standard","meta":{"footnotes":""},"categories":[58],"tags":[71,30,28,29,72],"class_list":{"0":"post-63539","1":"post","2":"type-post","3":"status-publish","4":"format-standard","5":"has-post-thumbnail","7":"category-underholdning","8":"tag-entertainment","9":"tag-no","10":"tag-norge","11":"tag-norway","12":"tag-underholdning"},"share_on_mastodon":{"url":"","error":""},"_links":{"self":[{"href":"https:\/\/www.europesays.com\/no\/wp-json\/wp\/v2\/posts\/63539","targetHints":{"allow":["GET"]}}],"collection":[{"href":"https:\/\/www.europesays.com\/no\/wp-json\/wp\/v2\/posts"}],"about":[{"href":"https:\/\/www.europesays.com\/no\/wp-json\/wp\/v2\/types\/post"}],"author":[{"embeddable":true,"href":"https:\/\/www.europesays.com\/no\/wp-json\/wp\/v2\/users\/2"}],"replies":[{"embeddable":true,"href":"https:\/\/www.europesays.com\/no\/wp-json\/wp\/v2\/comments?post=63539"}],"version-history":[{"count":0,"href":"https:\/\/www.europesays.com\/no\/wp-json\/wp\/v2\/posts\/63539\/revisions"}],"wp:featuredmedia":[{"embeddable":true,"href":"https:\/\/www.europesays.com\/no\/wp-json\/wp\/v2\/media\/63540"}],"wp:attachment":[{"href":"https:\/\/www.europesays.com\/no\/wp-json\/wp\/v2\/media?parent=63539"}],"wp:term":[{"taxonomy":"category","embeddable":true,"href":"https:\/\/www.europesays.com\/no\/wp-json\/wp\/v2\/categories?post=63539"},{"taxonomy":"post_tag","embeddable":true,"href":"https:\/\/www.europesays.com\/no\/wp-json\/wp\/v2\/tags?post=63539"}],"curies":[{"name":"wp","href":"https:\/\/api.w.org\/{rel}","templated":true}]}}