{"id":63559,"date":"2025-10-18T08:26:19","date_gmt":"2025-10-18T08:26:19","guid":{"rendered":"https:\/\/www.europesays.com\/no\/63559\/"},"modified":"2025-10-18T08:26:19","modified_gmt":"2025-10-18T08:26:19","slug":"samferdsel-trafikk-svarer-pa-kritikken-vi-er-fullt-klar-over-hvor-viktige-tjenestene-vi-leverer-er-for-lokalbefolkning","status":"publish","type":"post","link":"https:\/\/www.europesays.com\/no\/63559\/","title":{"rendered":"Samferdsel, Trafikk | Svarer p\u00e5 kritikken: \u2013 Vi er fullt klar over hvor viktige tjenestene vi leverer er for lokalbefolkning"},"content":{"rendered":"\n<p>Torsdag kom fylkesr\u00e5d Marianne Dobak Kvensj\u00f8 med knallhard kritikk mot Boreal. Hun sier at fylkeskommunen vurderer \u00e5 g\u00e5 til rettslige skritt fordi Boreal ikke har levert det ferjetilbudet de har lovet.<\/p>\n<p>Jon Kristian Fadnes er presseansvarlig i Boreal. Han forteller til iSandnessj\u00f8en at de har registrert kritikken, og at dette er forhold som de vil f\u00f8lge opp i den fortl\u00f8pende dialogen med fylkeskommunen.<\/p>\n<p>Han er klar p\u00e5 at Nordland fylkeskommune er en viktig samarbeidspartner for Boreal.<\/p>\n<p>Har lyst ut stillinger<\/p>\n<p>\u00abVi er fullt klar over hvor viktige tjenestene vi leverer er for lokalbefolkning, n\u00e6ringsliv og tilreisende, og det er et ansvar vi tar p\u00e5 st\u00f8rste alvor\u00bb, skriver Jon Kristian Fadnes i en e-post til iSandnessj\u00f8en.<\/p>\n<p>Han forteller at Boreal har etablert en fart\u00f8ysdisponering for sambandene der \u00abLovund\u00bb vil v\u00e6re hovedfart\u00f8y og \u00abLur\u00f8y\u00bb reserve for Stokkv\u00e5gen\u2013Tr\u00e6na. For Stokkv\u00e5gen\u2013Lovund vil A-ruten betjenes av \u00abLur\u00f8y\u00bb og B-ruten av \u00abHer\u00f8ysund\u00bb, med \u00abSigrid\u00bb som reserve.<\/p>\n<p>\u00abVi har nylig lyst ut stillinger og er i gang med en ansettelsesprosess for \u00e5 utvide skiftordningen i Tr\u00e6na-sambandet fra to til tre skift. M\u00e5let er \u00e5 sikre bedre tilgang p\u00e5 mannskap, med bakgrunn i den generelle utfordringen med mangel p\u00e5 sj\u00f8folk i hele bransjen\u00bb, skriver Fadnes.<\/p>\n<p>\u00d8kt trafikk<\/p>\n<p>Det ses ogs\u00e5 p\u00e5 muligheten for \u00e5 \u00f8ke bemanningen p\u00e5 B-ruten i Stokkv\u00e5gen-sambandet, b\u00e5de for \u00e5 m\u00f8te bemanningsbehov og for \u00e5 potensielt kunne tilby utvidet \u00e5pningstid.<\/p>\n<p>\u00abTrafikken i sambandene har \u00f8kt betydelig, og i dialog med v\u00e5r oppdragsgiver \u00f8nsker vi \u00e5 se p\u00e5 muligheten for \u00e5 tilpasse oss dette\u00bb, skriver Jon Kristian Fadnes.<\/p>\n<p>  <a href=\"https:\/\/www.isandnessjoen.no\/5-108-182865\" class=\"related-teaser has-image default-story-teaser article--c-eRUmMG article--c-eRUmMG-jKCPdD-design-default\" rel=\"nofollow noopener\" target=\"_blank\"><\/p>\n<p>    <img decoding=\"async\" loading=\"lazy\"  src=\"https:\/\/www.europesays.com\/no\/wp-content\/uploads\/2025\/10\/1760775979_47_5_108_152206_Marianne_Dobak_Kvensj___2_av_2_.jpg\" alt=\"\" class=\"brick-c-cFOWSL\" style=\"\"\/><\/p>\n<p>\n            Les ogs\u00e5<\/p>\n<p>              Truer med \u00e5 g\u00e5 rettens vei etter ferjekaos: \u2013 Bevisst kontraktsbrudd av Boreal\n        <\/p>\n<p>  <\/a><\/p>\n","protected":false},"excerpt":{"rendered":"Torsdag kom fylkesr\u00e5d Marianne Dobak Kvensj\u00f8 med knallhard kritikk mot Boreal. Hun sier at fylkeskommunen vurderer \u00e5 g\u00e5&hellip;\n","protected":false},"author":2,"featured_media":63560,"comment_status":"","ping_status":"","sticky":false,"template":"","format":"standard","meta":{"footnotes":""},"categories":[10],"tags":[36,9065,20,21,24,25,15,22,23,62,13,30,28,29,14,16,223,1510,26,27,224],"class_list":{"0":"post-63559","1":"post","2":"type-post","3":"status-publish","4":"format-standard","5":"has-post-thumbnail","7":"category-norge","8":"tag-art","9":"tag-boreal","10":"tag-breaking-news","11":"tag-breakingnews","12":"tag-featured-news","13":"tag-featurednews","14":"tag-headlines","15":"tag-latest-news","16":"tag-latestnews","17":"tag-naeringsliv","18":"tag-news","19":"tag-no","20":"tag-norge","21":"tag-norway","22":"tag-nyheter","23":"tag-overskrifter","24":"tag-samferdsel","25":"tag-story","26":"tag-top-stories","27":"tag-topstories","28":"tag-trafikk"},"share_on_mastodon":{"url":"","error":""},"_links":{"self":[{"href":"https:\/\/www.europesays.com\/no\/wp-json\/wp\/v2\/posts\/63559","targetHints":{"allow":["GET"]}}],"collection":[{"href":"https:\/\/www.europesays.com\/no\/wp-json\/wp\/v2\/posts"}],"about":[{"href":"https:\/\/www.europesays.com\/no\/wp-json\/wp\/v2\/types\/post"}],"author":[{"embeddable":true,"href":"https:\/\/www.europesays.com\/no\/wp-json\/wp\/v2\/users\/2"}],"replies":[{"embeddable":true,"href":"https:\/\/www.europesays.com\/no\/wp-json\/wp\/v2\/comments?post=63559"}],"version-history":[{"count":0,"href":"https:\/\/www.europesays.com\/no\/wp-json\/wp\/v2\/posts\/63559\/revisions"}],"wp:featuredmedia":[{"embeddable":true,"href":"https:\/\/www.europesays.com\/no\/wp-json\/wp\/v2\/media\/63560"}],"wp:attachment":[{"href":"https:\/\/www.europesays.com\/no\/wp-json\/wp\/v2\/media?parent=63559"}],"wp:term":[{"taxonomy":"category","embeddable":true,"href":"https:\/\/www.europesays.com\/no\/wp-json\/wp\/v2\/categories?post=63559"},{"taxonomy":"post_tag","embeddable":true,"href":"https:\/\/www.europesays.com\/no\/wp-json\/wp\/v2\/tags?post=63559"}],"curies":[{"name":"wp","href":"https:\/\/api.w.org\/{rel}","templated":true}]}}