{"id":63619,"date":"2025-10-18T09:47:08","date_gmt":"2025-10-18T09:47:08","guid":{"rendered":"https:\/\/www.europesays.com\/no\/63619\/"},"modified":"2025-10-18T09:47:08","modified_gmt":"2025-10-18T09:47:08","slug":"han-ma-sette-et-eksempel","status":"publish","type":"post","link":"https:\/\/www.europesays.com\/no\/63619\/","title":{"rendered":"\u2013 Han m\u00e5 sette et eksempel"},"content":{"rendered":"\n<p class=\"_lead_o9xde_2 _lead_xtcu6_50 layout-component text-serif-m layout-normal text-serif-l layout-component layout-wide layout-padded _wide_17hqh_1 layout-padded\">Arsenal-manager Mikel Arteta stiller klare krav til hvordan Martin \u00d8degaard skal framst\u00e5 i skadeperioder som den nordmannen opplever n\u00e5.<\/p>\n<p><img alt=\"Martin \u00d8degaard er skadet.  Foto: Fredrik Varfjell \/ NTB\" class=\"_image_qp4xg_65 layout-component layout-wide\" data-fullscreen- data-track-element-type=\"Article image fullscreen\" data-track-name=\"ImageFullscreen\" fetchpriority=\"high\" decoding=\"sync\" loading=\"eager\" height=\"1407\" itemprop=\"image\"  src=\"https:\/\/www.europesays.com\/no\/wp-content\/uploads\/2025\/10\/9f5b5b86-534e-4eb3-a27c-f891b5562f02\"  style=\"object-position:0% 0%\" width=\"2111\"\/>Martin \u00d8degaard er skadet.  Foto: Fredrik Varfjell \/ NTB<\/p>\n<ul aria-hidden=\"true\" class=\"_images_18f0k_111\">\n<li><a class=\"_link_18f0k_116\" href=\"https:\/\/www.vg.no\/forfatter\/ntb\" style=\"z-index:1\" title=\"NTB\" rel=\"nofollow noopener\" target=\"_blank\"><img alt=\"Bilde av NTB\" class=\"_image_18f0k_93\" fetchpriority=\"low\" loading=\"lazy\" decoding=\"async\" itemprop=\"image\"  src=\"https:\/\/www.europesays.com\/no\/wp-content\/uploads\/2025\/10\/1760780828_953_c33980b0-5d07-4027-84a1-813f90a7c8d6\"  width=\"480\"\/><\/a><\/li>\n<\/ul>\n<p> Oppdatert l\u00f8rdag 18. oktober kl. 10:10     <\/p>\n<p class=\"_paragraph_o9xde_4 _paragraph_xtcu6_10 layout-component text-serif-m layout-normal text-serif-m layout-padded\">\u00d8degaard p\u00e5dro seg en leddb\u00e5ndsskade i kneet mot West Ham for to uker siden. Den vil holde ham borte fra fotballen den kommende perioden.<\/p>\n<p class=\"_paragraph_o9xde_4 _paragraph_xtcu6_10 layout-component text-serif-m layout-normal text-serif-m layout-padded\">Noen eksakt dato for n\u00e5r drammenseren kan v\u00e6re spilleklar igjen, har ikke Arsenal kommunisert. Fredag sa manager Arteta at \u00d8degaard kan v\u00e6re uaktuell til etter den kommende landslagspausen<\/p>\n<p class=\"_paragraph_o9xde_4 _paragraph_xtcu6_10 layout-component text-serif-m layout-normal text-serif-m layout-padded\">\u2013 Vi m\u00e5 se hvordan ting utvikler seg, hvordan kneet hans f\u00f8les. Det er for tidlig \u00e5 gi et svar, sa spanjolen.<\/p>\n<p class=\"_paragraph_o9xde_4 _paragraph_xtcu6_10 layout-component text-serif-m layout-normal text-serif-m layout-padded\">\u00d8degaard har i tillegg til kneskaden blitt satt p\u00e5 sidelinjen i flere perioder denne h\u00f8sten med en skade i hoften og i skulderen.<\/p>\n<p class=\"_paragraph_o9xde_4 _paragraph_xtcu6_10 layout-component text-serif-m layout-normal text-serif-m layout-padded\">Slik s\u00e5 det ut sist \u00d8degaard ble skadet:<\/p>\n<p>   Skuffet<\/p>\n<p class=\"_paragraph_o9xde_4 _paragraph_xtcu6_10 layout-component text-serif-m layout-normal text-serif-m layout-padded\">Arteta roser m\u00e5ten den norske kapteinen h\u00e5ndterer tilbakeslagene han har f\u00e5tt de siste m\u00e5nedene.<\/p>\n<p class=\"_paragraph_o9xde_4 _paragraph_xtcu6_10 layout-component text-serif-m layout-normal text-serif-m layout-padded\"> \u2013\u2060\u00a0Jeg synes han er p\u00e5 et veldig bra sted, men han er selvsagt skuffet over hvordan dette skjedde. Det fine er at han gj\u00f8r alt han kan for \u00e5 forhindre skader. Skadene han har hatt, er veldig, veldig vanskelige \u00e5 forhindre,<a href=\"https:\/\/www.arsenal.com\/news\/every-word-mikel-artetas-pre-fulham-presser-1\" class=\"_link_o9xde_39\" rel=\"nofollow noopener\" target=\"_blank\"> sier Artet<\/a>a.<\/p>\n<p class=\"_paragraph_o9xde_4 _paragraph_xtcu6_10 layout-component text-serif-m layout-normal text-serif-m layout-padded\">Samtidig er Arsenal-manageren tydelig p\u00e5 at han har forventninger til hvordan lagets norske stjerne skal opptre.<\/p>\n<p class=\"_paragraph_o9xde_4 _paragraph_xtcu6_10 layout-component text-serif-m layout-normal text-serif-m layout-padded\">\u2013 Han har ikke r\u00e5d til \u00e5 tenke p\u00e5 noen annen m\u00e5te. Han er kapteinen, han m\u00e5 sette standarden, han m\u00e5 v\u00e6re et eksempel, sier Arteta og henviser til \u00d8degaards ganske ferske rolle som sm\u00e5barnspappa.<\/p>\n<p>   Sliten<\/p>\n<p class=\"_paragraph_o9xde_4 _paragraph_xtcu6_10 layout-component text-serif-m layout-normal text-serif-m layout-padded\">\u2013 N\u00e5r du er far, har du ikke noe alternativ. Du m\u00e5 passe p\u00e5 barna dine. Du m\u00e5 v\u00e6re der. Om du har det bra, eller om du er sliten, s\u00e5 m\u00e5 du v\u00e6re der. Det er hans ansvar i laget.<\/p>\n<p class=\"_paragraph_o9xde_4 _paragraph_xtcu6_10 layout-component text-serif-m layout-normal text-serif-m layout-padded\">Arsenal-sjefen er samtidig tydelig p\u00e5 at stallen hans t\u00e5ler skader p\u00e5 stjerner som \u00d8degaard.<\/p>\n<p class=\"_paragraph_o9xde_4 _paragraph_xtcu6_10 layout-component text-serif-m layout-normal text-serif-m layout-padded\">\u2013 Ja, absolutt, men det betyr ikke at Martin ikke er en n\u00f8kkelspiller for oss. Han er en veldig, veldig viktig spiller. Vi har nesten ikke hatt han med siden sesongstart, i likhet med andre spillere. Vi takler det fordi vi har styrke i troppen, fordi vi har spilt p\u00e5 andre kvaliteter som vi fortsatt presterer veldig bra med. Men vi m\u00e5 s\u00f8rge for at vi f\u00e5r ham tilbake, for da blir vi et bedre lag, sier Arteta.<\/p>\n<p class=\"_paragraph_o9xde_4 _paragraph_xtcu6_10 layout-component text-serif-m layout-normal text-serif-m layout-padded\">Arsenal m\u00f8ter Fulham l\u00f8rdag kveld.<\/p>\n","protected":false},"excerpt":{"rendered":"Arsenal-manager Mikel Arteta stiller klare krav til hvordan Martin \u00d8degaard skal framst\u00e5 i skadeperioder som den nordmannen opplever&hellip;\n","protected":false},"author":2,"featured_media":63620,"comment_status":"","ping_status":"","sticky":false,"template":"","format":"standard","meta":{"footnotes":""},"categories":[59],"tags":[328,181,9237,30,28,29,161,83,82],"class_list":{"0":"post-63619","1":"post","2":"type-post","3":"status-publish","4":"format-standard","5":"has-post-thumbnail","7":"category-sport","8":"tag-arsenal","9":"tag-martin-odegaard","10":"tag-mikel-arteta","11":"tag-no","12":"tag-norge","13":"tag-norway","14":"tag-premier-league","15":"tag-sport","16":"tag-sports"},"share_on_mastodon":{"url":"","error":""},"_links":{"self":[{"href":"https:\/\/www.europesays.com\/no\/wp-json\/wp\/v2\/posts\/63619","targetHints":{"allow":["GET"]}}],"collection":[{"href":"https:\/\/www.europesays.com\/no\/wp-json\/wp\/v2\/posts"}],"about":[{"href":"https:\/\/www.europesays.com\/no\/wp-json\/wp\/v2\/types\/post"}],"author":[{"embeddable":true,"href":"https:\/\/www.europesays.com\/no\/wp-json\/wp\/v2\/users\/2"}],"replies":[{"embeddable":true,"href":"https:\/\/www.europesays.com\/no\/wp-json\/wp\/v2\/comments?post=63619"}],"version-history":[{"count":0,"href":"https:\/\/www.europesays.com\/no\/wp-json\/wp\/v2\/posts\/63619\/revisions"}],"wp:featuredmedia":[{"embeddable":true,"href":"https:\/\/www.europesays.com\/no\/wp-json\/wp\/v2\/media\/63620"}],"wp:attachment":[{"href":"https:\/\/www.europesays.com\/no\/wp-json\/wp\/v2\/media?parent=63619"}],"wp:term":[{"taxonomy":"category","embeddable":true,"href":"https:\/\/www.europesays.com\/no\/wp-json\/wp\/v2\/categories?post=63619"},{"taxonomy":"post_tag","embeddable":true,"href":"https:\/\/www.europesays.com\/no\/wp-json\/wp\/v2\/tags?post=63619"}],"curies":[{"name":"wp","href":"https:\/\/api.w.org\/{rel}","templated":true}]}}