{"id":63621,"date":"2025-10-18T09:48:13","date_gmt":"2025-10-18T09:48:13","guid":{"rendered":"https:\/\/www.europesays.com\/no\/63621\/"},"modified":"2025-10-18T09:48:13","modified_gmt":"2025-10-18T09:48:13","slug":"dette-sier-exit-stjernen-simon-j-berger-om-harry-hole-rollen","status":"publish","type":"post","link":"https:\/\/www.europesays.com\/no\/63621\/","title":{"rendered":"Dette sier \u00abExit\u00bb-stjernen Simon J. Berger om \u00abHarry Hole\u00bb-rollen"},"content":{"rendered":"\n<p class=\"_lead_o9xde_2 _lead_xtcu6_50 layout-component text-serif-m layout-normal text-serif-l layout-component layout-wide layout-padded _wide_17hqh_1 layout-padded\">\u2013 Oslo er gjort om til et slags Gotham City. Og s\u00e5 har vi en fantastisk rollebesetning, sier Simon J. Berger (46) om den kommende serien. <\/p>\n<p><img alt=\"SERIEAKTUELL: Simon J. Berger avbildet under en pressedag for \u00abExit\u00bb p\u00e5 Vega scene i Oslo. Foto: Ola Vatn \/ VG\" class=\"_image_qp4xg_65 layout-component layout-wide\" data-fullscreen- data-track-element-type=\"Article image fullscreen\" data-track-name=\"ImageFullscreen\" fetchpriority=\"high\" decoding=\"sync\" loading=\"eager\" height=\"5206\" itemprop=\"image\"  src=\"https:\/\/www.europesays.com\/no\/wp-content\/uploads\/2025\/10\/d1aeb27e-65c9-4e6b-aee5-fd83c633ab18\"  style=\"object-position:0% 0%\" width=\"7806\"\/>SERIEAKTUELL: Simon J. Berger avbildet under en pressedag for \u00abExit\u00bb p\u00e5 Vega scene i Oslo. Foto: Ola Vatn \/ VG<\/p>\n<ul aria-hidden=\"true\" class=\"_images_18f0k_111\">\n<li><a class=\"_link_18f0k_116\" href=\"https:\/\/www.vg.no\/forfatter\/thor-benjamin-brekken\" style=\"z-index:1\" title=\"Benjamin Brekken\" rel=\"nofollow noopener\" target=\"_blank\"><img alt=\"Bilde av Benjamin Brekken\" class=\"_image_18f0k_93\" fetchpriority=\"low\" loading=\"lazy\" decoding=\"async\" itemprop=\"image\"  src=\"https:\/\/www.europesays.com\/no\/wp-content\/uploads\/2025\/10\/1760780891_839_1729a004-83db-4715-83a1-201a2b6019bd\"  width=\"480\"\/><\/a><\/li>\n<\/ul>\n<p> Oppdatert l\u00f8rdag 18. oktober kl. 11:11     <\/p>\n<p class=\"_paragraph_o9xde_4 _paragraph_xtcu6_10 layout-component text-serif-m layout-normal text-serif-m layout-padded\">\u2013 Herregud, det blir spennende \u00e5 se n\u00e5r den er ferdig, sier en begeistret Simon J. Berger til VG om \u00abHarry Hole\u00bb-samarbeidet med Netflix.<\/p>\n<p class=\"_paragraph_o9xde_4 _paragraph_xtcu6_10 layout-component text-serif-m layout-normal text-serif-m layout-padded\">Skuespilleren, som n\u00e5 for tiden er aktuell i Disney Pluss-serien \u00abKoke Bj\u00f8rn\u00bb, huskes nok best av nordmenn som en ufin type med tvilsom moral i NRK-suksessen \u00abExit\u00bb. <\/p>\n<p class=\"_paragraph_o9xde_4 _paragraph_xtcu6_10 layout-component text-serif-m layout-normal text-serif-m layout-padded\">\u2013 Jeg er jo privilegert som f\u00e5r gj\u00f8re s\u00e5 mange ting jeg liker, sier Berger. <\/p>\n<p><img alt=\"UFORGLEMMELIG: Simon J. Berger slik vi husker ham fra \u00abExit\u00bb.  Foto: NRK\" class=\"_image_qp4xg_65 layout-component layout-normal\" data-fullscreen- data-track-element-type=\"Article image fullscreen\" data-track-name=\"ImageFullscreen\" decoding=\"async\" loading=\"lazy\" height=\"3066\" itemprop=\"image\"  src=\"https:\/\/www.europesays.com\/no\/wp-content\/uploads\/2025\/10\/47d9400c-7307-451d-a6a0-666f02152927\"  style=\"object-position:0% 0%\" width=\"5116\"\/>UFORGLEMMELIG: Simon J. Berger slik vi husker ham fra \u00abExit\u00bb.  Foto: NRK<img alt=\"MINNEVERDIG: Simon J. Berger slik han fremst\u00e5r i sin nye serie \u00abKoke Bj\u00f8rn\u00bb.  Foto: Disney+ \/ Disney+\" class=\"_image_qp4xg_65 layout-component layout-normal\" data-fullscreen- data-track-element-type=\"Article image fullscreen\" data-track-name=\"ImageFullscreen\" decoding=\"async\" loading=\"lazy\" height=\"798\" itemprop=\"image\"  src=\"https:\/\/www.europesays.com\/no\/wp-content\/uploads\/2025\/10\/0b0a160c-34e7-4c24-b524-b48d013079cd\"  style=\"object-position:0% 0%\" width=\"1196\"\/>MINNEVERDIG: Simon J. Berger slik han fremst\u00e5r i sin nye serie \u00abKoke Bj\u00f8rn\u00bb.  Foto: Disney+ \/ Disney+<\/p>\n<p class=\"_paragraph_o9xde_4 _paragraph_xtcu6_10 layout-component text-serif-m layout-normal text-serif-m layout-padded\">46-\u00e5ringen har ogs\u00e5 en ukjent rolle i Netflix-satsingen \u00ab<a href=\"https:\/\/www.vg.no\/tag\/jo-nesboe?utm_source=vg-article&amp;utm_medium=auto-tagger&amp;utm_campaign=W0QVxk\" class=\"_link_o9xde_39\" rel=\"nofollow noopener\" target=\"_blank\">Jo Nesb\u00f8s<\/a> Harry Hole\u00bb, som er en etterlengtet serieadapsjon av krimb\u00f8kene om Harry Hole. <\/p>\n<p class=\"_paragraph_o9xde_4 _paragraph_xtcu6_10 layout-component text-serif-m layout-normal text-serif-m layout-padded\">\u2013 Hva kan du si om rollen din?<\/p>\n<p class=\"_paragraph_o9xde_4 _paragraph_xtcu6_10 layout-component text-serif-m layout-normal text-serif-m layout-padded\">\u2013 Alts\u00e5, den er storslagen. Serien har bygd en utrolig kul verden. Det er en av dens store styrker, forteller Berger. <\/p>\n<p class=\"_paragraph_o9xde_4 _paragraph_xtcu6_10 layout-component text-serif-m layout-normal text-serif-m layout-padded\">Svensken forblir litt kryptisk n\u00e5r han omtaler den kommende storserien.<\/p>\n<p class=\"_paragraph_o9xde_4 _paragraph_xtcu6_10 layout-component text-serif-m layout-normal text-serif-m layout-padded\">\u2013 \u00abHarry Hole\u00bb-verdenen er veldig spennende. Oslo er gjort om til et slags Gotham City. Og s\u00e5 har vi en fantastisk rollebesetning. Den er enormt stor!<\/p>\n<p><img alt=\"STJERNEFLOKK: Jo Nesb\u00f8, Pia Tjelta, Tobias Santelmann, Joel Kinnaman og regiss\u00f8r \u00d8ystein Karlsen under et pressearrangement p\u00e5 Schr\u00f8der i Oslo i mai 2024.   Foto: Helge Mikalsen \/ VG\" class=\"_image_qp4xg_65 layout-component layout-normal\" data-fullscreen- data-track-element-type=\"Article image fullscreen\" data-track-name=\"ImageFullscreen\" decoding=\"async\" loading=\"lazy\" height=\"5206\" itemprop=\"image\"  src=\"https:\/\/www.europesays.com\/no\/wp-content\/uploads\/2025\/10\/b2449452-26df-4437-ac52-7838ddf9bf5a\"  style=\"object-position:0% 0%\" width=\"7353\"\/>STJERNEFLOKK: Jo Nesb\u00f8, Pia Tjelta, Tobias Santelmann, Joel Kinnaman og regiss\u00f8r \u00d8ystein Karlsen under et pressearrangement p\u00e5 Schr\u00f8der i Oslo i mai 2024.   Foto: Helge Mikalsen \/ VG<\/p>\n<p class=\"_paragraph_o9xde_4 _paragraph_xtcu6_10 layout-component text-serif-m layout-normal text-serif-m layout-padded\">Berger tuller ikke. Tobias Santelmann, Pia Tjelta og Hollywood-stjerna Joel Kinnaman spiller de sentrale rollene som Harry Hole, Raken Fauke og Tom Waaler. <\/p>\n<p class=\"_paragraph_o9xde_4 _paragraph_xtcu6_10 layout-component text-serif-m layout-normal text-serif-m layout-padded\">Utover det er listen spinnvill og lang som et vondt \u00e5r. Bare sjekk noen av navnene her: <\/p>\n<ul class=\"_list_o9xde_3 _list_xtcu6_9 _unordered_o9xde_106 layout-component text-serif-m layout-normal text-serif-m layout-padded\">\n<li class=\"_item_o9xde_30\">Peter Stormare<\/li>\n<li class=\"_item_o9xde_30\">Anders Baasmo <\/li>\n<li class=\"_item_o9xde_30\">K\u00e5re Conradi<\/li>\n<li class=\"_item_o9xde_30\">Atle Antonsen<\/li>\n<li class=\"_item_o9xde_30\">Eili Harboe<\/li>\n<li class=\"_item_o9xde_30\">Simon Berger<\/li>\n<li class=\"_item_o9xde_30\">Henriette Steenstrup<\/li>\n<li class=\"_item_o9xde_30\">Kristoffer Joner<\/li>\n<li class=\"_item_o9xde_30\">Ingrid Bols\u00f8 Berdal<\/li>\n<li class=\"_item_o9xde_30\">Linn Sk\u00e5ber<\/li>\n<li class=\"_item_o9xde_30\">Agnes Kittelsen<\/li>\n<li class=\"_item_o9xde_30\">Simon J. Berger<\/li>\n<li class=\"_item_o9xde_30\">Fridtjov S\u00e5heim<\/li>\n<li class=\"_item_o9xde_30\">Eili Harboe<\/li>\n<li class=\"_item_o9xde_30\">Frank Kjos\u00e5s<\/li>\n<li class=\"_item_o9xde_30\">Ingar Helge Gimle<\/li>\n<li class=\"_item_o9xde_30\">Henrik Mestad<\/li>\n<li class=\"_item_o9xde_30\">Helge Jordal<\/li>\n<\/ul>\n<p class=\"_paragraph_o9xde_4 _paragraph_xtcu6_10 layout-component text-serif-m layout-normal layout-padded\"><strong class=\"_strong_o9xde_25\">Les ogs\u00e5:<\/strong> <a href=\"https:\/\/www.vg.no\/i\/o3V0GV\" data-track-element-type=\"Link\" data-track-id=\"link:o3V0GV\" class=\"_link_o9xde_39\" rel=\"nofollow noopener\" target=\"_blank\">\u00abHarry Hole\u00bb fikk Arsenal-nei<\/a><\/p>\n<p class=\"_paragraph_o9xde_4 _paragraph_xtcu6_10 layout-component text-serif-m layout-normal text-serif-m layout-padded\">Innspillingen av serien ble avsluttet etter 113 dager med opptak p\u00e5 over 160 lokasjoner. Blant stedene som er brukt er ikoniske Harry Hole-lokasjoner som Restaurant Schr\u00f8der og Frognerbadet. <\/p>\n<p class=\"_paragraph_o9xde_4 _paragraph_xtcu6_10 layout-component text-serif-m layout-normal text-serif-m layout-padded\">Den f\u00f8rste sesongen av \u00abJo Nesb\u00f8s Harry Hole\u00bb blir en adapsjon av Jo Nesb\u00f8s femte bok, \u00abMarekors\u00bb. Nesb\u00f8 har selv oversatt og skrevet seriemanuset. <\/p>\n<p class=\"_paragraph_o9xde_4 _paragraph_xtcu6_10 layout-component text-serif-m layout-normal text-serif-m layout-padded\">\u2013 Kan du si noe som helst om karakteren din? sp\u00f8r VG Berger igjen. <\/p>\n<p class=\"_paragraph_o9xde_4 _paragraph_xtcu6_10 layout-component text-serif-m layout-normal text-serif-m layout-padded\">\u2013 Jeg tror jeg skal holde litt p\u00e5 det. Jeg vet ikke helt hva som er morsomt \u00e5 si om det, men serien ser ekstremt spennende ut, svarer han lurt. <\/p>\n<p class=\"_paragraph_o9xde_4 _paragraph_xtcu6_10 layout-component text-serif-m layout-normal text-serif-m layout-padded\">\u00abJo Nesb\u00f8s Harry Hole\u00bb har ikke f\u00e5tt noen offisiell premieredato enn\u00e5, men forventes \u00e5 komme en gang i l\u00f8pet av 2026. <\/p>\n<p><img alt=\"Simon J. Berger i samtale med VG ifm. serien \u00abKoke Bj\u00f8rn\u00bb.  Foto: VG \/ VG\" class=\"_image_qp4xg_65 layout-component layout-normal\" data-fullscreen- data-track-element-type=\"Article image fullscreen\" data-track-name=\"ImageFullscreen\" decoding=\"async\" loading=\"lazy\" height=\"1080\" itemprop=\"image\"  src=\"https:\/\/www.europesays.com\/no\/wp-content\/uploads\/2025\/10\/2ee514ab-b8ce-4e23-b2f9-d3814321ae86\"  style=\"object-position:0% 0%\" width=\"1752\"\/>Simon J. Berger i samtale med VG ifm. serien \u00abKoke Bj\u00f8rn\u00bb.  Foto: VG \/ VG<\/p>\n<p class=\"_paragraph_o9xde_4 _paragraph_xtcu6_10 layout-component text-serif-m layout-normal text-serif-m layout-padded\">Vil du lese flere sterke historier, m\u00f8ter med kjente mennesker og bli inspirert av andres livsstil ? N\u00e5 kan du f\u00e5 denne ukens VG Helg levert hjem i postkassen! Bestill i <a href=\"https:\/\/butikk.vg.no\/products\/vg-helg-uke-42-2025\" class=\"_link_o9xde_39\" rel=\"nofollow noopener\" target=\"_blank\">v\u00e5r nettbutikk (fri frakt!)<\/a><\/p>\n<p><img alt=\"\" class=\"_image_qp4xg_65 layout-component layout-normal\" data-fullscreen- data-track-element-type=\"Article image fullscreen\" data-track-name=\"ImageFullscreen\" decoding=\"async\" loading=\"lazy\" height=\"749\" itemprop=\"image\"  src=\"https:\/\/www.europesays.com\/no\/wp-content\/uploads\/2025\/10\/f5556e08-421d-4b30-90da-06cf2b527bae\"  style=\"object-position:0% 0%\" width=\"566\"\/>    <\/p>\n","protected":false},"excerpt":{"rendered":"\u2013 Oslo er gjort om til et slags Gotham City. Og s\u00e5 har vi en fantastisk rollebesetning, sier&hellip;\n","protected":false},"author":2,"featured_media":63622,"comment_status":"","ping_status":"","sticky":false,"template":"","format":"standard","meta":{"footnotes":""},"categories":[58],"tags":[71,9238,3315,30,28,29,72],"class_list":{"0":"post-63621","1":"post","2":"type-post","3":"status-publish","4":"format-standard","5":"has-post-thumbnail","7":"category-underholdning","8":"tag-entertainment","9":"tag-harry-hole","10":"tag-jo-nesbo","11":"tag-no","12":"tag-norge","13":"tag-norway","14":"tag-underholdning"},"share_on_mastodon":{"url":"","error":""},"_links":{"self":[{"href":"https:\/\/www.europesays.com\/no\/wp-json\/wp\/v2\/posts\/63621","targetHints":{"allow":["GET"]}}],"collection":[{"href":"https:\/\/www.europesays.com\/no\/wp-json\/wp\/v2\/posts"}],"about":[{"href":"https:\/\/www.europesays.com\/no\/wp-json\/wp\/v2\/types\/post"}],"author":[{"embeddable":true,"href":"https:\/\/www.europesays.com\/no\/wp-json\/wp\/v2\/users\/2"}],"replies":[{"embeddable":true,"href":"https:\/\/www.europesays.com\/no\/wp-json\/wp\/v2\/comments?post=63621"}],"version-history":[{"count":0,"href":"https:\/\/www.europesays.com\/no\/wp-json\/wp\/v2\/posts\/63621\/revisions"}],"wp:featuredmedia":[{"embeddable":true,"href":"https:\/\/www.europesays.com\/no\/wp-json\/wp\/v2\/media\/63622"}],"wp:attachment":[{"href":"https:\/\/www.europesays.com\/no\/wp-json\/wp\/v2\/media?parent=63621"}],"wp:term":[{"taxonomy":"category","embeddable":true,"href":"https:\/\/www.europesays.com\/no\/wp-json\/wp\/v2\/categories?post=63621"},{"taxonomy":"post_tag","embeddable":true,"href":"https:\/\/www.europesays.com\/no\/wp-json\/wp\/v2\/tags?post=63621"}],"curies":[{"name":"wp","href":"https:\/\/api.w.org\/{rel}","templated":true}]}}