{"id":63637,"date":"2025-10-18T10:15:15","date_gmt":"2025-10-18T10:15:15","guid":{"rendered":"https:\/\/www.europesays.com\/no\/63637\/"},"modified":"2025-10-18T10:15:15","modified_gmt":"2025-10-18T10:15:15","slug":"putin-strammer-grepet-mot-sine-nye-landsmenn","status":"publish","type":"post","link":"https:\/\/www.europesays.com\/no\/63637\/","title":{"rendered":"Putin strammer grepet mot sine \u00abnye landsmenn\u00bb"},"content":{"rendered":"\n<p class=\"_lead_o9xde_2 _lead_xtcu6_50 layout-component text-serif-m layout-normal text-serif-l layout-component layout-normal layout-padded layout-padded\">Vladimir Putin har tatt et jerngrep over befolkningen i det han kaller Russlands \u00abnye territorier\u00bb. Det vil si det okkuperte Ukraina.<\/p>\n<p>Skriver om krigen i Ukraina, sjakk, Formel 1, idrettspolitikk, m.m.. Utdannet ved NMBU og Moskvas statsuniversitet. Hobbybonde.<\/p>\n<p><a href=\"https:\/\/www.vg.no\/nyheter\/i\/OoGBjq\/mailto:ole.kristian.strom@vg.no\" class=\"_button_6bkpv_2 button-label-large _filled_6bkpv_106 _button_43ilh_75\" rel=\"nofollow noopener\" target=\"_blank\">E-post<\/a><img alt=\" Foto: ALEXANDER ZEMLIANICHENKO\/AP POOL \/ EPA \/ NTB\" class=\"_image_qp4xg_65 layout-component layout-wide\" data-fullscreen- data-track-element-type=\"Article image fullscreen\" data-track-name=\"ImageFullscreen\" fetchpriority=\"high\" decoding=\"sync\" loading=\"eager\" height=\"3529\" itemprop=\"image\"  src=\"https:\/\/www.europesays.com\/no\/wp-content\/uploads\/2025\/10\/b11ca127-b4c0-4b19-9ba9-5519bec5fc4a\"  style=\"object-position:0% 0%\" width=\"5294\"\/> Foto: ALEXANDER ZEMLIANICHENKO\/AP POOL \/ EPA \/ NTBL\u00f8rdag 18. oktober kl. 04:20     <\/p>\n<p class=\"_paragraph_o9xde_4 _paragraph_xtcu6_10 layout-component text-serif-m layout-normal text-serif-m layout-padded\">Vi har h\u00f8rt om bortf\u00f8ring av barn. Om fangeleire. Om tortur.<\/p>\n<p class=\"_paragraph_o9xde_4 _paragraph_xtcu6_10 layout-component text-serif-m layout-normal text-serif-m layout-padded\">N\u00e5 strammer Putin &#8211; om mulig &#8211; grepet enda hardere. Om dem som han anser som sine \u00abnye landsmenn\u00bb. <\/p>\n<p class=\"_paragraph_o9xde_4 _paragraph_xtcu6_10 layout-component text-serif-m layout-normal text-serif-m layout-padded\">190 personer er d\u00f8mt til lange fengselsstraffer for \u00ablandsforr\u00e6deri\u00bb og \u00abspionasje\u00bb. Mer enn en fjerdedel er kvinner. Det er det uavhengige russiske nettstedet <a href=\"https:\/\/istories.media\/\" class=\"_link_o9xde_39\" rel=\"nofollow noopener\" target=\"_blank\">Vazjnije istorii<\/a> som dokumenterer dette.<\/p>\n<p class=\"_paragraph_o9xde_4 _paragraph_xtcu6_10 layout-component text-serif-m layout-normal text-serif-m layout-padded\">Vi snakker om dommer avsagt i det som er Ukraina, men som Russland regner som sine \u00abnye territorier\u00bb: regionene Donetsk, Luhansk, Zaporizjzja og Kherson, samt Krym. <\/p>\n<p class=\"_paragraph_o9xde_4 _paragraph_xtcu6_10 layout-component text-serif-m layout-normal text-serif-m layout-padded\">Dommene rammer innbyggere som er uenig i okkupasjonen og som blir p\u00e5grepet av russiske sikkerhetstjenester. To tredjedeler av dommene handler om \u00abspionasje\u00bb. I Russland brukes denne paragrafen mot utlendinger (som Frode Berg), mens i de annekterteannekterteN\u00e5r et land formelt tar et omr\u00e5de som en del av sitt eget territorium, ofte uten internasjonal anerkjennelse.<br \/>\n regionene brukes den mot ukrainske borgere.<\/p>\n<p class=\"_paragraph_o9xde_4 _paragraph_xtcu6_10 layout-component text-serif-m layout-normal text-serif-m layout-padded\">Folk d\u00f8mmes for \u00ablandsforr\u00e6deri\u00bb til tross for at de har blitt p\u00e5tvunget russisk pass. Uten russisk pass har du ingen rettigheter i de okkuperte omr\u00e5dene.<\/p>\n<p class=\"_paragraph_o9xde_4 _paragraph_xtcu6_10 layout-component text-serif-m layout-normal text-serif-m layout-padded\">I begge tilfeller er en gjennomsnittlig dom p\u00e5 mellom 13 og 14 \u00e5r. Nettstedet vet ogs\u00e5 om to livstidsdommer.<\/p>\n<p class=\"_paragraph_o9xde_4 _paragraph_xtcu6_10 layout-component text-serif-m layout-normal text-serif-m layout-padded\">Fra fullskala krigen startet i februar 2022 til juli 2025 skal 774 personer ha blitt d\u00f8mt for \u00ablandsforr\u00e6deri\u00bb, \u00abspionasje\u00bb eller \u00abkonfidensielt samarbeid med fremmed stat\u00bb i Russland og disse okkuperte omr\u00e5dene i Ukraina.<\/p>\n<p class=\"_paragraph_o9xde_4 _paragraph_xtcu6_10 layout-component text-serif-m layout-normal text-serif-m layout-padded\">Hvor ille det kan g\u00e5, er 30 \u00e5r gamle Nadezjda Rossinskaja et bevis p\u00e5. Hun er russer og har siden 2022 jevnlig reist inn i de okkuperte omr\u00e5dene med mat og medisiner. N\u00e5 sitter hun i et russisk fengsel. Der skal hun tilbringe 22 \u00e5r, if\u00f8lge dommen. Meduza skriver at hun ble d\u00f8mt for forr\u00e6deri, \u00ab\u00e5 ha bist\u00e5tt terroristvirksomhet\u00bb og \u00aboffentlig ha oppfordret til handlinger som truer landets territorielle integritet\u00bb.<\/p>\n<p class=\"_paragraph_o9xde_4 _paragraph_xtcu6_10 layout-component text-serif-m layout-normal text-serif-m layout-padded\">Det var den fryktede spiontjenesten FSB som sto bak \u00abetterforskningen\u00bb av Rossinskaja.<\/p>\n<p class=\"_paragraph_o9xde_4 _paragraph_xtcu6_10 layout-component text-serif-m layout-normal text-serif-m layout-padded\">I 2024 ble 22 \u00e5r gamle Tatjana Laletina d\u00f8m til ni \u00e5rs fengsel for \u00ablandsforr\u00e6deri\u00bb, fordi hun overf\u00f8rte 25 euro til to ukrainske hjelpeorganisasjoner. I mai i \u00e5r ble to studenter d\u00f8mt til syv \u00e5rs fengsel for angivelig \u00e5 ha satt fyr p\u00e5 en elektrisk boks p\u00e5 en jernbane. I rettssaken kom det fram at de hadde gjort det av en provokat\u00f8r fra \u00abpolitiets senter for bekjempelse av ekstremisme\u00bb, som utga seg for \u00e5 v\u00e6re ukrainsk agent.<\/p>\n<p class=\"_paragraph_o9xde_4 _paragraph_xtcu6_10 layout-component text-serif-m layout-normal text-serif-m layout-padded\">En russisk forsvarsadvokat mener at disse meningsl\u00f8se dommene har to form\u00e5l:<\/p>\n<ul class=\"_list_o9xde_3 _list_xtcu6_9 _unordered_o9xde_106 layout-component text-serif-m layout-normal text-serif-m layout-padded\">\n<li class=\"_item_o9xde_30\">Skremme krigsmotstandere.<\/li>\n<li class=\"_item_o9xde_30\">Fremme karrieren til FSB-agentene.<\/li>\n<\/ul>\n<p class=\"_paragraph_o9xde_4 _paragraph_xtcu6_10 layout-component text-serif-m layout-normal text-serif-m layout-padded\">Det som skjer, gjenspeiler presset og frykten i et samfunn preget av sensur og politisk kontroll. <\/p>\n<p class=\"_paragraph_o9xde_4 _paragraph_xtcu6_10 layout-component text-serif-m layout-normal text-serif-m layout-padded\">Da jeg snakker med den ukrainske ambassad\u00f8ren til Norge, Oleksiy Gavrysh, om hvordan ukrainere i de annekterte regionene har det, snakker han mye om barn. Om barn som blir \u00abkidnappet\u00bb, om at \u00abrusserne gir dem nytt navn\u00bb og at de derfor er \u00abvanskelig \u00e5 finne og bringe tilbake\u00bb, om at \u00abnoen er s\u00e5 sm\u00e5 at de ikke kommer til \u00e5 huske igjen sine foreldre\u00bb.<\/p>\n<p class=\"_paragraph_o9xde_4 _paragraph_xtcu6_10 layout-component text-serif-m layout-normal text-serif-m layout-padded\">Den internasjonale straffedomstolenstraffedomstolenEn internasjonal domstol som har myndighet til \u00e5 straffeforf\u00f8lge personer for krigsforbrytelser, forbrytelser mot menneskeheten og folkemord. har utstedt arrestordre p\u00e5 Putin. De anklager presidenten &#8211; og Russlands barneombud &#8211; for \u00e5 ha deltatt i ulovlig bortf\u00f8ring av barn fra Ukraina. <\/p>\n<p class=\"_paragraph_o9xde_4 _paragraph_xtcu6_10 layout-component text-serif-m layout-normal text-serif-m layout-padded\">Den nevnte ambassad\u00f8ren snakker om tusenvis av barn, og Yale Humanitarian Research Lab har tallfestet det til mer enn 19.000 barn som er deportertdeportertN\u00e5r noen blir tvunget til \u00e5 forlate et land, ofte mot sin vilje. fra Ukraina til Russland. Putin har sagt at russiske myndigheter \u00abtok barna helt lovlig ut av konfliktsonen og har aldri v\u00e6rt mot gjenforening med deres familier\u00bb.<\/p>\n<p class=\"_paragraph_o9xde_4 _paragraph_xtcu6_10 layout-component text-serif-m layout-normal text-serif-m layout-padded\">Det er en helt annen historie enn det Ukraina har.<\/p>\n<p class=\"_paragraph_o9xde_4 _paragraph_xtcu6_10 layout-component text-serif-m layout-normal text-serif-m layout-padded\">Undertrykkelsen av vanlige borgere i de okkuperte omr\u00e5dene ser ut til \u00e5 \u00f8ke og rammer if\u00f8lge Vaznjnie istorii ogs\u00e5 folk som tidligere st\u00f8ttet okkupantene, men som er misforn\u00f8yde med hvordan russerne har g\u00e5tt fram.<\/p>\n<p class=\"_paragraph_o9xde_4 _paragraph_xtcu6_10 layout-component text-serif-m layout-normal text-serif-m layout-padded\">B\u00e5de i de okkuperte omr\u00e5dene og i Russland mener FN at den russiske staten konstruerer \u00abfiender av fedrelandet\u00bb og at det retter seg b\u00e5de mot antikrigsaktivister, politiske motstandere, advokater og menneskerettighetsforkjempere. De \u00abnormaliserer vold og styrker straffrihet\u00bb.<\/p>\n<p class=\"_paragraph_o9xde_4 _paragraph_xtcu6_10 layout-component text-serif-m layout-normal text-serif-m layout-padded\">I starten p\u00e5 fullskala krigen tok folk til gatene i russiske byer. Protestene ble sl\u00e5tt hardt ned p\u00e5. Siden har s\u00e5 \u00e5 si ingen turt \u00e5 demonstrere mot Putin og hans regimeregimeEn regjering, spesielt en autorit\u00e6r eller diktatorisk en, som har kontroll over et land.<br \/>\n.<\/p>\n<p class=\"_paragraph_o9xde_4 _paragraph_xtcu6_10 layout-component text-serif-m layout-normal text-serif-m layout-padded\">Kreml ser p\u00e5 all motstand mot krigen som en trussel mot sin makt. De finner stadig nye m\u00e5ter \u00e5 undertrykke og sl\u00e5 ned p\u00e5 enhver form for motstand. Det er viktig at verdenssamfunnet fortsetter \u00e5 dokumentere forf\u00f8lgelsen av borgerne, b\u00e5de i Russland og i de okkuperte omr\u00e5dene.<\/p>\n<p>      Dette er en kommentar. Kommentaren gir uttrykk for skribentens holdning. <\/p>\n","protected":false},"excerpt":{"rendered":"Vladimir Putin har tatt et jerngrep over befolkningen i det han kaller Russlands \u00abnye territorier\u00bb. Det vil si&hellip;\n","protected":false},"author":2,"featured_media":63638,"comment_status":"","ping_status":"","sticky":false,"template":"","format":"standard","meta":{"footnotes":""},"categories":[10],"tags":[20,21,24,25,15,22,23,13,30,28,29,14,16,26,27,489,103,186],"class_list":{"0":"post-63637","1":"post","2":"type-post","3":"status-publish","4":"format-standard","5":"has-post-thumbnail","7":"category-norge","8":"tag-breaking-news","9":"tag-breakingnews","10":"tag-featured-news","11":"tag-featurednews","12":"tag-headlines","13":"tag-latest-news","14":"tag-latestnews","15":"tag-news","16":"tag-no","17":"tag-norge","18":"tag-norway","19":"tag-nyheter","20":"tag-overskrifter","21":"tag-top-stories","22":"tag-topstories","23":"tag-ukraina","24":"tag-vgmeninger","25":"tag-vladimir-putin"},"share_on_mastodon":{"url":"","error":""},"_links":{"self":[{"href":"https:\/\/www.europesays.com\/no\/wp-json\/wp\/v2\/posts\/63637","targetHints":{"allow":["GET"]}}],"collection":[{"href":"https:\/\/www.europesays.com\/no\/wp-json\/wp\/v2\/posts"}],"about":[{"href":"https:\/\/www.europesays.com\/no\/wp-json\/wp\/v2\/types\/post"}],"author":[{"embeddable":true,"href":"https:\/\/www.europesays.com\/no\/wp-json\/wp\/v2\/users\/2"}],"replies":[{"embeddable":true,"href":"https:\/\/www.europesays.com\/no\/wp-json\/wp\/v2\/comments?post=63637"}],"version-history":[{"count":0,"href":"https:\/\/www.europesays.com\/no\/wp-json\/wp\/v2\/posts\/63637\/revisions"}],"wp:featuredmedia":[{"embeddable":true,"href":"https:\/\/www.europesays.com\/no\/wp-json\/wp\/v2\/media\/63638"}],"wp:attachment":[{"href":"https:\/\/www.europesays.com\/no\/wp-json\/wp\/v2\/media?parent=63637"}],"wp:term":[{"taxonomy":"category","embeddable":true,"href":"https:\/\/www.europesays.com\/no\/wp-json\/wp\/v2\/categories?post=63637"},{"taxonomy":"post_tag","embeddable":true,"href":"https:\/\/www.europesays.com\/no\/wp-json\/wp\/v2\/tags?post=63637"}],"curies":[{"name":"wp","href":"https:\/\/api.w.org\/{rel}","templated":true}]}}