{"id":63665,"date":"2025-10-18T11:04:08","date_gmt":"2025-10-18T11:04:08","guid":{"rendered":"https:\/\/www.europesays.com\/no\/63665\/"},"modified":"2025-10-18T11:04:08","modified_gmt":"2025-10-18T11:04:08","slug":"listhaug-krever-unnskyldning-for-lognpropaganda-fra-aps-trollfabrikk","status":"publish","type":"post","link":"https:\/\/www.europesays.com\/no\/63665\/","title":{"rendered":"Listhaug krever unnskyldning for \u00abl\u00f8gnpropaganda fra Aps trollfabrikk\u00bb"},"content":{"rendered":"\n<p class=\"_lead_o9xde_2 _lead_xtcu6_50 layout-component text-serif-m layout-normal text-serif-l layout-component layout-wide layout-padded _wide_17hqh_1 layout-padded\">Frp-leder Sylvi Listhaug krever at Arbeiderpartiet unnskylder det hun kaller l\u00f8gnpropaganda om Frp fra \u00abTrollfabrikken p\u00e5 Youngstorget\u00bb. <\/p>\n<p> <img class=\"_image_qp4xg_65 layout-component layout-wide\" data-fullscreen- data-track-element-type=\"Article image fullscreen\" data-track-name=\"ImageFullscreen\" fetchpriority=\"high\" decoding=\"sync\" loading=\"eager\" height=\"102\" itemprop=\"image\"  src=\"https:\/\/www.europesays.com\/no\/wp-content\/uploads\/2025\/10\/e711154386bda139950d64506c1caec7.jpg\"  style=\"object-position:50% 50%;aspect-ratio:1.75;height:auto;object-fit:cover;width:100%\" width=\"102\"\/>  <\/p>\n<ul aria-hidden=\"true\" class=\"_images_18f0k_111\">\n<li><a class=\"_link_18f0k_116\" href=\"https:\/\/www.vg.no\/forfatter\/ntb\" style=\"z-index:1\" title=\"NTB\" rel=\"nofollow noopener\" target=\"_blank\"><img alt=\"Bilde av NTB\" class=\"_image_18f0k_93\" fetchpriority=\"low\" loading=\"lazy\" decoding=\"async\" itemprop=\"image\"  src=\"https:\/\/www.europesays.com\/no\/wp-content\/uploads\/2025\/10\/1760785448_329_c33980b0-5d07-4027-84a1-813f90a7c8d6\"  width=\"480\"\/><\/a><\/li>\n<\/ul>\n<p> Oppdatert l\u00f8rdag 18. oktober kl. 12:33     <\/p>\n<p class=\"_paragraph_o9xde_4 _paragraph_xtcu6_10 layout-component text-serif-m layout-normal text-serif-m layout-padded\">\u2013 P\u00e5 vegne av Frp krever jeg en unnskyldning fra Jonas Gahr St\u00f8re og resten av arbeiderbevegelsen for den l\u00f8gnaktige propagandaen som Trollfabrikken p\u00e5 Youngstorget spredte om Frp i valgkampen, sa Listhaug i sin tale til landsstyrem\u00f8tet i Frp p\u00e5 Gardermoen l\u00f8rdag ettermiddag.<\/p>\n<p class=\"_paragraph_o9xde_4 _paragraph_xtcu6_10 layout-component text-serif-m layout-normal text-serif-m layout-padded\">Hun mener Arbeiderpartiet l\u00f8y b\u00e5de om Frp, H\u00f8yre og sin egen politikk.<\/p>\n<p class=\"_paragraph_o9xde_4 _paragraph_xtcu6_10 layout-component text-serif-m layout-normal text-serif-m layout-padded\">\u2013 Sannheten er at Arbeiderpartiet i valgkampen l\u00f8y til sine velgere mot bedre vitende. Arbeiderpartiet har brukt mye tid p\u00e5 \u00e5 snakke om hvor viktig det er \u00e5 avdekke bl\u00f8ff og usannheter som blir spredd p\u00e5 nettet. I valgkampen s\u00e5 vi at en av de verste trollfabrikkene fantes hos dem selv, sa Frp-lederen.<\/p>\n<p class=\"_paragraph_o9xde_4 _paragraph_xtcu6_10 layout-component text-serif-m layout-normal text-serif-m layout-padded\">Hun trekker fram nestleder Jan Christian Vestres p\u00e5stander om at Frp ville gj\u00f8re barnehager og SFO dyrere som noe av det verste. <\/p>\n<p class=\"_paragraph_o9xde_4 _paragraph_xtcu6_10 layout-component text-serif-m layout-normal text-serif-m layout-padded\">\u2013 Andre eksempler de brukte, var at vi ville kutte i gratis ferger og fradrag i studiel\u00e5n \u2013 som de p\u00e5 det tidspunktet visste at de selv kom til \u00e5 foresl\u00e5 \u00e5 kutte i statsbudsjettet, sier Listhaug \u2013 og bringer dermed p\u00e5 bane det heteste temaet i norsk politikk det siste d\u00f8gnet.<\/p>\n","protected":false},"excerpt":{"rendered":"Frp-leder Sylvi Listhaug krever at Arbeiderpartiet unnskylder det hun kaller l\u00f8gnpropaganda om Frp fra \u00abTrollfabrikken p\u00e5 Youngstorget\u00bb. Oppdatert&hellip;\n","protected":false},"author":2,"featured_media":63666,"comment_status":"","ping_status":"","sticky":false,"template":"","format":"standard","meta":{"footnotes":""},"categories":[5],"tags":[20,21,24,25,577,15,19,22,23,17,18,13,30,28,29,14,16,200,26,27],"class_list":{"0":"post-63665","1":"post","2":"type-post","3":"status-publish","4":"format-standard","5":"has-post-thumbnail","7":"category-overskrifter","8":"tag-breaking-news","9":"tag-breakingnews","10":"tag-featured-news","11":"tag-featurednews","12":"tag-fremskrittspartiet-frp","13":"tag-headlines","14":"tag-hovedoppslag","15":"tag-latest-news","16":"tag-latestnews","17":"tag-main-news","18":"tag-mainnews","19":"tag-news","20":"tag-no","21":"tag-norge","22":"tag-norway","23":"tag-nyheter","24":"tag-overskrifter","25":"tag-sylvi-listhaug","26":"tag-top-stories","27":"tag-topstories"},"share_on_mastodon":{"url":"","error":""},"_links":{"self":[{"href":"https:\/\/www.europesays.com\/no\/wp-json\/wp\/v2\/posts\/63665","targetHints":{"allow":["GET"]}}],"collection":[{"href":"https:\/\/www.europesays.com\/no\/wp-json\/wp\/v2\/posts"}],"about":[{"href":"https:\/\/www.europesays.com\/no\/wp-json\/wp\/v2\/types\/post"}],"author":[{"embeddable":true,"href":"https:\/\/www.europesays.com\/no\/wp-json\/wp\/v2\/users\/2"}],"replies":[{"embeddable":true,"href":"https:\/\/www.europesays.com\/no\/wp-json\/wp\/v2\/comments?post=63665"}],"version-history":[{"count":0,"href":"https:\/\/www.europesays.com\/no\/wp-json\/wp\/v2\/posts\/63665\/revisions"}],"wp:featuredmedia":[{"embeddable":true,"href":"https:\/\/www.europesays.com\/no\/wp-json\/wp\/v2\/media\/63666"}],"wp:attachment":[{"href":"https:\/\/www.europesays.com\/no\/wp-json\/wp\/v2\/media?parent=63665"}],"wp:term":[{"taxonomy":"category","embeddable":true,"href":"https:\/\/www.europesays.com\/no\/wp-json\/wp\/v2\/categories?post=63665"},{"taxonomy":"post_tag","embeddable":true,"href":"https:\/\/www.europesays.com\/no\/wp-json\/wp\/v2\/tags?post=63665"}],"curies":[{"name":"wp","href":"https:\/\/api.w.org\/{rel}","templated":true}]}}