{"id":63685,"date":"2025-10-18T11:32:08","date_gmt":"2025-10-18T11:32:08","guid":{"rendered":"https:\/\/www.europesays.com\/no\/63685\/"},"modified":"2025-10-18T11:32:08","modified_gmt":"2025-10-18T11:32:08","slug":"polarsirkelradet-tannklinikk-reagerer-kraftig-pa-nedleggelser-av-tannklinikker-i-nesna-luroy-og-rodoy-et-alvorlig-angrep-pa-grunnleggende-helsetjenester-i-distriktene","status":"publish","type":"post","link":"https:\/\/www.europesays.com\/no\/63685\/","title":{"rendered":"Polarsirkelr\u00e5det, Tannklinikk | Reagerer kraftig p\u00e5 nedleggelser av tannklinikker i Nesna, Lur\u00f8y og R\u00f8d\u00f8y. \u2013 Et alvorlig angrep p\u00e5 grunnleggende helsetjenester i distriktene"},"content":{"rendered":"\n<p>Det er i en pressemelding Polarsirkelr\u00e5det advarer mot forslaget til fylkeskommunen om \u00e5 legge ned flere distriktsklinikker i tannhelsetjenesten. Herunder klinikker som ligger i Nesna, R\u00f8d\u00f8y, Lur\u00f8y og Hattfjelldal. <\/p>\n<p>R\u00e5det mener forslaget vil f\u00f8re til sterkt svekket tilgjengelighet, h\u00f8yere kostnader og d\u00e5rligere folkehelse i store deler av Indre Helgeland. <\/p>\n<p>\u2013 Dette er et alvorlig angrep p\u00e5 grunnleggende velferdstjenester i distriktene. Et tannlegetilbud skal v\u00e6re tilgjengelig for alle \u2013 ikke bare for dem som bor i byene, sier leder for Polarsirkelr\u00e5det, S\u00f8lvi Andersen &#8211; ordf\u00f8rer i Hattfjelldal. <\/p>\n<p>I pressemeldingen skriver r\u00e5det at nedleggelser av lokale tannhelseklinikker vil medf\u00f8re betydelig \u00f8kte reisekostnader og tidsbruk for pasienter. I flere kommuner m\u00e5 pasienter reise mellom syv til 12 timer tur\/retur, og da en reisevei best\u00e5ende av ferger og hurtigb\u00e5ter inkludert ventetid. <\/p>\n<p>\u2013 I en \u00f8ykommune som R\u00f8d\u00f8y kan nedleggelse av tannklinikk gi reisedager p\u00e5 opptil 14 timer for \u00e5 komme til tannlege. For mange eldre og familier uten bil vil det i praksis v\u00e6re umulig \u00e5 f\u00e5 jevnlig behandling. Dette er ikke et forsvarlig tilbud, uttaler ordf\u00f8rer i R\u00f8d\u00f8y, Inger Monsen, og legger til:<\/p>\n<p>\u2013 Det er uklokt \u00e5 legge ned et fungerende tannlegetilbud samtidig som vi bygger et nytt moderne helsesenter. Fylkeskommunen b\u00f8r samarbeide med oss \u2013 ikke avvikle tilbudet.<\/p>\n<p>Ordf\u00f8rer i Nesna, Hanne Davidsen, stiller sp\u00f8rsm\u00e5l ved om det er l\u00f8nnsomt \u00e5 legge ned klinikkene.<\/p>\n<p>\u2013 Det er vanskelig \u00e5 se hvordan dette skal gi reelle besparelser. N\u00e5r pasientene m\u00e5 fraktes over store avstander, \u00f8ker b\u00e5de transportutgifter og tidsbruk dramatisk. Summen p\u00e5 700 000 kroner som fylkeskommunen har ansl\u00e5tt for \u00f8kte skysskostnader, dekker knapt behovet for \u00e9n kommune alene.<\/p>\n<p>Polarsirkelr\u00e5det fremhever at kommuner med v\u00e6ravhengig ferje- og hurtigb\u00e5tsamband rammes spesielt hardt. <\/p>\n<p>Og ordf\u00f8rer i Lur\u00f8y, H\u00e5kon Lund, ber fylkskommunen om \u00e5 vurdere andre tiltak. <\/p>\n<p>\u2013 Det finnes mange grep som kan redusere kostnader uten \u00e5 ramme innbyggerne: mindre leieareal, delt bemanning og sambruk av lokaler. Klinikken i Konsvikosen har lave driftsutgifter og kan videref\u00f8res med sm\u00e5 justeringer.<\/p>\n<p>R\u00e5det ber fylkeskommunen om \u00e5 utsette alle nedleggelser til en helhetlig utviklingsplan for tannhelsetjenesten er ferdigstilt, og eventuelle mobile l\u00f8sninger faktisk er etablert. I tillegg foresl\u00e5r Polarsirkelr\u00e5det at fylkeskommunen vurderer: <\/p>\n<ul>\n<li>\u00c5pning for kommersielle kunder der kapasitet finnes, for \u00e5 skape inntekter som kan styrke lokal drift. <\/li>\n<li>Kostnadseffektive l\u00f8sninger som delt bemanning og redusert areal framfor nedleggelse. <\/li>\n<li>Styrket samarbeid med kommunene om drift og samlokalisering av helsetjenester.<\/li>\n<\/ul>\n<p>\u2013 Vi ber fylkeskommunen om \u00e5 ta Helgeland p\u00e5 alvor \u2013 og la tallene, lovverket og hverdagen til folk veie tyngre enn teoretiske effektiviseringsm\u00e5l, uttaler Polarsirkelr\u00e5det til slutt. <\/p>\n","protected":false},"excerpt":{"rendered":"Det er i en pressemelding Polarsirkelr\u00e5det advarer mot forslaget til fylkeskommunen om \u00e5 legge ned flere distriktsklinikker i&hellip;\n","protected":false},"author":2,"featured_media":63686,"comment_status":"","ping_status":"","sticky":false,"template":"","format":"standard","meta":{"footnotes":""},"categories":[10],"tags":[36,20,21,24,25,15,22,23,1782,1781,13,30,28,29,14,16,8194,1783,1510,3236,26,27,1784],"class_list":{"0":"post-63685","1":"post","2":"type-post","3":"status-publish","4":"format-standard","5":"has-post-thumbnail","7":"category-norge","8":"tag-art","9":"tag-breaking-news","10":"tag-breakingnews","11":"tag-featured-news","12":"tag-featurednews","13":"tag-headlines","14":"tag-latest-news","15":"tag-latestnews","16":"tag-luroy","17":"tag-nesna","18":"tag-news","19":"tag-no","20":"tag-norge","21":"tag-norway","22":"tag-nyheter","23":"tag-overskrifter","24":"tag-polarsirkelradet","25":"tag-rodoy","26":"tag-story","27":"tag-tannklinikk","28":"tag-top-stories","29":"tag-topstories","30":"tag-traena"},"share_on_mastodon":{"url":"","error":""},"_links":{"self":[{"href":"https:\/\/www.europesays.com\/no\/wp-json\/wp\/v2\/posts\/63685","targetHints":{"allow":["GET"]}}],"collection":[{"href":"https:\/\/www.europesays.com\/no\/wp-json\/wp\/v2\/posts"}],"about":[{"href":"https:\/\/www.europesays.com\/no\/wp-json\/wp\/v2\/types\/post"}],"author":[{"embeddable":true,"href":"https:\/\/www.europesays.com\/no\/wp-json\/wp\/v2\/users\/2"}],"replies":[{"embeddable":true,"href":"https:\/\/www.europesays.com\/no\/wp-json\/wp\/v2\/comments?post=63685"}],"version-history":[{"count":0,"href":"https:\/\/www.europesays.com\/no\/wp-json\/wp\/v2\/posts\/63685\/revisions"}],"wp:featuredmedia":[{"embeddable":true,"href":"https:\/\/www.europesays.com\/no\/wp-json\/wp\/v2\/media\/63686"}],"wp:attachment":[{"href":"https:\/\/www.europesays.com\/no\/wp-json\/wp\/v2\/media?parent=63685"}],"wp:term":[{"taxonomy":"category","embeddable":true,"href":"https:\/\/www.europesays.com\/no\/wp-json\/wp\/v2\/categories?post=63685"},{"taxonomy":"post_tag","embeddable":true,"href":"https:\/\/www.europesays.com\/no\/wp-json\/wp\/v2\/tags?post=63685"}],"curies":[{"name":"wp","href":"https:\/\/api.w.org\/{rel}","templated":true}]}}