{"id":63687,"date":"2025-10-18T11:33:11","date_gmt":"2025-10-18T11:33:11","guid":{"rendered":"https:\/\/www.europesays.com\/no\/63687\/"},"modified":"2025-10-18T11:33:11","modified_gmt":"2025-10-18T11:33:11","slug":"hamas-dreper-palestinere-trump-truer-med-a-drepe-dem","status":"publish","type":"post","link":"https:\/\/www.europesays.com\/no\/63687\/","title":{"rendered":"Hamas dreper palestinere \u2013 Trump truer med \u00e5 \u00abdrepe dem\u00bb"},"content":{"rendered":"\n<p class=\"_lead_o9xde_2 _lead_xtcu6_50 layout-component text-serif-m layout-normal text-serif-l layout-component layout-wide layout-padded _wide_17hqh_1 layout-padded\">Fem dager etter at v\u00e5penhvilen startet, g\u00e5r Hamas etter rivaler, Israel holder tilbake n\u00f8dhjelp og Trump truer med \u00e5 \u00abg\u00e5 inn og drepe Hamas\u00bb.<\/p>\n<p><img alt=\"9. oktober fikk Trump en h\u00e5ndskrevet lapp fra utenriksministeren som antydet at en fredsavtale i Midt\u00f8sten var n\u00e6rt forest\u00e5ende. Foto: Evan Vucci \/ AP \/ NTB\" class=\"_image_qp4xg_65 layout-component layout-wide\" data-fullscreen- data-track-element-type=\"Article image fullscreen\" data-track-name=\"ImageFullscreen\" fetchpriority=\"high\" decoding=\"sync\" loading=\"eager\" height=\"2202\" itemprop=\"image\"  src=\"https:\/\/www.europesays.com\/no\/wp-content\/uploads\/2025\/10\/3d3ef438-0ade-476c-ac9f-25cb2aa5cff0\"  style=\"object-position:0% 0%\" width=\"2921\"\/>9. oktober fikk Trump en h\u00e5ndskrevet lapp fra utenriksministeren som antydet at en fredsavtale i Midt\u00f8sten var n\u00e6rt forest\u00e5ende. Foto: Evan Vucci \/ AP \/ NTB<\/p>\n<ul aria-hidden=\"true\" class=\"_images_18f0k_111\">\n<li><a class=\"_link_18f0k_116\" href=\"https:\/\/www.vg.no\/forfatter\/espen-rasmussen-2\" style=\"z-index:1\" title=\"Espen Rasmussen\" rel=\"nofollow noopener\" target=\"_blank\"><img alt=\"Bilde av Espen Rasmussen\" class=\"_image_18f0k_93\" fetchpriority=\"low\" loading=\"lazy\" decoding=\"async\" itemprop=\"image\"  src=\"https:\/\/www.europesays.com\/no\/wp-content\/uploads\/2025\/10\/1760787188_288_9e07ea87-bca1-4760-986f-5788e43af739\"  width=\"480\"\/><\/a><\/li>\n<\/ul>\n<p> Oppdatert l\u00f8rdag 18. oktober kl. 12:44     <\/p>\n<p class=\"_paragraph_o9xde_4 _paragraph_xtcu6_10 layout-component text-serif-m layout-normal text-serif-m layout-padded\">Synes du det er vanskelig \u00e5 f\u00e5 oversikt over det som skjer i <a href=\"https:\/\/www.vg.no\/tag\/gaza?utm_source=vg-article&amp;utm_medium=auto-tagger&amp;utm_campaign=Mn4Q5B\" class=\"_link_o9xde_39\" rel=\"nofollow noopener\" target=\"_blank\">Gaza<\/a> akkurat n\u00e5? Hvordan g\u00e5r det med v\u00e5penhvilen som Trump annonserte? <\/p>\n<p class=\"_paragraph_o9xde_4 _paragraph_xtcu6_10 layout-component text-serif-m layout-normal text-serif-m layout-padded\"><strong class=\"_strong_o9xde_25\">Her er det viktigste:<\/strong><\/p>\n<p> 1 Hvor st\u00e5r v\u00e5penhvilen n\u00e5?<\/p>\n<ul class=\"_list_o9xde_3 _list_xtcu6_9 _unordered_o9xde_106 layout-component text-serif-m layout-normal text-serif-m layout-padded\">\n<li class=\"_item_o9xde_30\">Hamas friga alle de 20 gjenlevende israelske gislene mandag som en del av v\u00e5penhvileavtalen.<\/li>\n<li class=\"_item_o9xde_30\">Samtidig friga Israel 1700 palestinske fanger som var arrestert etter 7. oktober 2023 samt 250 personer med livstidsdommer. <\/li>\n<li class=\"_item_o9xde_30\">Ogs\u00e5 d\u00f8de gisler skal leveres til Israel, if\u00f8lge avtalen. Levningene etter 18 gisler skal fortsatt mangle.<\/li>\n<li class=\"_item_o9xde_30\">Israel har begynt \u00e5 trekke sine styrker tilbake til linjer definert i avtalen.<\/li>\n<li class=\"_item_o9xde_30\">N\u00f8dhjelp har begynt \u00e5 komme inn, men er fortsatt for lite til \u00e5 dekke det enorme behovet, if\u00f8lge FN.<\/li>\n<li class=\"_item_o9xde_30\">Avtalen er skj\u00f8r, og avhengig av at begge parter oppfyller sine forpliktelser, som blant annet inneb\u00e6rer frigivelse av d\u00f8de gisler og tilbaketrekning av styrker.<\/li>\n<\/ul>\n<p><img alt=\"L\u00f8slatte palestinske fanger ankom Gaza mandag til f\u00f8lelsesladde jubelscener.   Foto: HAITHAM IMAD \/ EPA \/ NTB\" class=\"_image_qp4xg_65 layout-component layout-normal\" data-fullscreen- data-track-element-type=\"Article image fullscreen\" data-track-name=\"ImageFullscreen\" decoding=\"async\" loading=\"lazy\" height=\"4955\" itemprop=\"image\"  src=\"https:\/\/www.europesays.com\/no\/wp-content\/uploads\/2025\/10\/c1b62286-5824-4138-97e8-8e7748ee6e95\"  style=\"object-position:0% 0%\" width=\"4955\"\/>L\u00f8slatte palestinske fanger ankom Gaza mandag til f\u00f8lelsesladde jubelscener.   Foto: HAITHAM IMAD \/ EPA \/ NTB  2 Hvorfor er det kamper mellom Hamas og rivaliserende grupper?<\/p>\n<p class=\"_paragraph_o9xde_4 _paragraph_xtcu6_10 layout-component text-serif-m layout-normal text-serif-m layout-padded\">Kampene startet mellom Hamas og rivaliserende palestinske grupper etter at v\u00e5penhvilen tr\u00e5dte i kraft fredag. <\/p>\n<p class=\"_paragraph_o9xde_4 _paragraph_xtcu6_10 layout-component text-serif-m layout-normal text-serif-m layout-padded\">L\u00f8rdag og s\u00f8ndag ble minst 27 drept da Hamas-krigere kjempet mot v\u00e6pnede medlemmer av Dughmush-familien, en mektig klan i Gaza som har blitt beskyldt for \u00e5 ha samarbeidet med Israel under krigen.<\/p>\n<p class=\"_paragraph_o9xde_4 _paragraph_xtcu6_10 layout-component text-serif-m layout-normal text-serif-m layout-padded\">Og mandag henrettet maskerte, bev\u00e6pnede menn, noen med gr\u00f8nne panneb\u00e5nd tilknyttet Hamas, \u00e5tte palestinere offentlig i Gaza by.<\/p>\n<p><img alt=\"En video viste henrettelsen av \u00e5tte personer i Gaza by.  Foto: AFP \/ NTB\" class=\"_image_qp4xg_65 layout-component layout-normal\" data-fullscreen- data-track-element-type=\"Article image fullscreen\" data-track-name=\"ImageFullscreen\" decoding=\"async\" loading=\"lazy\" height=\"594\" itemprop=\"image\"  src=\"https:\/\/www.europesays.com\/no\/wp-content\/uploads\/2025\/10\/16b370e8-d6ed-42f6-ae38-0be44468ed05\"  style=\"object-position:0% 0%\" width=\"594\"\/>En video viste henrettelsen av \u00e5tte personer i Gaza by.  Foto: AFP \/ NTB<\/p>\n<p class=\"_paragraph_o9xde_4 _paragraph_xtcu6_10 layout-component text-serif-m layout-normal text-serif-m layout-padded\">\u2013 Hamas sender et budskap: \u00abVi er her. Vi er den eneste myndigheten i Gaza\u00bb, sier den palestinske politiske analytikeren Tamer Qarmout til <a href=\"https:\/\/www.nytimes.com\/2025\/10\/15\/world\/middleeast\/hamas-crackdown-rivals-gaza.html\" class=\"_link_o9xde_39\" rel=\"nofollow noopener\" target=\"_blank\">New York Times<\/a>.<\/p>\n<p class=\"_paragraph_o9xde_4 _paragraph_xtcu6_10 layout-component text-serif-m layout-normal text-serif-m layout-padded\">De henrettede ble anklaget for \u00e5 samarbeide med Israel. <\/p>\n<p class=\"_paragraph_o9xde_4 _paragraph_xtcu6_10 layout-component text-serif-m layout-normal text-serif-m layout-padded\">Hamas har advart om at de vil g\u00e5 etter \u00abkriminelle gjenger\u00bb som truer \u00absivil fred\u00bb.<\/p>\n<p class=\"_paragraph_o9xde_4 _paragraph_xtcu6_10 layout-component text-serif-m layout-normal text-serif-m layout-padded\">Torsdag gikk Donald Trump ut p\u00e5 sin sosiale-medier konto Truth Social og truet Hamas:<\/p>\n<p class=\"_paragraph_o9xde_4 _paragraph_xtcu6_10 layout-component text-serif-m layout-normal text-serif-m layout-padded\"><strong class=\"_strong_o9xde_25\">\u00abHvis Hamas fortsetter \u00e5 drepe folk i Gaza, noe som ikke var avtalen, s\u00e5 har vi ikke noe valg, ut over \u00e5 g\u00e5 inn og drepe dem.\u00bb<\/strong><\/p>\n<p><img alt=\"Palestinske krigere fra Hamas' st\u00e5r vakt mens R\u00f8de Kors ankommer for \u00e5 transportere levningene av israelske gisler fra Gaza 15. oktober.  Foto: MOHAMMED SABER \/ EPA \/ NTB\" class=\"_image_qp4xg_65 layout-component layout-normal\" data-fullscreen- data-track-element-type=\"Article image fullscreen\" data-track-name=\"ImageFullscreen\" decoding=\"async\" loading=\"lazy\" height=\"3345\" itemprop=\"image\"  src=\"https:\/\/www.europesays.com\/no\/wp-content\/uploads\/2025\/10\/4124abbb-640e-4569-a83c-1e0e69628ec7\"  style=\"object-position:0% 0%\" width=\"3345\"\/>Palestinske krigere fra Hamas&#8217; st\u00e5r vakt mens R\u00f8de Kors ankommer for \u00e5 transportere levningene av israelske gisler fra Gaza 15. oktober.  Foto: MOHAMMED SABER \/ EPA \/ NTB<\/p>\n<p class=\"_paragraph_o9xde_4 _paragraph_xtcu6_10 layout-component text-serif-m layout-normal text-serif-m layout-padded\">Palestinere frykter n\u00e5 at et maktvakuum kan bli verre enn Hamas-styret:<\/p>\n<p class=\"_paragraph_o9xde_4 _paragraph_xtcu6_10 layout-component text-serif-m layout-normal text-serif-m layout-padded\">\u2013 At Hamas dreper dem de kaller kollaborat\u00f8rer, svekker ikke n\u00f8dvendigvis Hamas lokalt. Gruppen sees ikke som en mafia eller profittjegere, men som ideologisk drevet, forteller Tuastad.<\/p>\n<p>Trumps plan kort fortalt<\/p>\n<p class=\"_paragraph_o9xde_4 _paragraph_xtcu6_10 _paragraph_16v91_10 layout-component text-serif-m layout-normal text-sans-m layout-padded\" itemprop=\"text\">Gisselbyttet markerer f\u00f8rste fase av Trumps plan for \u00e5 f\u00e5 slutt p\u00e5 den d\u00f8deligste krigen i historien til den israelsk-palestinske konflikten.<\/p>\n<p class=\"_paragraph_o9xde_4 _paragraph_xtcu6_10 _paragraph_16v91_10 layout-component text-serif-m layout-normal text-sans-m layout-padded\" itemprop=\"text\">Andre fase krever at Hamas avv\u00e6pnes, at israelske styrker trekker seg bredere tilbake fra Gaza, og at en internasjonal stabiliseringsstyrke utplasseres i det palestinske omr\u00e5det.<\/p>\n<p>Alle de 20 punktene<\/p>\n<p class=\"_paragraph_o9xde_4 _paragraph_xtcu6_10 _paragraph_16v91_10 layout-component text-serif-m layout-normal text-sans-m layout-padded\" itemprop=\"text\">If\u00f8lge Det hvite hus, er dette Trumps 20-punktsplan:<\/p>\n<ol class=\"_list_o9xde_3 _list_xtcu6_9 _list_16v91_9 _ordered_o9xde_79 layout-component text-serif-m layout-normal text-sans-m layout-padded\" itemprop=\"text\">\n<li class=\"_item_o9xde_30\">Gaza blir en avradikalisert, terrorfri sone uten trussel mot naboer.<\/li>\n<li class=\"_item_o9xde_30\">Gaza gjenoppbygges til fordel for egen befolkning, som har lidd mer en nok.<\/li>\n<li class=\"_item_o9xde_30\">Ved aksept fra begge parter,\u00a0<strong class=\"_strong_o9xde_25\">stanser krigen umiddelbart<\/strong>, IDF trekker seg ut til det som er avtalt, avbryter milit\u00e6r aktivitet, fryser frontlinjer og forbereder gisselutveksling.<\/li>\n<li class=\"_item_o9xde_30\">Alle gisler (levende og d\u00f8de) returneres innen 72 timer.<\/li>\n<li class=\"_item_o9xde_30\">Israel l\u00f8slater 250 livstidsfanger + 1700 arrestert etter 7. oktober.<\/li>\n<li class=\"_item_o9xde_30\">Hamas-medlemmer som avv\u00e6pner seg f\u00e5r amnesti eller trygg passasje.<\/li>\n<li class=\"_item_o9xde_30\">Ved godkjennelse av avtalen, starter full n\u00f8dhjelp til Gazastripen straks, inkludert gjenoppbygging av infrastruktur og sykehus.<\/li>\n<li class=\"_item_o9xde_30\">Hjelpen skal distribueres gjennom FN, R\u00f8de Halvm\u00e5ne mfl.; Rafah-grensen \u00e5pnes etter 19. jan-avtalen.<\/li>\n<li class=\"_item_o9xde_30\">Gaza vil styres midlertidig av en\u00a0teknokratisk, upolitisk, komit\u00e9 med internasjonalt tilsyn \u2013 \u00abBoard of Peace\u00bb ledet av Donald Trump og tidligere britisk statsminister Tony Blair. Komiteen vil best\u00e5 av \u00abkvalifiserte palestinere\u00bb og internasjonal eksperter.<\/li>\n<li class=\"_item_o9xde_30\">En Trump-ledet utviklingsplan lanseres for investeringer og arbeidsplasser.<\/li>\n<li class=\"_item_o9xde_30\">Det vil bli opprettet en egen, \u00f8konomisk sone.<\/li>\n<li class=\"_item_o9xde_30\">Ingen tvinges til \u00e5 forlate Gaza; folk kan bli, reise og returnere fritt. Vi oppfordrer folk til \u00e5 bli og vil gi dem muligheten til \u00e5 bygge et bedre Gaza.<\/li>\n<li class=\"_item_o9xde_30\">Hamas og andre fraksjoner f\u00e5r ingen styringsrolle, hverken direkte eller indirekte. Milit\u00e6r infrastruktur og v\u00e5penproduksjon skal \u00f8delegges og ikke gjenoppbygges.<\/li>\n<li class=\"_item_o9xde_30\">Regionale partnere garanterer at Hamas og andre fraksjoner holder seg til avtalen og at nye Gaza ikke utgj\u00f8r en trussel for sine naboer eller egen befolkning.<\/li>\n<li class=\"_item_o9xde_30\">USA vil jobbe med arabiske og internasjonale partnere for \u00e5 etablere en midlertidig, internasjonal stabiliseringsstyrke (ISF). Stabiliseringsstyrken vil trene og st\u00f8tte palestinske politistyrker i Gaza. Stabiliseringsstyrken vil fungere som en langsiktig, intern sikkerhetsl\u00f8sning, og den vil jobbe med Israel og Egypt for \u00e5 sikre grenseomr\u00e5der. Det blir kritisk \u00e5 hindre at ammunisjon entrer Gaza, og sikre trygg flyt av varer for \u00e5 bygge opp Gaza.<\/li>\n<li class=\"_item_o9xde_30\">Israel skal ikke okkupere eller annektere Gaza. Idet ISF oppn\u00e5r kontroll og stabilitet, vil IDF trekke seg gradvis ut etter m\u00e5lbare milep\u00e6ler bestemt i enighet mellom IDF, ISF, garantister og USA. Samtidig vil midlertidige sikkerhetssone beholdes.<\/li>\n<li class=\"_item_o9xde_30\">Dersom Hamas utsetter eller avviser avtalen, iverksettes punktene over, samt n\u00f8dhjelpen, i \u00abterror-frie omr\u00e5der\u00bb overlevert fra IDF til ISF (den midlertidige stabiliseringsstyrken).<\/li>\n<li class=\"_item_o9xde_30\">En interreligi\u00f8s dialogprosess vil fremme toleranse og sameksistens, og vil s\u00f8ke \u00e5 endre holdninger blant palestinere og israelere ved \u00e5 vektlegge fordelene som kan komme fra fred.<\/li>\n<li class=\"_item_o9xde_30\">N\u00e5r reformer er gjennomf\u00f8rt og gjenoppbygging p\u00e5g\u00e5r, \u00e5pnes vei mot palestinsk selvstyre og statsdannelse, som anerkjennes som et legitimt \u00f8nske for det palestinske folket.<\/li>\n<li class=\"_item_o9xde_30\">USA vil etablere politisk dialog mellom Israel og palestinerne for fredelig og velfungerende sameksistens.<\/li>\n<\/ol>\n<p>  3 Kommer det inn n\u00f8dhjelp n\u00e5?<img alt=\"Palestinere mottar donert mat p\u00e5 et felleskj\u00f8kken i Deir al-Balah, sentralt p\u00e5 Gazastripen, torsdag.  Foto: Abdel Kareem Hana \/ AP \/ NTB\" class=\"_image_qp4xg_65 layout-component layout-normal\" data-fullscreen- data-track-element-type=\"Article image fullscreen\" data-track-name=\"ImageFullscreen\" decoding=\"async\" loading=\"lazy\" height=\"5735\" itemprop=\"image\"  src=\"https:\/\/www.europesays.com\/no\/wp-content\/uploads\/2025\/10\/b92fbd51-19a8-4756-89d5-38f82187ab16\"  style=\"object-position:0% 0%\" width=\"5735\"\/>Palestinere mottar donert mat p\u00e5 et felleskj\u00f8kken i Deir al-Balah, sentralt p\u00e5 Gazastripen, torsdag.  Foto: Abdel Kareem Hana \/ AP \/ NTB<\/p>\n<p class=\"_paragraph_o9xde_4 _paragraph_xtcu6_10 layout-component text-serif-m layout-normal text-serif-m layout-padded\">Israel har redusert antallet lastebiler med n\u00f8dhjelp som f\u00e5r komme inn i Gaza, etter at Hamas ikke har levert tilbake alle d\u00f8de gisler i henhold til avtalen.<\/p>\n<p class=\"_paragraph_o9xde_4 _paragraph_xtcu6_10 layout-component text-serif-m layout-normal text-serif-m layout-padded\">FNs humanit\u00e6re sjef Tom Fletcher oppfordrer Israel til \u00e5 \u00e5pne flere grenseoverganger for \u00e5 tillate en massiv \u00f8kning i n\u00f8dhjelp, if\u00f8lge <a href=\"https:\/\/www.bbc.com\/news\/articles\/c803rmdzjdjo\" class=\"_link_o9xde_39\" rel=\"nofollow noopener\" target=\"_blank\">BBC<\/a>.<\/p>\n<p class=\"_paragraph_o9xde_4 _paragraph_xtcu6_10 layout-component text-serif-m layout-normal text-serif-m layout-padded\">\u2013 Det er viktig at vi ikke kaster bort den enorme fremgangen som er gjort gjennom den USA-meglede avtalen, sier Fletcher.<\/p>\n<p><img decoding=\"async\" alt=\"Bilde av Tom Fletcher\" class=\"_image_ygndg_42\" height=\"27\" itemprop=\"image\" loading=\"lazy\"  src=\"https:\/\/www.europesays.com\/no\/wp-content\/uploads\/2025\/10\/61f3a994-6c67-4dc2-9fd5-c07ce8255fbd\"  width=\"40\"\/><strong class=\"_name_ygndg_51 title-serif-xs\">Tom Fletcher<\/strong><\/p>\n<p class=\"_paragraph_o9xde_4 text-sans-m _description_ygndg_56\">FNs n\u00f8dhjelpssjef<\/p>\n<p class=\"_paragraph_o9xde_4 _paragraph_xtcu6_10 layout-component text-serif-m layout-normal text-serif-m layout-padded\">If\u00f8lge <a href=\"https:\/\/www.reuters.com\/world\/middle-east\/gaza-needs-massive-boost-emergency-aid-after-ceasefire-un-relief-chief-says-2025-10-15\/\" class=\"_link_o9xde_39\" rel=\"nofollow noopener\" target=\"_blank\">Reuters<\/a> har FN 190.000 tonn med forsyninger som venter p\u00e5 grensen, og israelske myndigheter har sagt at 600 lastebiler har f\u00e5tt tillatelse til \u00e5 kj\u00f8re inn i Gaza.<\/p>\n<p class=\"_paragraph_o9xde_4 _paragraph_xtcu6_10 layout-component text-serif-m layout-normal text-serif-m layout-padded\">Fletcher ber om at over 50 internasjonale frivillige organisasjoner, inkludert Oxfam og Flyktninghjelpen, m\u00e5 f\u00e5 lov til \u00e5 bringe inn n\u00f8dhjelp, og sier at saken har blitt tatt opp med Israel, USA og andre regionale partnere.<\/p>\n<p class=\"_paragraph_o9xde_4 _paragraph_xtcu6_10 layout-component text-serif-m layout-normal text-serif-m layout-padded\">\u2013 Vi kan ikke levere i den skalaen som er n\u00f8dvendig uten deres tilstedev\u00e6relse og engasjement, sier Fletcher.<\/p>\n<p class=\"_paragraph_o9xde_4 _paragraph_xtcu6_10 layout-component text-serif-m layout-normal text-serif-m layout-padded\">FN \u00f8nsker en dramatisk \u00f8kning i humanit\u00e6r hjelp til Gaza, og sier at lastebilene som ble klarert for \u00e5 komme inn i Gaza ikke er i n\u00e6rheten av det som trengs for \u00e5 lindre den humanit\u00e6re situasjonen.<\/p>\n<p>  4 F\u00e5r sivilbefolkningen det bedre?<img alt=\"En palestiner g\u00e5r blant telt for fordrevne i Khan Younis, s\u00f8rlige Gazastripen, torsdag 16. oktober.   Foto: Ramadan Abed \/ Reuters \/ NTB\" class=\"_image_qp4xg_65 layout-component layout-normal\" data-fullscreen- data-track-element-type=\"Article image fullscreen\" data-track-name=\"ImageFullscreen\" decoding=\"async\" loading=\"lazy\" height=\"3655\" itemprop=\"image\"  src=\"https:\/\/www.europesays.com\/no\/wp-content\/uploads\/2025\/10\/7dd8c285-406f-4479-b40c-a7710458a807\"  style=\"object-position:0% 0%\" width=\"3655\"\/>En palestiner g\u00e5r blant telt for fordrevne i Khan Younis, s\u00f8rlige Gazastripen, torsdag 16. oktober.   Foto: Ramadan Abed \/ Reuters \/ NTB<\/p>\n<p class=\"_paragraph_o9xde_4 _paragraph_xtcu6_10 layout-component text-serif-m layout-normal text-serif-m layout-padded\">Nesten alle Gazas 2,2 millioner innbyggere er drevet fra hjemmene sine, og hungersn\u00f8d forekommer i  nord, if\u00f8lge globale overv\u00e5kningsgrupper.<\/p>\n<p class=\"_paragraph_o9xde_4 _paragraph_xtcu6_10 layout-component text-serif-m layout-normal text-serif-m layout-padded\">Over 68.000 mennesker er, if\u00f8lge palestinske helsemyndigheter, drept i israelske angrep p\u00e5 Gazastripen de siste to \u00e5rene, blant dem over 20.000 barn.<\/p>\n<p class=\"_paragraph_o9xde_4 _paragraph_xtcu6_10 layout-component text-serif-m layout-normal text-serif-m layout-padded\">Selv om noe n\u00f8dhjelp har kommet inn de siste dagene, er det fortsatt ekstremt lite medisinsk utstyr, ern\u00e6ring og medisiner tilgjengelig.<\/p>\n<p><img alt=\"Palestinere handler frukt og gr\u00f8nnsaker p\u00e5 et provisorisk marked i Nuseirat flyktningleiren, 15. oktober 2025. Prisene for mat er sv\u00e6rt h\u00f8ye.  Foto: EYAD BABA \/ AFP \/ NTB\" class=\"_image_qp4xg_65 layout-component layout-normal\" data-fullscreen- data-track-element-type=\"Article image fullscreen\" data-track-name=\"ImageFullscreen\" decoding=\"async\" loading=\"lazy\" height=\"3040\" itemprop=\"image\"  src=\"https:\/\/www.europesays.com\/no\/wp-content\/uploads\/2025\/10\/c25932e0-9c4b-4d0a-9efe-441cdabbcce2\"  style=\"object-position:0% 0%\" width=\"3040\"\/>Palestinere handler frukt og gr\u00f8nnsaker p\u00e5 et provisorisk marked i Nuseirat flyktningleiren, 15. oktober 2025. Prisene for mat er sv\u00e6rt h\u00f8ye.  Foto: EYAD BABA \/ AFP \/ NTB<\/p>\n<p class=\"_paragraph_o9xde_4 _paragraph_xtcu6_10 layout-component text-serif-m layout-normal text-serif-m layout-padded\">Noen kommersielle lastebiler har ogs\u00e5 kommet inn i Gaza de siste dagene<a href=\"https:\/\/www.aljazeera.com\/news\/2025\/10\/16\/on-world-food-day-israel-continues-to-restrict-aid-into-gaza\" class=\"_link_o9xde_39\" rel=\"nofollow noopener\" target=\"_blank\">, if\u00f8lge Al Jazeera<\/a>, men de fleste palestinere har ikke mulighet til \u00e5 kj\u00f8pe varene som er tilgjengelig p\u00e5 grunn av sv\u00e6rt h\u00f8ye priser og mangel p\u00e5 penger. <\/p>\n<p class=\"_paragraph_o9xde_4 _paragraph_xtcu6_10 layout-component text-serif-m layout-normal text-serif-m layout-padded\">FN har analysert krigens \u00f8deleggelser, og konkludert med at 92 prosent av alle boliger i Gaza er blitt skadet eller helt \u00f8delagt. <\/p>\n<p><img alt=\"\u00d8deleggelsene i et boligomr\u00e5de i Gaza by etter at israelske soldater trakk seg tilbake.  Foto: Dawoud Abu Alkas \/ Reuters \/ NTB\" class=\"_image_qp4xg_65 layout-component layout-normal\" data-fullscreen- data-track-element-type=\"Article image fullscreen\" data-track-name=\"ImageFullscreen\" decoding=\"async\" loading=\"lazy\" height=\"1699\" itemprop=\"image\"  src=\"https:\/\/www.europesays.com\/no\/wp-content\/uploads\/2025\/10\/e20a7ecf-1845-4062-b682-0e1cb62f251d\"  style=\"object-position:0% 0%\" width=\"1699\"\/>\u00d8deleggelsene i et boligomr\u00e5de i Gaza by etter at israelske soldater trakk seg tilbake.  Foto: Dawoud Abu Alkas \/ Reuters \/ NTB  5 N\u00e5r \u00e5pner grensene til Gaza?<\/p>\n<p class=\"_paragraph_o9xde_4 _paragraph_xtcu6_10 layout-component text-serif-m layout-normal text-serif-m layout-padded\">V\u00e5penhvilen skal s\u00f8rge for at den viktige Rafah-grensen mellom Egypt og Gaza \u00e5pnes slik at syke og s\u00e5rede palestinere kan reise ut for behandling. <\/p>\n<p class=\"_paragraph_o9xde_4 _paragraph_xtcu6_10 layout-component text-serif-m layout-normal text-serif-m layout-padded\">Det israelske forsvarsorganet som kontrollerer Gaza-grenseovergangene, Cogat, har opplyst at \u00abForberedelsene til \u00e5pningen av Rafah-grenseovergangen for bevegelse av mennesker p\u00e5g\u00e5r i full koordinering mellom Israel og Egypt, i samsvar med avtalen.\u00bb<\/p>\n<p><img alt=\"Lastebiler med n\u00f8dhjelp st\u00e5r i k\u00f8 n\u00e6r grensen til Rafah.  Foto: Stringer \/ Reuters \/ NTB\" class=\"_image_qp4xg_65 layout-component layout-normal\" data-fullscreen- data-track-element-type=\"Article image fullscreen\" data-track-name=\"ImageFullscreen\" decoding=\"async\" loading=\"lazy\" height=\"3080\" itemprop=\"image\"  src=\"https:\/\/www.europesays.com\/no\/wp-content\/uploads\/2025\/10\/625662f9-f598-4835-987b-7ed4787cb4b3\"  style=\"object-position:0% 0%\" width=\"3081\"\/>Lastebiler med n\u00f8dhjelp st\u00e5r i k\u00f8 n\u00e6r grensen til Rafah.  Foto: Stringer \/ Reuters \/ NTB<\/p>\n<p class=\"_paragraph_o9xde_4 _paragraph_xtcu6_10 layout-component text-serif-m layout-normal text-serif-m layout-padded\">Israel har samtidig advart om at de kan holde Rafah-grensen stengt fordi tilbakef\u00f8ringen av d\u00f8de gisler g\u00e5r for sakte.<\/p>\n<p class=\"_paragraph_o9xde_4 _paragraph_xtcu6_10 layout-component text-serif-m layout-normal text-serif-m layout-padded\">If\u00f8lge Israels utenriksminister Gideon Saar skal grensen etter planen \u00e5pnes s\u00f8ndag. Han nevnte ikke noe n\u00e6rmere om grenseovergangen kom til \u00e5 bli \u00e5pnet for \u00e5 slippe inn n\u00f8dhjelp eller folk.<\/p>\n<p>  6 Hvordan g\u00e5r det med utleveringen av gisler?<\/p>\n<p class=\"_paragraph_o9xde_4 _paragraph_xtcu6_10 layout-component text-serif-m layout-normal text-serif-m layout-padded\">I henhold til v\u00e5penhvileavtalen skal Hamas l\u00f8slate alle de gjenv\u00e6rende israelske gislene, levende og d\u00f8de, innen 72 timer etter at v\u00e5penhvilen ble kunngjort. De levende ble levert til Israel mandag. <\/p>\n<p><img alt=\"Israelere utenfor milit\u00e6rbasen Reim n\u00e6r grensen til Gaza i S\u00f8r-Israel 13. oktober for \u00e5 \u00f8nske gislenr velkommen etter at Hamas har l\u00f8slatt dem fra Gazastripen.  Foto: MAYA LEVIN \/ AFP \/ NTB\" class=\"_image_qp4xg_65 layout-component layout-normal\" data-fullscreen- data-track-element-type=\"Article image fullscreen\" data-track-name=\"ImageFullscreen\" decoding=\"async\" loading=\"lazy\" height=\"3929\" itemprop=\"image\"  src=\"https:\/\/www.europesays.com\/no\/wp-content\/uploads\/2025\/10\/455db8ad-1ced-4eb3-9871-8c211fa8a241\"  style=\"object-position:0% 0%\" width=\"3929\"\/>Israelere utenfor milit\u00e6rbasen Reim n\u00e6r grensen til Gaza i S\u00f8r-Israel 13. oktober for \u00e5 \u00f8nske gislenr velkommen etter at Hamas har l\u00f8slatt dem fra Gazastripen.  Foto: MAYA LEVIN \/ AFP \/ NTB<\/p>\n<p class=\"_paragraph_o9xde_4 _paragraph_xtcu6_10 layout-component text-serif-m layout-normal text-serif-m layout-padded\">Fredag meldes det at det mangler 18 d\u00f8de personer. Disse ble tatt som gisler eller ble drept i det Hamas-ledede angrepet p\u00e5 Israel for to \u00e5r siden. <\/p>\n<p class=\"_paragraph_o9xde_4 _paragraph_xtcu6_10 layout-component text-serif-m layout-normal text-serif-m layout-padded\">Det skal v\u00e6re totalt 28 d\u00f8de gisler som skal returneres, if\u00f8lge den f\u00f8rste fasen av v\u00e5penhvilen.<\/p>\n<p><img alt=\"Kisten til Muhammad Al-Atarash, en soldat som if\u00f8lge IDF falt i kamp under angrepet 7. oktober 2023, og som ble returnert til Israel som en del av v\u00e5penhvilen, begraves 16. oktober.  Foto: Ammar Awad \/ Reuters \/ NTB\" class=\"_image_qp4xg_65 layout-component layout-normal\" data-fullscreen- data-track-element-type=\"Article image fullscreen\" data-track-name=\"ImageFullscreen\" decoding=\"async\" loading=\"lazy\" height=\"3658\" itemprop=\"image\"  src=\"https:\/\/www.europesays.com\/no\/wp-content\/uploads\/2025\/10\/aa15e554-26b2-4b81-9da8-58e6cfb17a67\"  style=\"object-position:0% 0%\" width=\"3657\"\/>Kisten til Muhammad Al-Atarash, en soldat som if\u00f8lge IDF falt i kamp under angrepet 7. oktober 2023, og som ble returnert til Israel som en del av v\u00e5penhvilen, begraves 16. oktober.  Foto: Ammar Awad \/ Reuters \/ NTB<\/p>\n<p class=\"_paragraph_o9xde_4 _paragraph_xtcu6_10 layout-component text-serif-m layout-normal text-serif-m layout-padded\">Hamas&#8217; v\u00e6pnede gren sa onsdag at gruppen har \u00aboppfylt sin forpliktelse til avtalen ved \u00e5 levere alle levende israelske fanger i sin varetekt, samt likene den kunne f\u00e5 tak i\u00bb, if\u00f8lge <a href=\"https:\/\/www.theguardian.com\/world\/live\/2025\/oct\/16\/gaza-ceasefire-israel-hamas-palestine-rafah-hostages-live-news-updates\" class=\"_link_o9xde_39\" rel=\"nofollow noopener\" target=\"_blank\">The Guardian<\/a>.<\/p>\n<p class=\"_paragraph_o9xde_4 _paragraph_xtcu6_10 layout-component text-serif-m layout-normal text-serif-m layout-padded\">\u2013 N\u00e5r det gjelder de gjenv\u00e6rende likene, krever det omfattende innsats og spesialutstyr for \u00e5 hente og utvinne dem, uttalte gruppen.<\/p>\n<p><img alt=\"Folk ser p\u00e5 mens en gravemaskin jobber p\u00e5 stedet der medlemmer av Al-Qassam-brigaden, den milit\u00e6re fl\u00f8yen til Hamas-bevegelsen, leter etter likene av israelske gisler i Khan Younis, Gaza, 17. oktober 2025.  Foto: HAITHAM IMAD \/ EPA \/ NTB\" class=\"_image_qp4xg_65 layout-component layout-normal\" data-fullscreen- data-track-element-type=\"Article image fullscreen\" data-track-name=\"ImageFullscreen\" decoding=\"async\" loading=\"lazy\" height=\"4991\" itemprop=\"image\"  src=\"https:\/\/www.europesays.com\/no\/wp-content\/uploads\/2025\/10\/abdd4e01-094f-47d2-92d0-836961eafd9e\"  style=\"object-position:0% 0%\" width=\"4991\"\/>Folk ser p\u00e5 mens en gravemaskin jobber p\u00e5 stedet der medlemmer av Al-Qassam-brigaden, den milit\u00e6re fl\u00f8yen til Hamas-bevegelsen, leter etter likene av israelske gisler i Khan Younis, Gaza, 17. oktober 2025.  Foto: HAITHAM IMAD \/ EPA \/ NTB<\/p>\n<p class=\"_paragraph_o9xde_4 _paragraph_xtcu6_10 layout-component text-serif-m layout-normal text-serif-m layout-padded\">Amerikanske r\u00e5dgivere sier det kan ta uker \u00e5 finne de gjenv\u00e6rende likene fordi Gaza er \u00abpulverisert\u00bb og spesialutstyr trengs for \u00e5 grave dem ut, if\u00f8lge <a href=\"https:\/\/www.theguardian.com\/world\/live\/2025\/oct\/16\/gaza-ceasefire-israel-hamas-palestine-rafah-hostages-live-news-updates\" class=\"_link_o9xde_39\" rel=\"nofollow noopener\" target=\"_blank\">The Guardian<\/a>.<\/p>\n<p>  7 Er v\u00e5penhvilen sikker?<\/p>\n<p class=\"_paragraph_o9xde_4 _paragraph_xtcu6_10 layout-component text-serif-m layout-normal text-serif-m layout-padded\">President Donald Trump har advart om at han vil vurdere \u00e5 la israelske styrker gjenoppta kampene i Gaza dersom Hamas ikke oppfyller sin del av v\u00e5penhvileavtalen.<\/p>\n<p class=\"_paragraph_o9xde_4 _paragraph_xtcu6_10 layout-component text-serif-m layout-normal text-serif-m layout-padded\">\u2013 Israel vil returnere til disse gatene s\u00e5 snart jeg sier ordet. Hvis Israel kunne g\u00e5 inn og banke dritten ut av dem, ville de gjort det, sa Trump if\u00f8lge <a href=\"https:\/\/edition.cnn.com\/world\/live-news\/israel-gaza-ceasefire-deal-hostages-10-15-25\" class=\"_link_o9xde_39\" rel=\"nofollow noopener\" target=\"_blank\">CNN<\/a>.<\/p>\n<p><img alt=\"Foto: CHIP SOMODEVILLA \/ AFP \/ NTB\" class=\"_image_qp4xg_65 layout-component layout-normal\" data-fullscreen- data-track-element-type=\"Article image fullscreen\" data-track-name=\"ImageFullscreen\" decoding=\"async\" loading=\"lazy\" height=\"2245\" itemprop=\"image\"  src=\"https:\/\/www.europesays.com\/no\/wp-content\/uploads\/2025\/10\/be960e9a-7864-4510-94eb-3ab56c4ac35e\"  style=\"object-position:0% 0%\" width=\"2245\"\/>Foto: CHIP SOMODEVILLA \/ AFP \/ NTB<\/p>\n<p class=\"_paragraph_o9xde_4 _paragraph_xtcu6_10 layout-component text-serif-m layout-normal text-serif-m layout-padded\">Samtidig sa amerikanske r\u00e5dgivere onsdag kveld at USA \u00abkke tror Hamas bryter v\u00e5penhvileavtalen ved \u00e5 ullate \u00e5 utlevere d\u00f8de gisler.<\/p>\n<p class=\"_paragraph_o9xde_4 _paragraph_xtcu6_10 layout-component text-serif-m layout-normal text-serif-m layout-padded\">\u2013 Vi fortsetter \u00e5 h\u00f8re fra dem at de har til hensikt \u00e5 respektere avtalen, sa en av r\u00e5dgiverne.<\/p>\n<p class=\"_paragraph_o9xde_4 _paragraph_xtcu6_10 layout-component text-serif-m layout-normal text-serif-m layout-padded\">Israels forsvarsminister Katz truet onsdag med \u00e5 gjenoppta kampene hvis Hamas ikke respekterer de gjeldende vilk\u00e5rene i avtalen.<\/p>\n<p><img decoding=\"async\" alt=\"Bilde av Israel Katz\" class=\"_image_ygndg_42\" height=\"29\" itemprop=\"image\" loading=\"lazy\"  src=\"https:\/\/www.europesays.com\/no\/wp-content\/uploads\/2025\/10\/6aee10cd-0eff-491a-aa77-7f3b3dc04cf1\"  width=\"40\"\/><strong class=\"_name_ygndg_51 title-serif-xs\">Israel Katz<\/strong><\/p>\n<p class=\"_paragraph_o9xde_4 text-sans-m _description_ygndg_56\">Israels forsvarsminister<\/p>\n<p class=\"_paragraph_o9xde_4 _paragraph_xtcu6_10 layout-component text-serif-m layout-normal text-serif-m layout-padded\">\u2013 Hvis Hamas nekter \u00e5 f\u00f8lge avtalen, vil Israel, i koordinering med USA, gjenoppta kampene og handle for \u00e5 oppn\u00e5 et totalt nederlag for Hamas, heter det i en uttalelse fra Katz&#8217; kontor.<\/p>\n","protected":false},"excerpt":{"rendered":"Fem dager etter at v\u00e5penhvilen startet, g\u00e5r Hamas etter rivaler, Israel holder tilbake n\u00f8dhjelp og Trump truer med&hellip;\n","protected":false},"author":2,"featured_media":63688,"comment_status":"","ping_status":"","sticky":false,"template":"","format":"standard","meta":{"footnotes":""},"categories":[5],"tags":[20,21,24,25,53,15,19,52,474,22,23,17,18,13,30,28,29,1451,14,16,26,27,412,3766,46],"class_list":{"0":"post-63687","1":"post","2":"type-post","3":"status-publish","4":"format-standard","5":"has-post-thumbnail","7":"category-overskrifter","8":"tag-breaking-news","9":"tag-breakingnews","10":"tag-featured-news","11":"tag-featurednews","12":"tag-gaza","13":"tag-headlines","14":"tag-hovedoppslag","15":"tag-israel","16":"tag-krig","17":"tag-latest-news","18":"tag-latestnews","19":"tag-main-news","20":"tag-mainnews","21":"tag-news","22":"tag-no","23":"tag-norge","24":"tag-norway","25":"tag-nodhjelp","26":"tag-nyheter","27":"tag-overskrifter","28":"tag-top-stories","29":"tag-topstories","30":"tag-utenriks","31":"tag-vapenhvile","32":"tag-vgai"},"share_on_mastodon":{"url":"","error":""},"_links":{"self":[{"href":"https:\/\/www.europesays.com\/no\/wp-json\/wp\/v2\/posts\/63687","targetHints":{"allow":["GET"]}}],"collection":[{"href":"https:\/\/www.europesays.com\/no\/wp-json\/wp\/v2\/posts"}],"about":[{"href":"https:\/\/www.europesays.com\/no\/wp-json\/wp\/v2\/types\/post"}],"author":[{"embeddable":true,"href":"https:\/\/www.europesays.com\/no\/wp-json\/wp\/v2\/users\/2"}],"replies":[{"embeddable":true,"href":"https:\/\/www.europesays.com\/no\/wp-json\/wp\/v2\/comments?post=63687"}],"version-history":[{"count":0,"href":"https:\/\/www.europesays.com\/no\/wp-json\/wp\/v2\/posts\/63687\/revisions"}],"wp:featuredmedia":[{"embeddable":true,"href":"https:\/\/www.europesays.com\/no\/wp-json\/wp\/v2\/media\/63688"}],"wp:attachment":[{"href":"https:\/\/www.europesays.com\/no\/wp-json\/wp\/v2\/media?parent=63687"}],"wp:term":[{"taxonomy":"category","embeddable":true,"href":"https:\/\/www.europesays.com\/no\/wp-json\/wp\/v2\/categories?post=63687"},{"taxonomy":"post_tag","embeddable":true,"href":"https:\/\/www.europesays.com\/no\/wp-json\/wp\/v2\/tags?post=63687"}],"curies":[{"name":"wp","href":"https:\/\/api.w.org\/{rel}","templated":true}]}}