{"id":63712,"date":"2025-10-18T11:49:31","date_gmt":"2025-10-18T11:49:31","guid":{"rendered":"https:\/\/www.europesays.com\/no\/63712\/"},"modified":"2025-10-18T11:49:31","modified_gmt":"2025-10-18T11:49:31","slug":"klar-for-carnegie-hall","status":"publish","type":"post","link":"https:\/\/www.europesays.com\/no\/63712\/","title":{"rendered":"Klar for Carnegie hall"},"content":{"rendered":"<p>\n        Sigrid Vetleseter B\u00f8e skal delta p\u00e5 gallakonserten i sj\u00f8lvaste Carnegie Hall.<br \/>\n        Privat foto\n    <\/p>\n<p>Som<br \/>\nkjent har Sigrid Vetleseter B\u00f8e nyleg vunne f\u00f8rste pris i den profesjonelle klassen<br \/>\nfor songarar (Professional Prize) i \u00e5rets Manhattan International Music<br \/>\nCompetition, og vart dermed invitert til \u00e5 delta p\u00e5 gallakonserten i sj\u00f8lvaste<br \/>\nCarnegie Hall i New York laurdag 18. oktober. Du kan lese om prisen i <a href=\"https:\/\/www.tk.no\/opera-sigrid-37-inntar-legendariske-carnegie-hall\/s\/5-51-1741728\" target=\"_blank\" rel=\"nofollow noopener\">Tidens krav (13. september)<\/a> og i <a href=\"https:\/\/www.driva.no\/kultur\/n\/o3XzGB\/skal-staa-paa-scenen-i-carnegie-hall-jeg-trodde-det-var-en-spoek\" target=\"_blank\" rel=\"nofollow noopener\">Driva (14. september)<\/a>.<\/p>\n<p>Sigrid reiste til New<br \/>\nYork torsdag, og har no m\u00f8tt vinnarane i ulike kategoriar. Desse er stort sett<br \/>\nyngre stortalent. Sigrid er einaste profesjonelle songar, og s\u00e5leis vinnar i sin<br \/>\nprestisjefylte kategori.<\/p>\n<p>P\u00e5 denne scena, ei av dei<br \/>\nmest ber\u00f8mte i heile verda, skal jenta fr\u00e5 B\u00f8fjorden framf\u00f8re perler fr\u00e5<br \/>\noperalitteraturen &#8211; Musettas arie \u00abQuando m\u2019en vo\u00bb fr\u00e5 La Boheme av Puccini,<br \/>\n\u00abTacea la notte placida\u00bb og \u00abDi tale amor\u00bb fr\u00e5 Trubaduren av Verdi og \u00abMeine Lippen<br \/>\nsie k\u00fcssen so heiss\u00bb fr\u00e5 Giuditta (Juditha) av Franz Lehar.<\/p>\n<p>                <img decoding=\"async\" src=\"https:\/\/www.europesays.com\/no\/wp-content\/uploads\/2025\/10\/361188.webp\" width=\"480\" height=\"495\" title=\"Klar for Carnegie hall\" alt=\"Bilde av et program for konsert i Carnegie hall, der Sigrid Vetleseter B\u00f8e er nevnt som den st\u00f8rste stjerna.\" loading=\"lazy\" style=\"\"\/><\/p>\n<p>            Privat foto\n        <\/p>\n<p>                <img decoding=\"async\" src=\"https:\/\/www.europesays.com\/no\/wp-content\/uploads\/2025\/10\/361187.webp\" width=\"480\" height=\"548\" title=\"Klar for Carnegie hall\" alt=\"Et eksklusivt konsertlokale.\" loading=\"lazy\" style=\"\"\/><\/p>\n<p>            Privat foto\n        <\/p>\n","protected":false},"excerpt":{"rendered":"Sigrid Vetleseter B\u00f8e skal delta p\u00e5 gallakonserten i sj\u00f8lvaste Carnegie Hall. Privat foto Som kjent har Sigrid Vetleseter&hellip;\n","protected":false},"author":2,"featured_media":63713,"comment_status":"","ping_status":"","sticky":false,"template":"","format":"standard","meta":{"footnotes":""},"categories":[58],"tags":[71,30,28,29,72],"class_list":{"0":"post-63712","1":"post","2":"type-post","3":"status-publish","4":"format-standard","5":"has-post-thumbnail","7":"category-underholdning","8":"tag-entertainment","9":"tag-no","10":"tag-norge","11":"tag-norway","12":"tag-underholdning"},"share_on_mastodon":{"url":"","error":""},"_links":{"self":[{"href":"https:\/\/www.europesays.com\/no\/wp-json\/wp\/v2\/posts\/63712","targetHints":{"allow":["GET"]}}],"collection":[{"href":"https:\/\/www.europesays.com\/no\/wp-json\/wp\/v2\/posts"}],"about":[{"href":"https:\/\/www.europesays.com\/no\/wp-json\/wp\/v2\/types\/post"}],"author":[{"embeddable":true,"href":"https:\/\/www.europesays.com\/no\/wp-json\/wp\/v2\/users\/2"}],"replies":[{"embeddable":true,"href":"https:\/\/www.europesays.com\/no\/wp-json\/wp\/v2\/comments?post=63712"}],"version-history":[{"count":0,"href":"https:\/\/www.europesays.com\/no\/wp-json\/wp\/v2\/posts\/63712\/revisions"}],"wp:featuredmedia":[{"embeddable":true,"href":"https:\/\/www.europesays.com\/no\/wp-json\/wp\/v2\/media\/63713"}],"wp:attachment":[{"href":"https:\/\/www.europesays.com\/no\/wp-json\/wp\/v2\/media?parent=63712"}],"wp:term":[{"taxonomy":"category","embeddable":true,"href":"https:\/\/www.europesays.com\/no\/wp-json\/wp\/v2\/categories?post=63712"},{"taxonomy":"post_tag","embeddable":true,"href":"https:\/\/www.europesays.com\/no\/wp-json\/wp\/v2\/tags?post=63712"}],"curies":[{"name":"wp","href":"https:\/\/api.w.org\/{rel}","templated":true}]}}