{"id":63720,"date":"2025-10-18T11:56:14","date_gmt":"2025-10-18T11:56:14","guid":{"rendered":"https:\/\/www.europesays.com\/no\/63720\/"},"modified":"2025-10-18T11:56:14","modified_gmt":"2025-10-18T11:56:14","slug":"fyker-ut-av-butikkene","status":"publish","type":"post","link":"https:\/\/www.europesays.com\/no\/63720\/","title":{"rendered":"&#8211; Fyker ut av butikkene"},"content":{"rendered":"<p>    Kort fortalt<\/p>\n<p lang=\"nb-NO\">Juleprodukter har allerede inntatt butikkene over hele Norge, til tross for at det bare er oktober.<\/p>\n<p lang=\"nb-NO\">Flere dagligvarebutikker rapporterer om stor ettersp\u00f8rsel etter julevarer, selv om adventstiden enn\u00e5 ikke har begynt.<\/p>\n<p lang=\"nb-NO\">Butikkjeder som Europris, Rusta og Jysk har startet juleomstillingen, med enkelte produkter som allerede er utsolgt.<\/p>\n<p lang=\"nb-NO\">En popul\u00e6r julevare er en adventsstake formet som en dachshund, som har blitt en hit b\u00e5de i butikkene og p\u00e5 sosiale medier.<\/p>\n<p class=\"italic ai-disclaimer\" data-lab-italic=\"italic\">Sammendraget er laget av ChatGPT og godkjent av DinSide.<\/p>\n<p>      Vis mer<br \/>\n      Vis mindre<\/p>\n<p>Jula har allerede rukket \u00e5 innta butikker over hele landet.\u00a0<\/p>\n<p>Som alle andre \u00e5r, er det delte meninger om det er for tidlig at det mange steder skjedde allerede i september.\u00a0<\/p>\n<p>        30 ER DET NYE 40: Setter du ned gradene p\u00e5 vaskemaskinen sparer du b\u00e5de penger, milj\u00f8 &#8211; og kl\u00e6rene dine. Video: Embla Hjort-Larsen \/ Storyblocks<\/p>\n<p>Denne uka kunne imilertid flere dagligvarebutikker <a href=\"https:\/\/dinside.dagbladet.no\/okonomi\/store-mengder\/83717730\" rel=\"nofollow noopener\" target=\"_blank\">melde om at julematvarene fyker ut som bare det<\/a>, enda kalenderen bare viser oktober.\u00a0<\/p>\n<p>Mange nordmenn er med andre ord ikke helt fremmed for \u00e5 sette kloa i julevarer allerede m\u00e5neder f\u00f8r adventstida faktisk begynner.<\/p>\n<p>    <a itemprop=\"url\" href=\"https:\/\/dinside.dagbladet.no\/bolig\/her-bommer-mange\/83616665\" rel=\"nofollow noopener\" target=\"_blank\"><\/p>\n<p>      <img loading=\"lazy\" decoding=\"async\" src=\"https:\/\/www.europesays.com\/no\/wp-content\/uploads\/2025\/10\/83623739.webp\" width=\"980\" height=\"441\" title=\"Her bommer mange\" alt=\"\" class=\"lazyload\" style=\"--aspect-ratio-image: 2.22; \"\/><\/p>\n<p>        Her bommer mange<\/p>\n<p>    <\/a><\/p>\n<p>&#8211; Tar et par uker\t<\/p>\n<p>Denne interessen opplever ogs\u00e5 flere av de typiske lavpris-varehuskjedene som Europris, Rusta og Jysk.\u00a0<\/p>\n<p>Hos sistnevnte startet omstillingen til jul i alle butikker forrige uke, slik de gj\u00f8r hvert \u00e5r, if\u00f8lge kommunikasjonssjef i Jysk, Fatima Elkadi.\u00a0<\/p>\n<p> &#8211; V\u00e5re ansatte skal f\u00e5 tid til \u00e5 omstille butikken til ny sesong, noe som gjerne tar et par uker. Samtidig skal kunder f\u00e5 muligheten til \u00e5 bestille opp de varene de skal ha klare til jul. I \u00e5r vil man finne julevarer hos oss fra midten av oktober, sier Elkadi til DinSide.<\/p>\n<p>    <a itemprop=\"url\" href=\"https:\/\/dinside.dagbladet.no\/fritid\/advarer-kan-gjore-deg-eldre\/83702356\" rel=\"nofollow noopener\" target=\"_blank\"><\/p>\n<p>      <img loading=\"lazy\" decoding=\"async\" src=\"https:\/\/www.europesays.com\/no\/wp-content\/uploads\/2025\/10\/1760788570_357_83703282.webp\" width=\"980\" height=\"441\" title=\"Advarer: Kan gj\u00f8re deg eldre\" alt=\"\" class=\"lazyload\" style=\"--aspect-ratio-image: 2.22; \"\/><\/p>\n<p>        Advarer: Kan gj\u00f8re deg eldre<\/p>\n<p>    <\/a><\/p>\n<p>Europris p\u00e5 sin side lanserer jula offisielt hos seg f\u00f8rste uka i november, men enkelte varer har allerede begynt \u00e5 dukke opp.\u00a0<\/p>\n<p>&#8211;\u00a0Grunnen til at det er julevarer i butikk allerede n\u00e5, er fordi det tar mye tid \u00e5 bygge opp julekategoriene v\u00e5re, forteller kommunikasjonssjef Anneli Setalo.\u00a0<\/p>\n<p>Stor interesse for enkelte produkter\t<\/p>\n<p> Elkadi hos Jysk forklarer at det har v\u00e6rt ulike reaksjoner blant kunder som har v\u00e6rt innom Jysk under juleomstillingen, men at opplevelsen er at de fleste synes det er positivt.\u00a0<\/p>\n<p>Det samme gjelder hos Rusta, der de f\u00f8rste julevarene kom inn i midten av september.\u00a0<\/p>\n<p>&#8211;\u00a0Vi har enn s\u00e5 lenge ikke opplevd direkte negative reaksjoner fra v\u00e5re kunder, men vi har full forst\u00e5else for at ikke alle \u00f8nsker \u00e5 begynne med julehandelen i september, sier markedsansvarlig for Norge, Lena Nyg\u00e5rd til DinSide.\u00a0<\/p>\n<p>        R\u00d8D ELLER BRUN: Bli med til Ringnes Bryggeri for \u00e5 se hvordan julebrusen tappes!<\/p>\n<p>Hun mener folk m\u00e5 f\u00e5 lov til \u00e5 gj\u00f8re det de selv vil, men legger til at de ser et behov hos kundene som de vil dekke i l\u00f8pet av h\u00f8sten.\u00a0<\/p>\n<p>&#8211;\u00a0Det er stor ettersp\u00f8rsel fra v\u00e5re kunder etter juleprodukter om h\u00f8sten, det opplever vi hvert \u00e5r. Samtidig er det ogs\u00e5 mange som \u00f8nsker \u00e5 lyse opp hagen og balkongen n\u00e5r m\u00f8rket kommer.<\/p>\n<p>P\u00e5 samme m\u00e5te som i fjor, da en <a href=\"https:\/\/dinside.dagbladet.no\/okonomi\/rives-vekk\/82037227\" target=\"_blank\" rel=\"nofollow noopener\">juleenhj\u00f8rning gikk viralt og ble revet bort hos Rusta<\/a>, har enkelte juleprodukter rukket \u00e5 \u00abstjele showet\u00bb halvveis i oktober hos butikken i \u00e5r ogs\u00e5.<\/p>\n<p>    <a itemprop=\"url\" href=\"https:\/\/dinside.dagbladet.no\/motor\/de-gidder-ikke\/83735948\" rel=\"nofollow noopener\" target=\"_blank\"><\/p>\n<p>      <img loading=\"lazy\" decoding=\"async\" src=\"https:\/\/www.europesays.com\/no\/wp-content\/uploads\/2025\/10\/83736884.webp\" width=\"147\" height=\"98\" title=\"- De gidder ikke\" alt=\"\" class=\"lazyload\" style=\"--aspect-ratio-image: 1.50; \"\/><\/p>\n<p>        &#8211; De gidder ikke<\/p>\n<p>    <\/a><\/p>\n<p>&#8211; Et av produktene som har v\u00e6rt s\u00e6rlig popul\u00e6rt er en adventsstake utformet som en dach, forklarer Nyg\u00e5rd.\u00a0<\/p>\n<p>Staken er utsolgt b\u00e5de p\u00e5 nett og hos flere av de fysiske varehusene, if\u00f8lge oversikten p\u00e5 kjedens nettside.\u00a0<\/p>\n<p>I sosiale medier sirkulerer det videoer fra folk som allerede har sikret seg hunden. Der uttrykker flere begeistring over julevaren:\u00a0<\/p>\n<p>\u00abEr forelsket i den\u00bb, melder \u00e9n.\u00a0<\/p>\n<p>\u00abJeg m\u00e5 ha den\u00bb, skriver en annen.\u00a0<\/p>\n<p>\u00abNeimen n\u00e5 springer jeg dit\u00bb, kommenterer en tredje.\u00a0<\/p>\n<p>At denne lille hunden har tatt av, overrasker ikke stylist og designer Tone Kroken.\u00a0<\/p>\n<p>&#8211; Det er noe nytt og annerledes, og den er veldig leken. Det ser vi at det kommer mer og mer av &#8211; at ogs\u00e5 vi t\u00f8r \u00e5 v\u00e6re mer lekne og kj\u00f8re noe litt mer annerledes og g\u00f8yalt til julepynten, sier Kroken til DinSide, og viser blant annet til \u00e5rets julebutikk hos Steen og Str\u00f8m, \u00abXMas Circus\u00bb.\u00a0<\/p>\n<p>Den \u00e5pnet i Oslo sentrum allerede torsdag denne uka.\u00a0<\/p>\n<p>&#8211; Omfavner at det er mer l\u00f8st\t<\/p>\n<p> Kroken, som ogs\u00e5 er kjent fra podcasten \u00abInteri\u00f8rr\u00e5det\u00bb, beskriver seg selv som en fullblods juleentusiast. Hun setter derfor pris p\u00e5 at vi tidlig begynner \u00e5 b\u00e5de pynte til jul og kose oss med h\u00f8ytida.<\/p>\n<p>&#8211; Vi er ikke s\u00e5 strenge med tradisjonene lenger, og utvider heller m\u00f8rketida fra oktober, n\u00e5r det er litt kjedelige m\u00e5neder uten s\u00e5 mye som skjer, til \u00e5 kose oss med forberedelser. Vi omfavner at det er mer l\u00f8st, og f\u00f8lger hjerte n\u00e5r det kommer til pynt.\u00a0<\/p>\n<p>Det mener hun dachs-hunden er et godt eksempel p\u00e5.\u00a0<\/p>\n<p>          <img loading=\"lazy\" decoding=\"async\" src=\"https:\/\/www.europesays.com\/no\/wp-content\/uploads\/2025\/10\/83738016.webp\" width=\"980\" height=\"559\" title=\"JULEGLAD: Stylist og designer Tone Kroken mener at jula er den st\u00f8rste gleden i \u00e5ret. Derfor r hun takknemlig n\u00e5r julevarene n\u00e5r butikkene. Foto: Privat\" alt=\"\" class=\"\" style=\"--aspect-ratio-image: 1.75; \"\/><\/p>\n<p>\n          JULEGLAD: Stylist og designer Tone Kroken mener at jula er den st\u00f8rste gleden i \u00e5ret. Derfor r hun takknemlig n\u00e5r julevarene n\u00e5r butikkene. Foto: Privat\n      <\/p>\n<p>I tillegg trekker hun fram at den p\u00e5 \u00e9n m\u00e5te kan knyttes til den britisk-inspirerte cottage core og country style-trenden vi har sett det siste \u00e5ret b\u00e5de i mote- og interi\u00f8rbildet, da rasen har stammer fra England.\u00a0<\/p>\n<p>&#8211; Selv om den ikke er klassisk, har den en britisk schwung ala 2025, sier hun og fortsetter:\u00a0<\/p>\n<p>&#8211; Den stilen som minner om engelske landsbyer kommer vi til \u00e5 se massivt framover ogs\u00e5. Det skal v\u00e6re koselig, men lekent med blonder og rutete stoffer. Igjen &#8211; lekent, slik som denne staken ogs\u00e5 er.\u00a0<\/p>\n<p>    <a itemprop=\"url\" href=\"https:\/\/dinside.dagbladet.no\/motor\/en-skummel-tabbe\/83727481\" rel=\"nofollow noopener\" target=\"_blank\"><\/p>\n<p>      <img loading=\"lazy\" decoding=\"async\" src=\"https:\/\/www.europesays.com\/no\/wp-content\/uploads\/2025\/10\/83729005.webp\" width=\"980\" height=\"441\" title=\"- En skummel tabbe\" alt=\"\" class=\"lazyload\" style=\"--aspect-ratio-image: 2.22; \"\/><\/p>\n<p>        &#8211; En skummel tabbe<\/p>\n<p>    <\/a><\/p>\n<p>Hun mener lavprisbutikker som Rusta gj\u00f8r noe rett i markedsf\u00f8ringen av denne typen \u00abrives vekk\u00bb-produkter.\u00a0<\/p>\n<p>&#8211; Slike butikker er flinke p\u00e5 \u00e5 velge ut riktig produktportef\u00f8lje, og s\u00e5 kj\u00f8re det massivt ut tidlig, ogs\u00e5 med god hjelp av sosiale medier. Det funker, og de er ogs\u00e5 ofte gode p\u00e5 \u00e5 velge produkter som er en variasjon av noe som er dyrt i mer eksklusive butikker.\u00a0<\/p>\n<p>&#8211; Selger fort unna\t<\/p>\n<p>Ogs\u00e5 hos Jysk har det v\u00e6rt st\u00f8rre interesse rundt enkelte av julevarene allerede n\u00e5.\u00a0<\/p>\n<p>Trebrettet\u00a0\u00abSKADI\u00bb ble lansert i slutten av september, som en del av \u00e5rets julekolleksjon, og har if\u00f8lge Elkadi i Jysk allerede blitt popul\u00e6r b\u00e5de i sosiale medier, og i butikkene i de skandinaviske landene.\u00a0<\/p>\n<p>&#8211; Det er et morsomt produkt til en rimelig penge. I utgangspunktet er det et pyntebrett, men det kan brukes til s\u00e5 mangt. Folk har brukt det til matservering og dekorasjonsfat, sier hun.<\/p>\n<p>    <a itemprop=\"url\" href=\"https:\/\/dinside.dagbladet.no\/motor\/de-gidder-ikke\/83735948\" rel=\"nofollow noopener\" target=\"_blank\"><\/p>\n<p>      <img loading=\"lazy\" decoding=\"async\" src=\"https:\/\/www.europesays.com\/no\/wp-content\/uploads\/2025\/10\/1760788574_776_83736884.webp\" width=\"980\" height=\"441\" title=\"- De gidder ikke\" alt=\"\" class=\"lazyload\" style=\"--aspect-ratio-image: 2.22; \"\/><\/p>\n<p>        &#8211; De gidder ikke<\/p>\n<p>    <\/a><\/p>\n<p>Det har blant annet g\u00e5tt mye av produktet hos Jysk \u00c5lg\u00e5rd utenfor Stavanger.\u00a0<\/p>\n<p>&#8211; Det g\u00e5r jo viralt, og med det flotte utseendet, s\u00e5 er vi ikke overrasket over at de fyker ut av butikken, sier assisterende butikksjef Gry Elisabeth Austtun, til DinSide.\u00a0<\/p>\n<p> Brettet er for tida bare tilgjengelig i enkelte butikker i et mindre antall.\u00a0<\/p>\n<p>&#8211; Det selger fort unna. Enkelte steder er den dessverre helt utsolgt, forteller Elkadi.\u00a0<\/p>\n<p>Jysk regner med at brettet vil v\u00e6re tilgjengelig i flere butikker i slutten av oktober.\u00a0<\/p>\n","protected":false},"excerpt":{"rendered":"Kort fortalt Juleprodukter har allerede inntatt butikkene over hele Norge, til tross for at det bare er oktober.&hellip;\n","protected":false},"author":2,"featured_media":63721,"comment_status":"","ping_status":"","sticky":false,"template":"","format":"standard","meta":{"footnotes":""},"categories":[5],"tags":[237,20,21,24,25,15,9248,19,4700,5593,9247,22,23,17,18,13,30,28,29,14,16,9249,26,27],"class_list":{"0":"post-63720","1":"post","2":"type-post","3":"status-publish","4":"format-standard","5":"has-post-thumbnail","7":"category-overskrifter","8":"tag-bolig","9":"tag-breaking-news","10":"tag-breakingnews","11":"tag-featured-news","12":"tag-featurednews","13":"tag-headlines","14":"tag-hjem","15":"tag-hovedoppslag","16":"tag-interior","17":"tag-jul","18":"tag-jysk","19":"tag-latest-news","20":"tag-latestnews","21":"tag-main-news","22":"tag-mainnews","23":"tag-news","24":"tag-no","25":"tag-norge","26":"tag-norway","27":"tag-nyheter","28":"tag-overskrifter","29":"tag-rusta","30":"tag-top-stories","31":"tag-topstories"},"share_on_mastodon":{"url":"","error":""},"_links":{"self":[{"href":"https:\/\/www.europesays.com\/no\/wp-json\/wp\/v2\/posts\/63720","targetHints":{"allow":["GET"]}}],"collection":[{"href":"https:\/\/www.europesays.com\/no\/wp-json\/wp\/v2\/posts"}],"about":[{"href":"https:\/\/www.europesays.com\/no\/wp-json\/wp\/v2\/types\/post"}],"author":[{"embeddable":true,"href":"https:\/\/www.europesays.com\/no\/wp-json\/wp\/v2\/users\/2"}],"replies":[{"embeddable":true,"href":"https:\/\/www.europesays.com\/no\/wp-json\/wp\/v2\/comments?post=63720"}],"version-history":[{"count":0,"href":"https:\/\/www.europesays.com\/no\/wp-json\/wp\/v2\/posts\/63720\/revisions"}],"wp:featuredmedia":[{"embeddable":true,"href":"https:\/\/www.europesays.com\/no\/wp-json\/wp\/v2\/media\/63721"}],"wp:attachment":[{"href":"https:\/\/www.europesays.com\/no\/wp-json\/wp\/v2\/media?parent=63720"}],"wp:term":[{"taxonomy":"category","embeddable":true,"href":"https:\/\/www.europesays.com\/no\/wp-json\/wp\/v2\/categories?post=63720"},{"taxonomy":"post_tag","embeddable":true,"href":"https:\/\/www.europesays.com\/no\/wp-json\/wp\/v2\/tags?post=63720"}],"curies":[{"name":"wp","href":"https:\/\/api.w.org\/{rel}","templated":true}]}}