{"id":63724,"date":"2025-10-18T11:58:44","date_gmt":"2025-10-18T11:58:44","guid":{"rendered":"https:\/\/www.europesays.com\/no\/63724\/"},"modified":"2025-10-18T11:58:44","modified_gmt":"2025-10-18T11:58:44","slug":"flo-rida-stavanger-her-er-alt-du-trenger-a-vite-om-flo-rida-konserten","status":"publish","type":"post","link":"https:\/\/www.europesays.com\/no\/63724\/","title":{"rendered":"Flo rida, Stavanger | Her er alt du trenger \u00e5 vite om Flo Rida-konserten"},"content":{"rendered":"\n<p>\u2013 Flo Rida er en av de mest str\u00f8mmede hiphop- og partyartistene, og vi gleder oss til \u00e5 se ham p\u00e5 scenen i Stavanger, skriver \u00d8ivind Ekeland.<\/p>\n<p>Her er alt du trenger \u00e5 vite<\/p>\n<p><b>Tider:<\/b><\/p>\n<p>D\u00f8rene \u00e5pner 17:30<\/p>\n<p>DJ Doc Lello starter kvelden 18:00<\/p>\n<p>Kriminell Kunst 20:00<\/p>\n<p>Flo Rida g\u00e5r p\u00e5 scenen<\/p>\n<p>Konserten avsluttes 23:00<\/p>\n<p>\u2013 Alle tider er med forbehold om endringer, skriver Ekeland.<\/p>\n<p>   <img decoding=\"async\" width=\"5668\" height=\"3779\" fetchpriority=\"low\"  loading=\"lazy\"  src=\"https:\/\/www.europesays.com\/no\/wp-content\/uploads\/2025\/10\/NTB_yIKVJ6luaRE.jpg\" alt=\"Flo Rida performs on stage during 3 to 5 on Ocean Drive as part of SOBEWFF on Sunday, Feb. 23, 2025, in Miami. (Photo by Scott Roth\/Invision\/AP)\" class=\"brick-c-cFOWSL\" style=\"--brick-image-ratio: 5668 \/ 3779;\"\/><\/p>\n<p>    Flo Rida kommer til Stavanger.<br \/>\n    Foto: Scott Roth\/Scott Roth\/Invision\/AP\n  <\/p>\n<p><b>Har du kontroll p\u00e5 billetten din?<\/b><\/p>\n<p>S\u00f8rg for \u00e5 ha logget inn p\u00e5 Ticketmaster (app\/mobil) senest dagen f\u00f8r konsert og sjekk at du har kontroll p\u00e5 dine billetter. Trenger du hjelp, ta kontakt med Ticketmaster.<\/p>\n<p>Konserten er fullstendig utsolgt, og det vil ikke bli solgt billetter i d\u00f8ren. Arrang\u00f8ren advarer mot falske billetter og understreker at billettkontrollen vil v\u00e6re grundig. V\u00e6r forberedt p\u00e5 \u00e5 vise legitimasjon.<\/p>\n<p><b>Aldersgrense:<\/b><\/p>\n<p>Aldersgrensen for konserten er 18 \u00e5r.<\/p>\n<p><b>Adkomst:<\/b><\/p>\n<ul>\n<li>Arrang\u00f8r anbefaler alle \u00e5 komme i god tid f\u00f8r arrangementet starter, da mange skal inn samtidig og det kan oppst\u00e5 k\u00f8 b\u00e5de ved inngangen og i omr\u00e5det rundt. Husk \u00e5 ha billetten klar for raskere innsjekk.<\/li>\n<li>Parkering er begrenset i umiddelbar n\u00e6rhet, men det er muligheter ved idrettshallen og DNB Arena.<\/li>\n<li>Arrang\u00f8r anbefaler \u00e5 kj\u00f8re med kollektiv og skriver det er gode busssforbindelser langs Madlaveien.<\/li>\n<li>Det er mulig \u00e5 ta taxi til konserten, og det er taxiholdeplasser ved Siddishallen og Forum Hotell til hjemveien.<\/li>\n<li>Det anbefales \u00e5 kle seg godt slik at en ikke fryser p\u00e5 hjemveien.<\/li>\n<\/ul>\n<p><b>Innganger: <\/b><\/p>\n<p>Konserten har inngang b\u00e5de fra Madlaveien-siden og fra IMI-Forum. VIP-inngangen er lokalisert i venstre hj\u00f8rne av Forum Expo (hovedinngangen til hallen).<\/p>\n<p><b>Rullestolbrukere\/HC<\/b><\/p>\n<p>For spesifikke sp\u00f8rsm\u00e5l om tilgjengelighet for rullestolbrukere eller andre med spesielle behov, anbefales det \u00e5 kontakte arrang\u00f8ren eller Forum Expo direkte i forkant av konserten.<\/p>\n<p><b>I Forum Expo<\/b><\/p>\n<p>Publikum kan kj\u00f8pe mat og drikke fra foodtrucks og barer som er satt opp. Det er et eget spiseomr\u00e5de med bord og benker. Garderobe er tilgjengelig for b\u00e5de ordin\u00e6re gjester og VIP.<\/p>\n<p><b>Hva kan du IKKE ta med:<\/b><\/p>\n<p>Arrang\u00f8ren \u00f8nsker en trygg og god opplevelse for alle.<\/p>\n<p>Det er dessverre ikke lovt \u00e5 ta med f\u00f8lgende gjenstander inn p\u00e5 Forum Expo:<\/p>\n<ul>\n<li>Egne drikkevarer \u2013 verken alkohol eller mineralvann<\/li>\n<li>Glass, flasker, bokser, paraplyer, v\u00e5pen, fyrverkeri, spraybokser eller laserpenner<\/li>\n<li>Gjenstander som kan kastes mot scene, publikum eller vakter<\/li>\n<li>Profesjonelt utstyr for filming eller fotografering<\/li>\n<li>Narkotika<\/li>\n<li>Store ryggsekker eller bager<\/li>\n<li>Klappstoler<\/li>\n<li>Selfiestenger<\/li>\n<li>Dyr<\/li>\n<li>Barnevogner<\/li>\n<\/ul>\n<p><b>Viktig<\/b>: R\u00f8yking er forbudt inne i hallen. Det er heller ikke tillatt \u00e5 oppf\u00f8re seg truende, aggressivt eller sjikanerende mot andre gjester, artister eller crew. Vaktenes og arrang\u00f8rens anvisninger m\u00e5 til enhver tid f\u00f8lges.<\/p>\n<p><b>Helse og sikkerhet<\/b><\/p>\n<p>Arrang\u00f8ren samarbeider med politimyndigheter og helsepersonell for \u00e5 ivareta publikums sikkerhet og vaktmannskap vil gjennomf\u00f8re kroppsvisitering ved innslipp. \u00c5penbart berusede personer vil bli avvist i porten.<\/p>\n<p>Norsk Folkehjelp vil v\u00e6re til stede p\u00e5 omr\u00e5det.<\/p>\n<p><b>Servering\/salg:<\/b><\/p>\n<p>Det vil v\u00e6re salg av mat og drikke fra foodtrucks og barer inne p\u00e5 omr\u00e5det.<\/p>\n<p><b>Toaletter:<\/b><\/p>\n<p>Det vil v\u00e6re tilstrekkelig med toalettfasiliteter inne p\u00e5 Forum Expo.<\/p>\n<p><b>ETTER KONSERTSLUTT:<\/b><\/p>\n<p>Konserten er ferdig senest 23:00. Da settes lyset p\u00e5, og publikum bilr oppfordret til \u00e5 forlate lokalet.<\/p>\n<p>Det er ikke lovt \u00e5 ta med seg alkohol ut av konsertomr\u00e5det.<\/p>\n<p>\u2013 Vi skal ha det g\u00f8y sammen! Eller som Flo Rida ville sagt: Welcome to my house! skriver \u00d8ivind Ekeland.<\/p>\n<p>  <a href=\"https:\/\/www.rastavanger.no\/5-165-117542\" class=\"related-teaser has-image default-story-teaser article--c-eRUmMG article--c-eRUmMG-jKCPdD-design-default\" rel=\"nofollow noopener\" target=\"_blank\"><\/p>\n<p>    <img decoding=\"async\" loading=\"lazy\"  src=\"https:\/\/www.europesays.com\/no\/wp-content\/uploads\/2025\/10\/8Q3A0148.jpg\" alt=\"\" class=\"brick-c-cFOWSL\" style=\"\"\/><\/p>\n<p>\n            Les ogs\u00e5<\/p>\n<p>              R\u00f8per ny konsertnyhet: \u2013 Slipp alt du har i hendene\n        <\/p>\n<p>  <\/a><\/p>\n<p>  <a href=\"https:\/\/www.rastavanger.no\/5-165-166822\" class=\"related-teaser has-image default-story-teaser article--c-eRUmMG article--c-eRUmMG-jKCPdD-design-default\" rel=\"nofollow noopener\" target=\"_blank\"><\/p>\n<p>    <img decoding=\"async\" loading=\"lazy\"  src=\"https:\/\/www.europesays.com\/no\/wp-content\/uploads\/2025\/10\/DSC_8538.JPG\" alt=\"\" class=\"brick-c-cFOWSL\" style=\"\"\/><\/p>\n<p>\n            Les ogs\u00e5<\/p>\n<p>              \u2013 Lagt \u00e9n plan med Zlatko \u2013 og \u00e9n uten\n        <\/p>\n<p>  <\/a><\/p>\n","protected":false},"excerpt":{"rendered":"\u2013 Flo Rida er en av de mest str\u00f8mmede hiphop- og partyartistene, og vi gleder oss til \u00e5&hellip;\n","protected":false},"author":2,"featured_media":63725,"comment_status":"","ping_status":"","sticky":false,"template":"","format":"standard","meta":{"footnotes":""},"categories":[58],"tags":[36,71,9098,9250,221,30,28,29,1306,1510,72],"class_list":{"0":"post-63724","1":"post","2":"type-post","3":"status-publish","4":"format-standard","5":"has-post-thumbnail","7":"category-underholdning","8":"tag-art","9":"tag-entertainment","10":"tag-flo-rida","11":"tag-forum-expo","12":"tag-musikk","13":"tag-no","14":"tag-norge","15":"tag-norway","16":"tag-stavanger","17":"tag-story","18":"tag-underholdning"},"share_on_mastodon":{"url":"","error":""},"_links":{"self":[{"href":"https:\/\/www.europesays.com\/no\/wp-json\/wp\/v2\/posts\/63724","targetHints":{"allow":["GET"]}}],"collection":[{"href":"https:\/\/www.europesays.com\/no\/wp-json\/wp\/v2\/posts"}],"about":[{"href":"https:\/\/www.europesays.com\/no\/wp-json\/wp\/v2\/types\/post"}],"author":[{"embeddable":true,"href":"https:\/\/www.europesays.com\/no\/wp-json\/wp\/v2\/users\/2"}],"replies":[{"embeddable":true,"href":"https:\/\/www.europesays.com\/no\/wp-json\/wp\/v2\/comments?post=63724"}],"version-history":[{"count":0,"href":"https:\/\/www.europesays.com\/no\/wp-json\/wp\/v2\/posts\/63724\/revisions"}],"wp:featuredmedia":[{"embeddable":true,"href":"https:\/\/www.europesays.com\/no\/wp-json\/wp\/v2\/media\/63725"}],"wp:attachment":[{"href":"https:\/\/www.europesays.com\/no\/wp-json\/wp\/v2\/media?parent=63724"}],"wp:term":[{"taxonomy":"category","embeddable":true,"href":"https:\/\/www.europesays.com\/no\/wp-json\/wp\/v2\/categories?post=63724"},{"taxonomy":"post_tag","embeddable":true,"href":"https:\/\/www.europesays.com\/no\/wp-json\/wp\/v2\/tags?post=63724"}],"curies":[{"name":"wp","href":"https:\/\/api.w.org\/{rel}","templated":true}]}}