{"id":63764,"date":"2025-10-18T13:02:11","date_gmt":"2025-10-18T13:02:11","guid":{"rendered":"https:\/\/www.europesays.com\/no\/63764\/"},"modified":"2025-10-18T13:02:11","modified_gmt":"2025-10-18T13:02:11","slug":"kultur-underholdning-kulturloggen-kulturloggen-uke-42","status":"publish","type":"post","link":"https:\/\/www.europesays.com\/no\/63764\/","title":{"rendered":"Kultur &#038; underholdning, Kulturloggen | Kulturloggen uke 42"},"content":{"rendered":"<p>  Ulrikke Brandstorp: \u2013 Har ikke h\u00f8rt fra NRK<\/p>\n<p>   <img decoding=\"async\" width=\"6000\" height=\"4000\" fetchpriority=\"low\"  loading=\"lazy\"  src=\"https:\/\/www.europesays.com\/no\/wp-content\/uploads\/2025\/10\/20250918-VM_L3736.jpg\" alt=\"\" class=\"brick-c-cFOWSL\" style=\"--brick-image-ratio: 6000 \/ 4000;\"\/><\/p>\n<p>    Ulrikke Brandstorp (30) p\u00e5 et bakeri p\u00e5 Frogner i Oslo med s\u00f8nnen Timotheus p\u00e5 magen.<br \/>\n    Foto: Vetle Granath Magelssen\n  <\/p>\n<p><b>Artisten Ulrikke Brandstorp reagerer sterkt p\u00e5 behandlingen hun fikk etter \u00e5 ha trukket seg fra NRKs \u00abBakemesterskapet\u00bb. Hun sier hun ikke har h\u00f8rt fra kanalen siden.<\/b><\/p>\n<p><b>Av Vetle Granath Magelssen<\/b><\/p>\n<p>\u2013 Jeg fikk en mail helt i starten. \u00abDet var leit \u00e5 se at du er lei deg\u00bb. Det er det, sier Brandstorp til <a href=\"https:\/\/www.dagbladet.no\/kjendis\/har-ikke-hort-fra-nrk\/83720795\" rel=\"Follow nofollow noopener\" target=\"_blank\">Dagbladet<\/a>, i et st\u00f8rre intervju med riksavisen l\u00f8rdag.<\/p>\n<p>Dagbladet omtalte saken f\u00f8rst.<\/p>\n<p>Hun m\u00e5tte trekke seg fra innspillingen av programmet etter \u00e5 ha f\u00f8dt prematurt. Hun mener at NRK har brutt et kontraktsl\u00f8fte.<\/p>\n<p>\u2013 Dette hadde ikke skjedd om jeg ikke hadde f\u00f8dt, s\u00e5 du kan ikke si at det ikke er en konsekvens av \u00e5 f\u00e5 barn, sier hun.<\/p>\n<p>Brandstorp mener saken handler om mer enn henne selv \u2013 om hvordan sm\u00e5barnsm\u00f8dre blir m\u00f8tt i arbeidslivet.<\/p>\n<p>\u2013 Jeg krever en offentlig beklagelse fra NRK. Jeg vil at de skal innr\u00f8mme at de har gjort en feil, sier hun til Dagbladet.<\/p>\n<p>NRK svarer at de handlet med hensyn til Brandstorp.<\/p>\n<p>\u2013 Dette handlet f\u00f8rst og fremst om hensynet til Ulrikke som nybakt mor. Vi ble enige om \u00e5 frita henne fra deler av kontrakten, og hun f\u00e5r fullt betalt for den jobben hun skulle gj\u00f8re, sier programredakt\u00f8r Kristin Ytre-Arne i NRK Vest.<\/p>\n<p>Nyheten om at Brandstorp mistet programlederjobben i \u00abBakemesterskapet\u00bb vakte stor oppmerksomhet og ble raskt plukket opp av en rekke medier.<\/p>\n<p>Debatten tok ny fart da Brandstorp m\u00f8tte NRK til ordskifte i Dagsnytt 18 i forrige uke.<\/p>\n<p>H\u00f8stkveld med mening: Spiller for barnekreftsaken<\/p>\n<p>   <img decoding=\"async\" width=\"1932\" height=\"2048\" fetchpriority=\"low\"  loading=\"lazy\"  src=\"https:\/\/www.europesays.com\/no\/wp-content\/uploads\/2025\/10\/490323787_1082548650558093_1269408634501273753_n.jpg\" alt=\"\" class=\"brick-c-cFOWSL\" style=\"--brick-image-ratio: 1932 \/ 2048;\"\/><\/p>\n<p>    Christine S\u00f8rensen Eriksen st\u00e5r bak \u00abH\u00f8stkveld med venner\u00bb \u2013 en konsert til inntekt for Barnekreftforeningen \u00d8stfold.<br \/>\n    Foto: Anita Raa\n  <\/p>\n<p><b>S\u00f8ndag 19. oktober inviterer Christine S\u00f8rensen Eriksen og en rekke lokale musikere til \u00abH\u00f8stkveld med venner\u00bb i Sarpsborg kirke. Inntektene g\u00e5r til Barnekreftforeningen \u00d8stfold.<\/b><\/p>\n<p><b>Av Vetle Granath Magelssen<\/b><\/p>\n<p>Etter flere \u00e5rs pause er \u00abH\u00f8stkveld med venner\u00bb tilbake i Sarpsborg kirke. Arrangementet, som f\u00f8rste gang ble holdt i 2013, samler lokale artister for \u00e5 st\u00f8tte Barnekreftforeningen \u00d8stfold.<\/p>\n<p>\u2013 Det er kjempefint \u00e5 ha konsert i Sarpsborg kirke igjen. Det som er ekstra hyggelig, er at menigheten er med og arrangerer sammen med meg, sier initiativtaker Christine S\u00f8rensen Eriksen.<\/p>\n<p>Blant de medvirkende er Carl-Andreas N\u00e6ss, Jens Martin Hjelmark, Ketil Furberg Henriksen, Jon Erik Gretland, Marianne Aarum, Gjermund Titlestad, Ole Andreas B\u00f8rsting og flere sangere, samt medlemmer fra Sarpsborg kammerkor.<\/p>\n<p>Fotograf Anita Raa stiller ogs\u00e5 ut bilder i kirken. D\u00f8rene \u00e5pner klokken 18 for dem som \u00f8nsker \u00e5 se utstillingen. 75 prosent av salget av fotoprint g\u00e5r til Barnekreftforeningen.<\/p>\n<p>Konserten starter klokken 19.00, og arrang\u00f8ren h\u00e5per mange tar turen.<\/p>\n<p>\u2013 Mitt st\u00f8rste \u00f8nske er at det kommer mye folk, s\u00e5 vi f\u00e5r samlet inn mest mulig til barnekreftforeningen, sier S\u00f8rensen Eriksen.<\/p>\n<p>Utsetter serien der Ulrikke Brandstorp er en av kjendism\u00f8drene<\/p>\n<p>   <img decoding=\"async\" width=\"2000\" height=\"1334\" fetchpriority=\"low\"  loading=\"lazy\"  src=\"https:\/\/www.europesays.com\/no\/wp-content\/uploads\/2025\/10\/NTB_8xfbbEaWeOw.jpg\" alt=\"Oslo 20250305. &#10;Ulrikke Brandstorp p\u00e5 r\u00f8d l\u00f8per f\u00f8r utdelingen av av Villoid-prisen: \u00c5rets kvinne 2025. Prisen deles ut p\u00e5 Villoid T\u00e5rnhuset i Oslo onsdag kveld.&#10;Foto: Amanda Pedersen Giske \/ NTB\" class=\"brick-c-cFOWSL\" style=\"--brick-image-ratio: 2000 \/ 1334;\"\/><\/p>\n<p>    Ulrikke Brandstorp er en av fire kjendism\u00f8dre som Viaplay skulle vie en TV-serie til. N\u00e5 er premieren utsatt til februar.<br \/>\n    Foto: Amanda Pedersen Giske, NTB\n  <\/p>\n<p><b>Den nye Viaplay-serien \u00abM\u00f8dre\u00bb, der Ulrikke Brandstorp er en av de medvirkende kjendism\u00f8drene, er utsatt til februar neste \u00e5r.<\/b><\/p>\n<p>Av NTB<\/p>\n<p>\u00abM\u00f8dre skulle hatt premiere i oktober, men f\u00e5r i stedet premiere i forbindelse med morsdagen i 2026, melder <a href=\"https:\/\/www.tv2.no\/underholdning\/viaplay-serie-utsettes\/18199259\/\" rel=\"noopener nofollow\" target=\"_blank\">TV 2 <\/a>om serien, som tar for seg livet til fire ulike kjendism\u00f8dre og gir et innblikk i livets opp- og nedturer.<\/p>\n<p>De fire er Ulrikke Brandstorp (30), Birgit Skarstein (36), Karianne Vilde Spetalen (31) og Linni Meister (39).<\/p>\n<p>Ogs\u00e5 et planlagt pressetreff for serien er blitt utsatt til 2026.<\/p>\n<p>\u00c5rsaken til utsettelsen er enda ikke kjent. Men Madeleine Liereng, som er PR Project Manager i Viaplay, opplyser til TV 2 at utsettelsen ikke har noen sammenheng med Brandstorp og NRK-serien \u00abBakemesterskapet\u00bb.<\/p>\n<p>Det skapte store overskrifter da Ulrikke Brandstorp gr\u00e5tende gikk ut i et <a href=\"https:\/\/www.instagram.com\/p\/DPgii_djLls\/\" rel=\"noopener nofollow\" target=\"_blank\">Instagram<\/a> -innlegg mot NRK, fordi hun som nybakt mor ikke fikk fornyet frilanskontrakten for en fjerde sesong.<\/p>\n<p>(\u00a9NTB)<\/p>\n<p>To millioner kroner til Olavsdagene<\/p>\n<p>   <img decoding=\"async\" width=\"5472\" height=\"3648\" fetchpriority=\"low\"  loading=\"lazy\"  src=\"https:\/\/www.europesays.com\/no\/wp-content\/uploads\/2025\/10\/tn_olavsdagene25-034.jpg\" alt=\"\" class=\"brick-c-cFOWSL\" style=\"--brick-image-ratio: 5472 \/ 3648;\"\/><\/p>\n<p>    Mange tok turen til Landeparken for \u00e5 f\u00e5 med seg vikingmarkedet og de andre aktivitetene under Olavsdagene 2025.<br \/>\n    Foto: Tobias Nordli\n  <\/p>\n<p><b>Regjeringen vil st\u00f8tte Sarpsborgs rolle i Jubileumsstafetten 2026 med to millioner kroner. Midlene skal bidra til \u00e5 l\u00f8fte Olavsdagene og gj\u00f8re jubileums\u00e5ret til en feiring for hele regionen.<\/b><\/p>\n<p><b>Av Vetle Granath Magelssen<\/b><\/p>\n<p>Regjeringen foresl\u00e5r i statsbudsjettet for 2026 \u00e5 bevilge to millioner kroner til Sarpsborg kommune for rollen som hovedakt\u00f8r i Jubileumsstafetten 2026. Tildelingen betyr full uttelling p\u00e5 s\u00f8knaden fra Olavsdagene og gj\u00f8r det mulig \u00e5 realisere planlagte prosjekter og arrangementer gjennom \u00e5ret.<\/p>\n<p>\u2013 Dette gir oss mulighet til \u00e5 skape en feiring som engasjerer og begeistrer langt utover Sarpsborgs grenser, opplyser r\u00e5dgiver for virksomhet kultur, Siri Skotvedt Torp til Sarpsborg Arbeiderblad.<\/p>\n<p>I jubileums\u00e5ret planlegges blant annet en festuke i juni 2026 med flere store programposter, men det vil v\u00e6re aktivitet gjennom hele \u00e5ret. Midlene bevilges over Barne- og familiedepartementets budsjett, under posten for Nasjonaljubileet 2030 (Post 77).<\/p>\n<p>\u00ab9 to 5 \u2013 The Musical\u00bb kommer til Sarpsborg<\/p>\n<p>   <img decoding=\"async\" width=\"2048\" height=\"1152\" fetchpriority=\"low\"  loading=\"lazy\"  src=\"https:\/\/www.europesays.com\/no\/wp-content\/uploads\/2025\/10\/545614329_1178627114312791_9159438870007689388_n.jpg\" alt=\"\" class=\"brick-c-cFOWSL\" style=\"--brick-image-ratio: 2048 \/ 1152;\"\/><\/p>\n<p>    Elevene i Diorama Musikalteater er klare for forestilling om et par uker.<\/p>\n<p><b>For f\u00f8rste gang settes musikalen opp i Norge.<\/b><\/p>\n<p><b>Av Vetle Granath Magelssen<\/b><\/p>\n<p>Det blir latter, dans og fengende musikk n\u00e5r \u00ab9 to 5 \u2013 The Musical\u00bb inntar Sarpsborg scene i oktober. Forestillingen, basert p\u00e5 den ikoniske filmen fra 1980 med sanger av Dolly Parton, byr p\u00e5 humor, vennskap og et sterkt budskap om samhold og likestilling.<\/p>\n<p>Tre kvinner. \u00c9n sjef. Og et kontor fullt av muligheter. N\u00e5r Violet, Doralee og Judy f\u00e5r nok av sjefens nedlatende oppf\u00f8rsel, tar de saken i egne hender \u2013 med b\u00e5de kaos og komikk som resultat. Resultatet er en sprudlende og fargerik musikal full av energi, musikk og store dansenumre.<\/p>\n<p>Selv om handlingen utspiller seg p\u00e5 80-tallet, er temaene h\u00f8yst aktuelle ogs\u00e5 i dag. Publikum f\u00e5r oppleve en historie som kombinerer latter og alvor, og som minner oss om styrken i \u00e5 st\u00e5 sammen og kreve rettferdighet.<\/p>\n<p>Med Dolly Partons ikoniske l\u00e5ter \u2013 deriblant tittelmelodien \u00ab9 to 5\u00bb \u2013 ligger alt til rette for en kveld fylt med musikalgl\u00f8d, g\u00e5sehud og inspirasjon.<\/p>\n<p>\u2013 Dette er en musikal som b\u00e5de underholder og inspirerer. Den handler om vennskap, mot og viljen til \u00e5 ta kontroll over eget liv, sier Julie Bergl\u00f8v.<\/p>\n<p>\u00ab9 to 5 \u2013 The Musical\u00bb spilles p\u00e5 Sarpsborg scene 23.\u201325. oktober.<\/p>\n<p>Enten du kommer alene, med venner, familie eller kollegaer, kan du se frem til en kveld der humor, musikk og sterke historier m\u00f8tes p\u00e5 scenen.<\/p>\n<p>\u00abBl\u00fccher\u00bb \u00e5rets mest sette film \u2013 etter bare to uker<\/p>\n<p>   <img decoding=\"async\" width=\"5808\" height=\"3872\" fetchpriority=\"low\"  loading=\"lazy\"  src=\"https:\/\/www.europesays.com\/no\/wp-content\/uploads\/2025\/10\/cueres_scp-mangler_navn_F0rUE6t4CUk.jpg\" alt=\"Oscarsborg 20250815. &#10;Skuespillerne Odin Waage, Andrea Berntzen, Terje Str\u00f8mdahl, Bj\u00f8rn Sundquist og regiss\u00f8r Daniel Fahre er invitert til utend\u00f8rs filmvisning av den nye norske storfilmen Bl\u00fccher p\u00e5 Oscarsborg festning.&#10;Foto: Geir Olsen \/ NTB\" class=\"brick-c-cFOWSL\" style=\"--brick-image-ratio: 5808 \/ 3872;\"\/><\/p>\n<p>    Skuespillerne Odin Waage, Andrea Berntzen, Terje Str\u00f8mdahl, Bj\u00f8rn Sundquist og regiss\u00f8r Daniel Fahre f\u00f8r utend\u00f8rsvisningen av den norske filmen p\u00e5 Oscarsborg festning i Dr\u00f8baksundet.<br \/>\n    Foto: Geir Olsen\/NTB\n  <\/p>\n<p>Den Sarpsborg-aktuelle krigsfilmen \u00abBl\u00fccher\u00bb er sett av nesten 200.000 kinogjengere p\u00e5 to uker. Dermed passerer den \u00abAffeksjonsverdi\u00bb som den mest sette kinofilmen i \u00e5r.<\/p>\n<p>Totalt er det solgt 197.212 billetter til \u00abBl\u00fccher\u00bb, filmen om det tyske krigsskipet som ble senket i Dr\u00f8baksundet 9. april. Filmen hadde premiere p\u00e5 norske kinoer 26. september og hadde den best bes\u00f8kte premierehelgen for en norsk film siden 2021.<\/p>\n<p>\u2013 Da vi startet dette prosjektet for mange \u00e5r siden, var det fordi historien virkelig traff meg. \u00c5 se at den n\u00e5 engasjerer s\u00e5 enormt, s\u00e5 lenge etterp\u00e5, er virkelig sterkt, sier regiss\u00f8r Daniel Fahre i en pressemelding fra filmskaperne selv.<\/p>\n<p>Han gir hovedrolleinnehaver Bj\u00f8rn Sundquist en stor del av \u00e6ren for at folk lever seg inn i skjebnen til oberst Eriksen og dilemmaet natt til 9. april 1940.<\/p>\n<p>\u2013 Kritikerne har ogs\u00e5 satt pris p\u00e5 det Bj\u00f8rn gj\u00f8r, blant annet er det flere som har skrevet at han gj\u00f8r sitt livs rolle. Det er jo g\u00f8y, n\u00e5r man tenker p\u00e5 at han har v\u00e6rt med i 150 filmer og TV-serier, sier regiss\u00f8ren. (<b>NTB<\/b>)<\/p>\n<p>  <a href=\"https:\/\/www.sa.no\/5-46-1896945\" class=\"related-teaser has-image default-feature-teaser article--c-eRUmMG article--c-eRUmMG-jKCPdD-design-default\" rel=\"nofollow noopener\" target=\"_blank\"><\/p>\n<p>    <img decoding=\"async\" loading=\"lazy\"  src=\"https:\/\/www.europesays.com\/no\/wp-content\/uploads\/2025\/10\/1760792531_174_5_46_1323624+Toppbilde+++Gretland.JPG\" alt=\"\" class=\"brick-c-cFOWSL\" style=\"\"\/><\/p>\n<p>\n            Les ogs\u00e5<\/p>\n<p>              Kulturkalenderen uke 42: Se alt som skjer i Sarpsborg denne uken\n        <\/p>\n<p>  <\/a><\/p>\n<p><script async src=\"\/\/www.instagram.com\/embed.js\"><\/script><\/p>\n","protected":false},"excerpt":{"rendered":"Ulrikke Brandstorp: \u2013 Har ikke h\u00f8rt fra NRK Ulrikke Brandstorp (30) p\u00e5 et bakeri p\u00e5 Frogner i Oslo&hellip;\n","protected":false},"author":2,"featured_media":63765,"comment_status":"","ping_status":"","sticky":false,"template":"","format":"standard","meta":{"footnotes":""},"categories":[10],"tags":[36,20,21,1839,24,25,15,282,9253,22,23,13,30,28,29,447,14,16,26,27],"class_list":{"0":"post-63764","1":"post","2":"type-post","3":"status-publish","4":"format-standard","5":"has-post-thumbnail","7":"category-norge","8":"tag-art","9":"tag-breaking-news","10":"tag-breakingnews","11":"tag-feature","12":"tag-featured-news","13":"tag-featurednews","14":"tag-headlines","15":"tag-kultur-underholdning","16":"tag-kulturloggen","17":"tag-latest-news","18":"tag-latestnews","19":"tag-news","20":"tag-no","21":"tag-norge","22":"tag-norway","23":"tag-nyhet","24":"tag-nyheter","25":"tag-overskrifter","26":"tag-top-stories","27":"tag-topstories"},"share_on_mastodon":{"url":"","error":""},"_links":{"self":[{"href":"https:\/\/www.europesays.com\/no\/wp-json\/wp\/v2\/posts\/63764","targetHints":{"allow":["GET"]}}],"collection":[{"href":"https:\/\/www.europesays.com\/no\/wp-json\/wp\/v2\/posts"}],"about":[{"href":"https:\/\/www.europesays.com\/no\/wp-json\/wp\/v2\/types\/post"}],"author":[{"embeddable":true,"href":"https:\/\/www.europesays.com\/no\/wp-json\/wp\/v2\/users\/2"}],"replies":[{"embeddable":true,"href":"https:\/\/www.europesays.com\/no\/wp-json\/wp\/v2\/comments?post=63764"}],"version-history":[{"count":0,"href":"https:\/\/www.europesays.com\/no\/wp-json\/wp\/v2\/posts\/63764\/revisions"}],"wp:featuredmedia":[{"embeddable":true,"href":"https:\/\/www.europesays.com\/no\/wp-json\/wp\/v2\/media\/63765"}],"wp:attachment":[{"href":"https:\/\/www.europesays.com\/no\/wp-json\/wp\/v2\/media?parent=63764"}],"wp:term":[{"taxonomy":"category","embeddable":true,"href":"https:\/\/www.europesays.com\/no\/wp-json\/wp\/v2\/categories?post=63764"},{"taxonomy":"post_tag","embeddable":true,"href":"https:\/\/www.europesays.com\/no\/wp-json\/wp\/v2\/tags?post=63764"}],"curies":[{"name":"wp","href":"https:\/\/api.w.org\/{rel}","templated":true}]}}