{"id":63813,"date":"2025-10-18T14:22:15","date_gmt":"2025-10-18T14:22:15","guid":{"rendered":"https:\/\/www.europesays.com\/no\/63813\/"},"modified":"2025-10-18T14:22:15","modified_gmt":"2025-10-18T14:22:15","slug":"landslagsstopper-sondre-langas-klar-for-comeback-etter-nesten-et-halvt-ar-ute","status":"publish","type":"post","link":"https:\/\/www.europesays.com\/no\/63813\/","title":{"rendered":"Landslagsstopper Sondre Lang\u00e5s klar for comeback etter nesten et halvt \u00e5r ute"},"content":{"rendered":"\n<p class=\"_lead_o9xde_2 _lead_xtcu6_50 layout-component text-serif-m layout-normal text-serif-l layout-component layout-wide layout-padded _wide_17hqh_1 layout-padded\">Landslagsspiller Sondre Lang\u00e5s (24) er tilbake i troppen til Derby etter kneoperasjonen for over fem m\u00e5neder siden.<\/p>\n<p><img alt=\"Sondre Lang\u00e5s er tilbake. Her fra en landslagssamling i fjor h\u00f8st.  Foto: Terje Bendiksby \/ NTB\" class=\"_image_qp4xg_65 layout-component layout-wide\" data-fullscreen- data-track-element-type=\"Article image fullscreen\" data-track-name=\"ImageFullscreen\" fetchpriority=\"high\" decoding=\"sync\" loading=\"eager\" height=\"5760\" itemprop=\"image\"  src=\"https:\/\/www.europesays.com\/no\/wp-content\/uploads\/2025\/10\/4b06fd5d-eb79-40d0-8cbe-aaa7ec991b8e\"  style=\"object-position:0% 0%\" width=\"8640\"\/>Sondre Lang\u00e5s er tilbake. Her fra en landslagssamling i fjor h\u00f8st.  Foto: Terje Bendiksby \/ NTB<\/p>\n<ul aria-hidden=\"true\" class=\"_images_18f0k_111\">\n<li><a class=\"_link_18f0k_116\" href=\"https:\/\/www.vg.no\/forfatter\/ntb\" style=\"z-index:1\" title=\"NTB\" rel=\"nofollow noopener\" target=\"_blank\"><img alt=\"Bilde av NTB\" class=\"_image_18f0k_93\" fetchpriority=\"low\" loading=\"lazy\" decoding=\"async\" itemprop=\"image\"  src=\"https:\/\/www.europesays.com\/no\/wp-content\/uploads\/2025\/10\/1760797335_793_c33980b0-5d07-4027-84a1-813f90a7c8d6\"  width=\"480\"\/><\/a><\/li>\n<\/ul>\n<p> Oppdatert l\u00f8rdag 18. oktober kl. 12:22     <\/p>\n<p class=\"_paragraph_o9xde_4 _paragraph_xtcu6_10 layout-component text-serif-m layout-normal text-serif-m layout-padded\"> Lang\u00e5s starter p\u00e5 benken til <a href=\"https:\/\/x.com\/dcfcofficial\/status\/1979491497926885742\/photo\/1\" class=\"_link_o9xde_39\" rel=\"nofollow\">Derby<\/a> i kampen mot Oxford i <a href=\"https:\/\/www.vg.no\/tag\/championship?utm_source=vg-article&amp;utm_medium=auto-tagger&amp;utm_campaign=73EXQW\" class=\"_link_o9xde_39\" rel=\"nofollow noopener\" target=\"_blank\">Championship<\/a> l\u00f8rdag. Det er f\u00f8rste gang siden 3. mai at han er med i troppen.<\/p>\n<p class=\"_paragraph_o9xde_4 _paragraph_xtcu6_10 layout-component text-serif-m layout-normal text-serif-m layout-padded\">P\u00e5 Derby-benken sitter ogs\u00e5 landsmann Lars-J\u00f8rgen Salvesen.<\/p>\n<p class=\"_paragraph_o9xde_4 _paragraph_xtcu6_10 layout-component text-serif-m layout-normal text-serif-m layout-padded\">I mai ble Lang\u00e5s operert for en ruptur i menisken. Til VG har midtstopperen fortalt at han kjente til skaden i starten av mars. Deretter ventet en lang periode med store smerter, men han nektet \u00e5 kaste inn h\u00e5ndkleet som nyankommet til klubben, og det var mye som sto p\u00e5 spill.<\/p>\n<p class=\"_paragraph_o9xde_4 _paragraph_xtcu6_10 layout-component text-serif-m layout-normal text-serif-m layout-padded\">\u2013 Vi ble enige om \u00e5 holde ut sesongen eller n\u00e5r plassen var sikret. Det har v\u00e6rt et smertehelvete, men vi holdt oss i Championship, s\u00e5 jeg er forn\u00f8yd, sa namsosingen til VG i mai.<\/p>\n<p class=\"_paragraph_o9xde_4 _paragraph_xtcu6_10 layout-component text-serif-m layout-normal text-serif-m layout-padded\">Midtstopperen har deltatt i treningskamper for Derby i landslagspausen.<\/p>\n<p class=\"_paragraph_o9xde_4 _paragraph_xtcu6_10 layout-component text-serif-m layout-normal text-serif-m layout-padded\">Lang\u00e5s ble klar for Derby overgangen fra Viking i januar. 24-\u00e5ringen har to landskamper for Norge og var sist med i St\u00e5le Solbakkens tropp i mars.<\/p>\n","protected":false},"excerpt":{"rendered":"Landslagsspiller Sondre Lang\u00e5s (24) er tilbake i troppen til Derby etter kneoperasjonen for over fem m\u00e5neder siden. Sondre&hellip;\n","protected":false},"author":2,"featured_media":63814,"comment_status":"","ping_status":"","sticky":false,"template":"","format":"standard","meta":{"footnotes":""},"categories":[59],"tags":[879,30,28,29,9258,83,82],"class_list":{"0":"post-63813","1":"post","2":"type-post","3":"status-publish","4":"format-standard","5":"has-post-thumbnail","7":"category-sport","8":"tag-championship","9":"tag-no","10":"tag-norge","11":"tag-norway","12":"tag-sondre-langas","13":"tag-sport","14":"tag-sports"},"share_on_mastodon":{"url":"","error":""},"_links":{"self":[{"href":"https:\/\/www.europesays.com\/no\/wp-json\/wp\/v2\/posts\/63813","targetHints":{"allow":["GET"]}}],"collection":[{"href":"https:\/\/www.europesays.com\/no\/wp-json\/wp\/v2\/posts"}],"about":[{"href":"https:\/\/www.europesays.com\/no\/wp-json\/wp\/v2\/types\/post"}],"author":[{"embeddable":true,"href":"https:\/\/www.europesays.com\/no\/wp-json\/wp\/v2\/users\/2"}],"replies":[{"embeddable":true,"href":"https:\/\/www.europesays.com\/no\/wp-json\/wp\/v2\/comments?post=63813"}],"version-history":[{"count":0,"href":"https:\/\/www.europesays.com\/no\/wp-json\/wp\/v2\/posts\/63813\/revisions"}],"wp:featuredmedia":[{"embeddable":true,"href":"https:\/\/www.europesays.com\/no\/wp-json\/wp\/v2\/media\/63814"}],"wp:attachment":[{"href":"https:\/\/www.europesays.com\/no\/wp-json\/wp\/v2\/media?parent=63813"}],"wp:term":[{"taxonomy":"category","embeddable":true,"href":"https:\/\/www.europesays.com\/no\/wp-json\/wp\/v2\/categories?post=63813"},{"taxonomy":"post_tag","embeddable":true,"href":"https:\/\/www.europesays.com\/no\/wp-json\/wp\/v2\/tags?post=63813"}],"curies":[{"name":"wp","href":"https:\/\/api.w.org\/{rel}","templated":true}]}}