{"id":63817,"date":"2025-10-18T14:29:17","date_gmt":"2025-10-18T14:29:17","guid":{"rendered":"https:\/\/www.europesays.com\/no\/63817\/"},"modified":"2025-10-18T14:29:17","modified_gmt":"2025-10-18T14:29:17","slug":"birken-sport-fnyser-av-gukilds-johaug-mal-hun-har-en-kapasitet-han-bare-kan-dromme-om","status":"publish","type":"post","link":"https:\/\/www.europesays.com\/no\/63817\/","title":{"rendered":"Birken, Sport | Fnyser av Gukilds Johaug-m\u00e5l: \u2013 Hun har en kapasitet han bare kan dr\u00f8mme om"},"content":{"rendered":"<p> (<a href=\"https:\/\/www.ostlendingen.no\" rel=\"nofollow noopener\" target=\"_blank\">\u00d8stlendingen<\/a>) <\/p>\n<p><a href=\"https:\/\/www.nettavisen.no\/sport\/fnyser-av-emil-gukilds-therese-johaug-drom-hun-er-ikke-en-kasteball-selv-om-hun-er-dame\/s\/5-95-2671105\" rel=\"Follow nofollow noopener\" target=\"_blank\"> (Nettavisen<\/a>): Tidligere NRK-profil Emil Gukild har blitt en del av Petter Northugs privatlag \u00abTeam Burger King Northug\u00bb og satser n\u00e5 for fullt som langrennsl\u00f8per.\u00a0<\/p>\n<p>Hovedm\u00e5let hans til vinteren er \u00e5 komme topp 100 p\u00e5 et av langl\u00f8pene Birkebeinerrennet, Vasaloppet eller Marcialonga.\u00a0<\/p>\n<p>I podkasten \u00abGukild og Johaug\u00bb, som han har sammen med Therese Johaug, lanserte han ogs\u00e5 den oppsiktsvekkende ideen om \u00e5 sl\u00e5 Johaugs rekordtid i Birken.\u00a0<\/p>\n<p><b>Les ogs\u00e5: <a href=\"https:\/\/www.nettavisen.no\/sport\/therese-johaug-satt-ut-av-petter-northug-avsloring\/s\/5-95-2664688\" rel=\"Follow nofollow noopener\" target=\"_blank\">Johaug satt ut av Northug-avsl\u00f8ring<\/a><\/b><\/p>\n<p>Gir Gukild null sjanse<\/p>\n<p>Tiden hennes er p\u00e5 2.41:46 og ble satt i 2015. Gukilds forel\u00f8pige bestetid p\u00e5 \u00abBirken\u00bb er p\u00e5 3.05:19 fra forrige vinter.\u00a0<\/p>\n<p>Han har med andre ord en stor oppgave foran seg om han skal klare det, og landslagsl\u00f8per Jan Thomas Jenssen tror ikke Gukild har sjans.\u00a0<\/p>\n<p>\u2013 Jeg tror ikke han klarer \u00e5 sl\u00e5 Johaug. Selv om han har de fysiske forutsetningene, s\u00e5 er ikke Johaug en kasteball selv om hun er dame. Hun har en kapasitet som Emil Gukild kan dr\u00f8mme om, og som han aldri klarer \u00e5 oppn\u00e5, sier Jenssen til Nettavisen.\u00a0<\/p>\n<p>   <img decoding=\"async\" width=\"8640\" height=\"5760\" fetchpriority=\"low\"  loading=\"lazy\"  src=\"https:\/\/www.europesays.com\/no\/wp-content\/uploads\/2025\/10\/NTB_iXBhXxlRjug.jpg\" alt=\"\" class=\"brick-c-cFOWSL\" style=\"--brick-image-ratio: 8640 \/ 5760;\"\/><\/p>\n<p>    KLAR BESKJED: Landslagsl\u00f8per Jan Thomas Jenssen tror ikke Emil Gukild klarer \u00e5 sl\u00e5 Therese Johaug.<br \/>\n    Foto: Stian Lysberg Solum (NTB)\n  <\/p>\n<p>Han er likevel fan av prosjektet til Gukild.\u00a0<\/p>\n<p>\u2013 Jeg synes han er et frisk pust inn langrennssporten. Jeg synes han selger seg selv og skimilj\u00f8et bra, s\u00e5 jeg er kjempehappy for at Gukild gj\u00f8r det han gj\u00f8r, sier Jenssen.\u00a0<\/p>\n<p><b>Les ogs\u00e5: <a href=\"https:\/\/www.nettavisen.no\/sport\/ingen-kjopere-av-ski-vm-tror-utenlandske-giganter-vil-sla-til\/s\/5-95-2662077\" rel=\"Follow nofollow noopener\" target=\"_blank\">Ingen kj\u00f8pere: Tror utenlandske giganter vil sl\u00e5 til<\/a><\/b><\/p>\n<p>Tror det blir vanskelig<\/p>\n<p>Heller ikke landslagsl\u00f8per Even Northug har spesielt stor tro p\u00e5 at Gukild kan sl\u00e5 Johaugs rekordtid.\u00a0<\/p>\n<p>Om han skal klare det m\u00e5 han forbedre tiden sin med 26 minutter fra forrige sesong.\u00a0<\/p>\n<p>\u2013 Det er mange minutter, ja. Hvis han holder p\u00e5 fram til han er 50 \u00e5r og det er medvind over Midtfjellet og godt skif\u00f8re skal man aldri si aldri, sier Northug til Nettavisen og gliser.\u00a0<\/p>\n<p>   <img decoding=\"async\" width=\"4025\" height=\"2264\" fetchpriority=\"low\"  loading=\"lazy\"  src=\"https:\/\/www.europesays.com\/no\/wp-content\/uploads\/2025\/10\/1760797757_595_5_95_2039537_gukild16_9.jpg\" alt=\"\" class=\"brick-c-cFOWSL\" style=\"--brick-image-ratio: 4025 \/ 2264;\"\/><\/p>\n<p>    STORE M\u00c5L: Emil Gukild har satt seg store m\u00e5l i sitt nye liv som fulltidssatsende langrennsl\u00f8per.<br \/>\n    Foto: Nettavisen\n  <\/p>\n<p>Landslagstrener Eirik Myhr Nossum tror ogs\u00e5 det skal holde hardt for Gukild.<\/p>\n<p>\u2013 Det er ikke bare enkelt for ham, nei. Det er ikke umulig med litt perspektiv p\u00e5 det, men til vinteren tror jeg det er vanskelig. Da m\u00e5 han ha medvind, sola i ryggen og kj\u00f8ttkaker til middag i s\u00e5 fall, sier han til Nettavisen.\u00a0<\/p>\n<p><b>Les ogs\u00e5: <a href=\"https:\/\/www.nettavisen.no\/sport\/kristine-stavas-skistad-ble-invitert-dukket-ikke-opp\/s\/5-95-2659229\" rel=\"Follow nofollow noopener\" target=\"_blank\">Skistad ble invitert. Dukket ikke opp<\/a><\/b><\/p>\n<p>\u2013 Han skryter av sixpacken sin<\/p>\n<p>Harald \u00d8stberg Amundsen har p\u00e5 sin side litt mer tro p\u00e5 Gukild.\u00a0<\/p>\n<p>Han understreker likevel at Gukild hadde v\u00e6rt sjansel\u00f8s mot Johaug i en vanlig skil\u00f8ype.\u00a0<\/p>\n<p>\u2013 Skulle Gukild g\u00e5tt mot Johaug i en stadionl\u00f8ype med masse bakker hadde han aldri i livet kunne v\u00e6rt i n\u00e6rheten, sier han til Nettavisen.\u00a0<\/p>\n<p>I et langl\u00f8p som \u00abBirken\u00bb tror imidlertid \u00d8stberg Amundsen det finnes muligheter for Gukild.\u00a0<\/p>\n<p>\u2013 Han skryter av sixpacken sin n\u00e5, s\u00e5 det er jo et godt tegn. Han er jo ganske h\u00f8y og har stor rekkevidde i staking, s\u00e5 hvis han f\u00e5r litt bedre teknikk og blir bedre grunntrent kan han \u00e5penbart sl\u00e5 sin egen rekord med ganske mye. Men hvor mye er vanskelig \u00e5 si, sier han.\u00a0<\/p>\n","protected":false},"excerpt":{"rendered":"(\u00d8stlendingen) (Nettavisen): Tidligere NRK-profil Emil Gukild har blitt en del av Petter Northugs privatlag \u00abTeam Burger King Northug\u00bb&hellip;\n","protected":false},"author":2,"featured_media":63579,"comment_status":"","ping_status":"","sticky":false,"template":"","format":"standard","meta":{"footnotes":""},"categories":[59],"tags":[7554,36,7346,398,30,1745,28,29,14,83,82,1510],"class_list":{"0":"post-63817","1":"post","2":"type-post","3":"status-publish","4":"format-standard","5":"has-post-thumbnail","7":"category-sport","8":"tag-amot","9":"tag-art","10":"tag-birken","11":"tag-langrenn","12":"tag-no","13":"tag-nord-osterdal","14":"tag-norge","15":"tag-norway","16":"tag-nyheter","17":"tag-sport","18":"tag-sports","19":"tag-story"},"share_on_mastodon":{"url":"","error":""},"_links":{"self":[{"href":"https:\/\/www.europesays.com\/no\/wp-json\/wp\/v2\/posts\/63817","targetHints":{"allow":["GET"]}}],"collection":[{"href":"https:\/\/www.europesays.com\/no\/wp-json\/wp\/v2\/posts"}],"about":[{"href":"https:\/\/www.europesays.com\/no\/wp-json\/wp\/v2\/types\/post"}],"author":[{"embeddable":true,"href":"https:\/\/www.europesays.com\/no\/wp-json\/wp\/v2\/users\/2"}],"replies":[{"embeddable":true,"href":"https:\/\/www.europesays.com\/no\/wp-json\/wp\/v2\/comments?post=63817"}],"version-history":[{"count":0,"href":"https:\/\/www.europesays.com\/no\/wp-json\/wp\/v2\/posts\/63817\/revisions"}],"wp:featuredmedia":[{"embeddable":true,"href":"https:\/\/www.europesays.com\/no\/wp-json\/wp\/v2\/media\/63579"}],"wp:attachment":[{"href":"https:\/\/www.europesays.com\/no\/wp-json\/wp\/v2\/media?parent=63817"}],"wp:term":[{"taxonomy":"category","embeddable":true,"href":"https:\/\/www.europesays.com\/no\/wp-json\/wp\/v2\/categories?post=63817"},{"taxonomy":"post_tag","embeddable":true,"href":"https:\/\/www.europesays.com\/no\/wp-json\/wp\/v2\/tags?post=63817"}],"curies":[{"name":"wp","href":"https:\/\/api.w.org\/{rel}","templated":true}]}}