{"id":63818,"date":"2025-10-18T14:30:13","date_gmt":"2025-10-18T14:30:13","guid":{"rendered":"https:\/\/www.europesays.com\/no\/63818\/"},"modified":"2025-10-18T14:30:13","modified_gmt":"2025-10-18T14:30:13","slug":"hotellet-stilte-krav-til-produksjonen","status":"publish","type":"post","link":"https:\/\/www.europesays.com\/no\/63818\/","title":{"rendered":"\u00abHotellet\u00bb: Stilte krav til produksjonen:"},"content":{"rendered":"<p>Denne uken sparkes det splitter nye TV 2-programmet \u00abHotellet\u00bb i gang, der 11 kjendispar skal konkurrere mot hverandre i et psykologisk spill.<\/p>\n<p>Skuespiller Mikkel Bratt Silset (34) og forloveden Karoline Andersen (35) er blant parene som skal konkurrere om den gjeve pengepremien.<\/p>\n<p>For sistnevnte blir deltakelsen i \u00abHotellet\u00bb hennes realitydebut.\u00a0<\/p>\n<p>\u2013 Det var kjemperart, og en helt ny opplevelse. Jeg ante ikke hva jeg skulle forvente, fordi det var noe helt annet enn det jeg driver med til vanlig, sier Andersen, som til vanlig jobber som advokat, til TV 2.\u00a0<\/p>\n<p>        <img class=\"image__img lazyload\" itemprop=\"image\" title=\"Foto: Vegard Breie \/ TV 2\" alt=\"CASTEN: Mikkel Bratt Silset og Karoline Andersen deltar med flere andre kjendiser i Hotellet. I casten finner man blant andre Oskar Westerlin og Niklas Baarli. Foto: Vegard Breie \/ TV 2\" width=\"675\" height=\"453\" bad-src=\"https:\/\/www.europesays.com\/no\/wp-content\/uploads\/2025\/10\/18011137.webp\" fetchpriority=\"auto\" \/><\/p>\n<p>      CASTEN: Mikkel Bratt Silset og Karoline Andersen deltar med flere andre kjendiser i Hotellet. I casten finner man blant andre Oskar Westerlin og Niklas Baarli.<br \/>\n         Foto: Vegard Breie \/ TV 2<\/p>\n<p>Fikk garanti<\/p>\n<p>Mikkel Bratt Silseth er p\u00e5 sin side vant til kamera og rampelyset.\u00a0<\/p>\n<p>Skuespilleren er blant annet kjent for sine roller i NRK-serien \u00abValkyrien\u00bb og thrilleren \u00abHodejegerne\u00bb. Han har ogs\u00e5 tidligere v\u00e6rt deltaker i \u00abKompani Lauritzen\u00bb.\u00a0<\/p>\n<p>Da TV 2 m\u00f8tte kj\u00e6resteparet noen dager f\u00f8r premieren, avsl\u00f8rte de at de stilte krav til produksjonen for deres deltakelse i programmet.<\/p>\n<p class=\"bold m-bold\" data-lab-font_weight=\"bold\">\u2013 Jeg hadde ett krav, og det var at vi aldri skulle splittes opp, sier Silset.<\/p>\n<p>Tanken p\u00e5 \u00e5 m\u00e5tte konkurrere mot sin egen forlovede, var helt uaktuell forteller de.\u00a0<\/p>\n<p>        <img class=\"image__img lazyload\" itemprop=\"image\" title=\"Foto: vegard breie\" alt=\"PARTNERE: Det var uaktuelt for Mikkel Bratt Silset og Karoline Andersen \u00e5 spille mot hverandre. Foto: vegard breie\" width=\"675\" height=\"453\" bad-src=\"https:\/\/www.europesays.com\/no\/wp-content\/uploads\/2025\/10\/18011203.webp\" fetchpriority=\"auto\" \/><\/p>\n<p>      PARTNERE: Det var uaktuelt for Mikkel Bratt Silset og Karoline Andersen \u00e5 spille mot hverandre.<br \/>\n         Foto: vegard breie<\/p>\n<p>\u2013 Vi fikk en garanti p\u00e5 at vi aldri skulle spille mot hverandre, sier Andersen.<\/p>\n<p>Begge understreker at de ville takket nei til programmet hvis det ikke hadde v\u00e6rt for denne garantien. For dem handlet ikke deltakelsen bare om konkurransen, men om \u00e5 v\u00e6re et lag hele veien.<\/p>\n<p>\u2013 Jeg hadde aldri sagt ja til dette alene. Det ville ikke blitt det samme uten Karoline, sier Silset.<\/p>\n<p>\u2013 Var i \u00f8rska<\/p>\n<p>Oppladningen f\u00f8r innspillingen ble heller ikke helt optimal for Silset og Andersen.<\/p>\n<p>Paret hadde nemlig v\u00e6rt p\u00e5 reisefot en liten stund f\u00f8r turen gikk til Italia.<\/p>\n<p class=\"bold m-bold\" data-lab-font_weight=\"bold\">I USA deltok Karoline Andersen i VM i cheerdans, der hun fikk en femteplass.<\/p>\n<p>\u2013\u00a0Jeg gikk rett fra matta til flyet, og s\u00e5 rett til Italia og inn p\u00e5 \u00abHotellet\u00bb. Vi var i \u00f8rska i starten begge to, sier Andersen.<\/p>\n<p>        <img class=\"image__img lazyload\" itemprop=\"image\" title=\"Foto: Eira Kr\u00e5b\u00f8l \/ TV 2\" alt=\"D\u00d8GNVILLE: Etter \u00e5 ha reist i mange timer, tok det litt tid f\u00f8r kj\u00e6resteparet kom til hektene. Foto: Eira Kr\u00e5b\u00f8l \/ TV 2\" width=\"675\" height=\"453\" bad-src=\"https:\/\/www.europesays.com\/no\/wp-content\/uploads\/2025\/10\/18196805.webp\" fetchpriority=\"auto\" \/><\/p>\n<p>      D\u00d8GNVILLE: Etter \u00e5 ha reist i mange timer, tok det litt tid f\u00f8r kj\u00e6resteparet kom til hektene.<br \/>\n         Foto: Eira Kr\u00e5b\u00f8l \/ TV 2<\/p>\n<p>Silset forteller at paret var b\u00e5de slitne og litt desorienterte da de ankom innspillingen, etter \u00e5 ha lagt et intenst reised\u00f8gn bak seg.<\/p>\n<p>\u2013 Vi var veldig \u00abjetlagged\u00bb begge to, og fikk ikke forberedt oss p\u00e5 noe som helst. Jeg vil ikke anbefale det til noen, sier han.<\/p>\n<p>Han beskriver de f\u00f8rste dagene som et lite kaos, der alt gikk i ett.<\/p>\n<p>\u2013 Vi kom rett inn i bobla uten \u00e5 egentlig skj\u00f8nne hva som skjedde.<\/p>\n","protected":false},"excerpt":{"rendered":"Denne uken sparkes det splitter nye TV 2-programmet \u00abHotellet\u00bb i gang, der 11 kjendispar skal konkurrere mot hverandre&hellip;\n","protected":false},"author":2,"featured_media":63819,"comment_status":"","ping_status":"","sticky":false,"template":"","format":"standard","meta":{"footnotes":""},"categories":[58],"tags":[71,30,28,29,72],"class_list":{"0":"post-63818","1":"post","2":"type-post","3":"status-publish","4":"format-standard","5":"has-post-thumbnail","7":"category-underholdning","8":"tag-entertainment","9":"tag-no","10":"tag-norge","11":"tag-norway","12":"tag-underholdning"},"share_on_mastodon":{"url":"","error":""},"_links":{"self":[{"href":"https:\/\/www.europesays.com\/no\/wp-json\/wp\/v2\/posts\/63818","targetHints":{"allow":["GET"]}}],"collection":[{"href":"https:\/\/www.europesays.com\/no\/wp-json\/wp\/v2\/posts"}],"about":[{"href":"https:\/\/www.europesays.com\/no\/wp-json\/wp\/v2\/types\/post"}],"author":[{"embeddable":true,"href":"https:\/\/www.europesays.com\/no\/wp-json\/wp\/v2\/users\/2"}],"replies":[{"embeddable":true,"href":"https:\/\/www.europesays.com\/no\/wp-json\/wp\/v2\/comments?post=63818"}],"version-history":[{"count":0,"href":"https:\/\/www.europesays.com\/no\/wp-json\/wp\/v2\/posts\/63818\/revisions"}],"wp:featuredmedia":[{"embeddable":true,"href":"https:\/\/www.europesays.com\/no\/wp-json\/wp\/v2\/media\/63819"}],"wp:attachment":[{"href":"https:\/\/www.europesays.com\/no\/wp-json\/wp\/v2\/media?parent=63818"}],"wp:term":[{"taxonomy":"category","embeddable":true,"href":"https:\/\/www.europesays.com\/no\/wp-json\/wp\/v2\/categories?post=63818"},{"taxonomy":"post_tag","embeddable":true,"href":"https:\/\/www.europesays.com\/no\/wp-json\/wp\/v2\/tags?post=63818"}],"curies":[{"name":"wp","href":"https:\/\/api.w.org\/{rel}","templated":true}]}}