{"id":63824,"date":"2025-10-18T14:49:14","date_gmt":"2025-10-18T14:49:14","guid":{"rendered":"https:\/\/www.europesays.com\/no\/63824\/"},"modified":"2025-10-18T14:49:14","modified_gmt":"2025-10-18T14:49:14","slug":"forfatter-roy-jacobsen-er-dod","status":"publish","type":"post","link":"https:\/\/www.europesays.com\/no\/63824\/","title":{"rendered":"Forfatter Roy Jacobsen er d\u00f8d"},"content":{"rendered":"\n<p class=\"_paragraph_o9xde_4 _paragraph_xtcu6_10 layout-component text-serif-m layout-normal text-serif-m layout-padded\">Forfatteren d\u00f8de i dag, l\u00f8rdag 18. oktober 2025.<\/p>\n<p class=\"_paragraph_o9xde_4 _paragraph_xtcu6_10 layout-component text-serif-m layout-normal text-serif-m layout-padded\">D\u00f8dsfallet blir bekreftet av kommunikasjonssjef Tone Hansen i Cappelen Damm Forlag overfor VG.<\/p>\n<p class=\"_paragraph_o9xde_4 _paragraph_xtcu6_10 layout-component text-serif-m layout-normal text-serif-m layout-padded\">Roy Jacobsen er en av v\u00e5r tids mest anerkjente, prisbel\u00f8nte og leste forfattere. Han har siden 1982 gitt ut over 25 b\u00f8ker og er oversatt til over 40 spr\u00e5k, skriver forlaget i en pressemelding.<\/p>\n<p class=\"_paragraph_o9xde_4 _paragraph_xtcu6_10 layout-component text-serif-m layout-normal text-serif-m layout-padded\">\u2013 Familien vil rette en stor takk til alle de fantastiske menneskene p\u00e5 Rikshospitalet for deres enorme innsats og engasjement for Roy, fra start til aller siste slutt, skriver forlaget.<\/p>\n<p class=\"_paragraph_o9xde_4 _paragraph_xtcu6_10 layout-component text-serif-m layout-normal text-serif-m layout-padded\">Jacobsen har v\u00e6rt gjennom tre vellykkede hjerteoperasjoner i \u00e5r. Like etter den siste fikk han lungesvikt som han kjempet mot i flere uker, men ikke klarte \u00e5 overvinne.<\/p>\n<p class=\"_paragraph_o9xde_4 _paragraph_xtcu6_10 layout-component text-serif-m layout-normal text-serif-m layout-padded\">Han etterlater seg kona Anneliese Pitz, to barn og syv barnebarn.<\/p>\n<p><img alt=\"Roy Jacobsen i sitt hjem p\u00e5 Nordstrand i Oslo i forbindelse med et VG-intervju i 2024.   Foto: Line M\u00f8ller \/ VG\" class=\"_image_qp4xg_65 layout-component layout-normal\" data-fullscreen- data-track-element-type=\"Article image fullscreen\" data-track-name=\"ImageFullscreen\" decoding=\"async\" loading=\"lazy\" height=\"4076\" itemprop=\"image\"  src=\"https:\/\/www.europesays.com\/no\/wp-content\/uploads\/2025\/10\/8d56542f-7752-44fc-a087-ed35b5338bfc\"  style=\"object-position:0% 0%\" width=\"5435\"\/>Roy Jacobsen i sitt hjem p\u00e5 Nordstrand i Oslo i forbindelse med et VG-intervju i 2024.   Foto: Line M\u00f8ller \/ VG Roy Jacobsen<\/p>\n<ul class=\"_list_o9xde_3 _list_xtcu6_9 _list_16v91_9 _unordered_o9xde_106 layout-component text-serif-m layout-normal text-sans-m layout-padded\">\n<li class=\"_item_o9xde_30\">Norsk forfatter, f\u00f8dt 26. desember 1954.<\/li>\n<li class=\"_item_o9xde_30\">Har skrevet suksessromaner som \u00abSeierherrene\u00bb og romanserien om Ingrid fra Barr\u00f8y.<\/li>\n<li class=\"_item_o9xde_30\">Som f\u00f8rste nordmann ble han nominert p\u00e5 kortlisten til den internasjonale Bookerprisen \u2013 for \u00abDe usynlige\u00bb, f\u00f8rste bok i Barr\u00f8y-serien.<\/li>\n<li class=\"_item_o9xde_30\">Jacobsen er tildelt en rekke priser, blant annet Bokhandlerprisen for \u00abSeierherrene\u00bb.<\/li>\n<li class=\"_item_o9xde_30\">Han har arbeiderklassebakgrunn og er oppvokst p\u00e5 \u00c5rvoll i Oslo, men har ogs\u00e5 bodd ulike steder i Nord-Norge og i utlandet.<\/li>\n<li class=\"_item_o9xde_30\">Av yrker har Jacobsen v\u00e6rt b\u00e5de sjauer, fisker, snekker, l\u00e6rer og jobbet innen helseomsorgen.<\/li>\n<li class=\"_item_o9xde_30\">Han skriver innen den realistiske fortellertradisjonen.<\/li>\n<li class=\"_item_o9xde_30\">I september 2023 ble han tildelt St. Olavs Orden for \u00absitt enest\u00e5ende forfatterskap\u00bb.<\/li>\n<\/ul>\n<p class=\"_paragraph_o9xde_4 _paragraph_xtcu6_10 _paragraph_16v91_10 layout-component text-serif-m layout-normal text-sans-m layout-padded\">KILDE: Store norske leksikon<\/p>\n<p>Vis mer\u2013 En tung, tung dag<\/p>\n<p class=\"_paragraph_o9xde_4 _paragraph_xtcu6_10 layout-component text-serif-m layout-normal text-serif-m layout-padded\">Forfatterkollega Lars Saabye Christensen var n\u00e6r venn av Roy Jacobsen og har akkurat f\u00e5tt d\u00f8dsbudskapet da VG ringer. Tydelig preget \u00f8nsker han likevel \u00e5 si noen ord om vennen:<\/p>\n<p class=\"_paragraph_o9xde_4 _paragraph_xtcu6_10 layout-component text-serif-m layout-normal text-serif-m layout-padded\">\u2013 Det er et stort tap for familien hans og norsk litteratur, for leserne og alle mann, sier en gr\u00e5tkvalt Christensen.<\/p>\n<p><img decoding=\"async\" alt=\"Bilde av Lars Saabye Christensen\" class=\"_image_ygndg_42\" height=\"27\" itemprop=\"image\" loading=\"lazy\"  src=\"https:\/\/www.europesays.com\/no\/wp-content\/uploads\/2025\/10\/2a3661e7-6ef7-4191-ae87-bbbbc7c12673\"  width=\"40\"\/><strong class=\"_name_ygndg_51 title-serif-xs\">Lars Saabye Christensen<\/strong><\/p>\n<p class=\"_paragraph_o9xde_4 text-sans-m _description_ygndg_56\">Forfatter og venn<\/p>\n<p class=\"_paragraph_o9xde_4 _paragraph_xtcu6_10 layout-component text-serif-m layout-normal text-serif-m layout-padded\">\u2013 Han vil bli savnet. Vi har b\u00f8kene hans og det er en tr\u00f8st. Men det er ingen som fyller tomrommet etter ham bortsett fra hans egne b\u00f8ker. Det er en tung, tung dag.<\/p>\n<p class=\"_paragraph_o9xde_4 _paragraph_xtcu6_10 layout-component text-serif-m layout-normal text-serif-m layout-padded\">\u2013 Hvordan var han for deg som venn?<\/p>\n<p class=\"_paragraph_o9xde_4 _paragraph_xtcu6_10 layout-component text-serif-m layout-normal text-serif-m layout-padded\">\u2013 Han var det man kaller en real kar. Vi har fulgt hverandre i f\u00f8rti-femti \u00e5r i skrivekarrierene v\u00e5re. Vi har veldig mye til felles. Det er en veldig, veldig tung og rar dag, gjentar Lars Saabye Christensen.<\/p>\n<p class=\"_paragraph_o9xde_4 _paragraph_xtcu6_10 layout-component text-serif-m layout-normal layout-padded\"><strong class=\"_strong_o9xde_25\">Les ogs\u00e5:<\/strong> <a href=\"https:\/\/www.vg.no\/i\/B08Wbw\" data-track-element-type=\"Link\" data-track-id=\"link:B08Wbw\" class=\"_link_o9xde_39\" rel=\"nofollow noopener\" target=\"_blank\">V\u00e5knet opp fra narkose \u2013 da var bestevennen d\u00f8d<\/a><\/p>\n<p>\u2013 En hedersmann<\/p>\n<p class=\"_paragraph_o9xde_4 _paragraph_xtcu6_10 layout-component text-serif-m layout-normal text-serif-m layout-padded\">Ogs\u00e5 kollega Vigdis Hjorth er full av lovord.<\/p>\n<p class=\"_paragraph_o9xde_4 _paragraph_xtcu6_10 layout-component text-serif-m layout-normal text-serif-m layout-padded\">\u2013 Det er kjempetrist, sier hun om d\u00f8dsfallet.<\/p>\n<p class=\"_paragraph_o9xde_4 _paragraph_xtcu6_10 layout-component text-serif-m layout-normal text-serif-m layout-padded\">\u2013 Han var en fabelaktig kollega og har alltid fungert som en stor trygghet p\u00e5 f\u00f8rst Cappelen og n\u00e5 Cappelen Damm Forlag.<\/p>\n<p><img decoding=\"async\" alt=\"Bilde av Vigids Hjorth\" class=\"_image_ygndg_42\" height=\"27\" itemprop=\"image\" loading=\"lazy\"  src=\"https:\/\/www.europesays.com\/no\/wp-content\/uploads\/2025\/10\/6bb2355d-2391-4a58-842b-e7d94992e01b\"  width=\"40\"\/><strong class=\"_name_ygndg_51 title-serif-xs\">Vigids Hjorth<\/strong><\/p>\n<p class=\"_paragraph_o9xde_4 text-sans-m _description_ygndg_56\">Forfatter<\/p>\n<p class=\"_paragraph_o9xde_4 _paragraph_xtcu6_10 layout-component text-serif-m layout-normal text-serif-m layout-padded\">Som person var Roy Jacobsen viktig for sine kolleger, mener Hjorth.<\/p>\n<p class=\"_paragraph_o9xde_4 _paragraph_xtcu6_10 layout-component text-serif-m layout-normal text-serif-m layout-padded\">\u2013 Han var veldig rolig. Blid. Solidarisk. Tok deg inn i varmen. Jeg har kjent ham like lenge som jeg har v\u00e6rt forfatter. Han var veldig sjener\u00f8s. Kjempesjener\u00f8s mot kolleger.<\/p>\n<p class=\"_paragraph_o9xde_4 _paragraph_xtcu6_10 layout-component text-serif-m layout-normal text-serif-m layout-padded\">Hun trekker pusten i telefonen.<\/p>\n<p class=\"_paragraph_o9xde_4 _paragraph_xtcu6_10 layout-component text-serif-m layout-normal text-serif-m layout-padded\">\u2013 Han var en hedersmann p\u00e5 alle m\u00e5ter. <\/p>\n<p>\u2013 Et enormt tap<\/p>\n<p class=\"_paragraph_o9xde_4 _paragraph_xtcu6_10 layout-component text-serif-m layout-normal text-serif-m layout-padded\">Forfatter og forlegger Anders Heger kjente Jacobsen godt.<\/p>\n<p class=\"_paragraph_o9xde_4 _paragraph_xtcu6_10 layout-component text-serif-m layout-normal text-serif-m layout-padded\"><strong class=\"_strong_o9xde_25\">\u2013 Dette er et enormt tap, f\u00f8rst og fremst for familien og alle som kjente ham, men ogs\u00e5 for norsk litteratur. Jacobsen var stemmen til en hel generasjon, sier Heger.<\/strong><\/p>\n<p class=\"_paragraph_o9xde_4 _paragraph_xtcu6_10 layout-component text-serif-m layout-normal text-serif-m layout-padded\">\u2013 Det er titusenvis av mennesker som f\u00f8ler at de har kjent ham, og som n\u00e5 f\u00f8ler at de har mistet en n\u00e6r og kj\u00e6r venn, fortsetter Heger.<\/p>\n<p><img decoding=\"async\" alt=\"Bilde av Anders Heger\" class=\"_image_ygndg_42\" height=\"27\" itemprop=\"image\" loading=\"lazy\"  src=\"https:\/\/www.europesays.com\/no\/wp-content\/uploads\/2025\/10\/c9e11805-d168-4216-ae4b-6b89b49fc911\"  width=\"40\"\/><strong class=\"_name_ygndg_51 title-serif-xs\">Anders Heger<\/strong><\/p>\n<p class=\"_paragraph_o9xde_4 text-sans-m _description_ygndg_56\">Forfatter og forlegger<\/p>\n<p class=\"_paragraph_o9xde_4 _paragraph_xtcu6_10 layout-component text-serif-m layout-normal text-serif-m layout-padded\">Han tror at Jacobsen blir husket som en helt unik forfatter.<\/p>\n<p class=\"_paragraph_o9xde_4 _paragraph_xtcu6_10 layout-component text-serif-m layout-normal text-serif-m layout-padded\">\u2013 De fleste vil nok huske ham for \u201cSeierherrene\u201d, men forfatterskapet hans er enormt og rikt utover det. <\/p>\n<p>\u2013 Har mistet en stor forfatter<\/p>\n<p class=\"_paragraph_o9xde_4 _paragraph_xtcu6_10 layout-component text-serif-m layout-normal text-serif-m layout-padded\">\u2013 I dag har vi mistet en stor forfatter og en n\u00e6r venn av forlaget, sier John Erik Riley, redaksjonssjef for norsk skj\u00f8nnlitteratur hos Cappelen Damm.<\/p>\n<p class=\"_paragraph_o9xde_4 _paragraph_xtcu6_10 layout-component text-serif-m layout-normal text-serif-m layout-padded\">\u2013 Roy var en historieforteller av de sjeldne, en uts\u00f8kt stilist, enormt kunnskapsrik og med et hjerte for de oversette og glemte sider ved v\u00e5r historie.<\/p>\n<p><img decoding=\"async\" alt=\"Bilde av John Erik Riley\" class=\"_image_ygndg_42\" height=\"40\" itemprop=\"image\" loading=\"lazy\"  src=\"https:\/\/www.europesays.com\/no\/wp-content\/uploads\/2025\/10\/09c23e9b-43c5-40b3-bc5c-3f1a75c2930e\"  width=\"40\"\/><strong class=\"_name_ygndg_51 title-serif-xs\">John Erik Riley<\/strong><\/p>\n<p class=\"_paragraph_o9xde_4 text-sans-m _description_ygndg_56\">Redaksjonssjef i Cappelen Damm Forlag<\/p>\n<p class=\"_paragraph_o9xde_4 _paragraph_xtcu6_10 layout-component text-serif-m layout-normal text-serif-m layout-padded\">Roy Jacobsen har mottatt en rekke litter\u00e6re priser, som Tarjei Vesaas debutantpris, Kritikerprisen, Ungdommens Kritikerpris, Riksm\u00e5lsprisen, Bokhandelprisen, Gyldendalprisen.<\/p>\n<p class=\"_paragraph_o9xde_4 _paragraph_xtcu6_10 layout-component text-serif-m layout-normal text-serif-m layout-padded\">Han er to ganger nominert til Nordisk r\u00e5ds litteraturpris.<\/p>\n<p class=\"_paragraph_o9xde_4 _paragraph_xtcu6_10 layout-component text-serif-m layout-normal text-serif-m layout-padded\">Jacobsen hadde sitt gjennombrudd med generasjonsromanen \u00abSeierherrene\u00bb i 1991.<\/p>\n<p class=\"_paragraph_o9xde_4 _paragraph_xtcu6_10 layout-component text-serif-m layout-normal text-serif-m layout-padded\">\u2013 Hvilket tap dette er for Cappelen Damm lar seg knapt beskrive. Vi er i sorg. Men tapet for familien og de n\u00e6rmeste er st\u00f8rst, skriver John Erik Riley.<\/p>\n<p><img alt=\"HEDRET AMBJ\u00d8RNSEN: Roy Jacobsen m\u00e5tte trekke seg tilbake p\u00e5 grunn av egne helseproblemer halvveis ute i bisettelsen til forfatter Ingvar Ambj\u00f8rnsen.  Foto: Naina Hel\u00e9n J\u00e5ma \/ VGTV\" class=\"_image_qp4xg_65 layout-component layout-normal\" data-fullscreen- data-track-element-type=\"Article image fullscreen\" data-track-name=\"ImageFullscreen\" decoding=\"async\" loading=\"lazy\" height=\"1481\" itemprop=\"image\"  src=\"https:\/\/www.europesays.com\/no\/wp-content\/uploads\/2025\/10\/59ae9ea6-797f-4ca5-ba94-5842a7009b91\"  style=\"object-position:48.163155051323606% 57.62997974341661%\" width=\"1851\"\/>HEDRET AMBJ\u00d8RNSEN: Roy Jacobsen m\u00e5tte trekke seg tilbake p\u00e5 grunn av egne helseproblemer halvveis ute i bisettelsen til forfatter Ingvar Ambj\u00f8rnsen.  Foto: Naina Hel\u00e9n J\u00e5ma \/ VGTV\u2013 Pr\u00f8ver meg p\u00e5 en ekstrarunde<\/p>\n<p class=\"_paragraph_o9xde_4 _paragraph_xtcu6_10 layout-component text-serif-m layout-normal text-serif-m layout-padded\">D\u00f8dsfallet skjer ikke lenge etter at Jacobsens bestevenn, Ingvar Ambj\u00f8rnsen, gikk bort.<\/p>\n<p class=\"_paragraph_o9xde_4 _paragraph_xtcu6_10 layout-component text-serif-m layout-normal text-serif-m layout-padded\">I et <a href=\"https:\/\/www.vg.no\/rampelys\/i\/B08Wbw\/roy-jacobsen-vaaknet-opp-paa-sykehuset-da-var-bestevennen-ingvar-ambjoernsen-doed\" data-track-element-type=\"Link\" data-track-id=\"link:B08Wbw\" class=\"_link_o9xde_39\" rel=\"nofollow noopener\" target=\"_blank\">VG-intervju <\/a>fortalte Jacobsen at han hadde v\u00e6rt gjennom \u00abet helvete den siste tiden\u00bb.<\/p>\n<p class=\"_paragraph_o9xde_4 _paragraph_xtcu6_10 layout-component text-serif-m layout-normal text-serif-m layout-padded\">Han hadde da gjennomg\u00e5tt to nye hjerteoperasjoner siden han ble hasteoperert h\u00f8sten 2023. <\/p>\n<p><img alt=\"STJERNETRIO: Forfatter Ingvar Ambj\u00f8rnsen sammen med forfatterne Roy Jacobsen (t.v.) og Lars Saabye Christensen (t.h) p\u00e5 forlagsfest i 1995.  Foto: Trond Solberg \/ VG\" class=\"_image_qp4xg_65 layout-component layout-normal\" data-fullscreen- data-track-element-type=\"Article image fullscreen\" data-track-name=\"ImageFullscreen\" decoding=\"async\" loading=\"lazy\" height=\"3264\" itemprop=\"image\"  src=\"https:\/\/www.europesays.com\/no\/wp-content\/uploads\/2025\/10\/4295114a-6155-4f74-95d1-73b41ad10ec9\"  style=\"object-position:0% 0%\" width=\"4352\"\/>STJERNETRIO: Forfatter Ingvar Ambj\u00f8rnsen sammen med forfatterne Roy Jacobsen (t.v.) og Lars Saabye Christensen (t.h) p\u00e5 forlagsfest i 1995.  Foto: Trond Solberg \/ VG<\/p>\n<p class=\"_paragraph_o9xde_4 _paragraph_xtcu6_10 layout-component text-serif-m layout-normal text-serif-m layout-padded\">Da vennen Ambj\u00f8rnsen gjennom 40 \u00e5r ringte for \u00e5 ta farvel i forkant av sin utgang av livet, var Roy Jacobsen selv innlagt p\u00e5 Rikshospitalet og skulle inn i en 10-timers hjerteoperasjon som if\u00f8lge ham selv kunne g\u00e5 begge veier.<\/p>\n<p class=\"_paragraph_o9xde_4 _paragraph_xtcu6_10 layout-component text-serif-m layout-normal text-serif-m layout-padded\">\u2013 S\u00e5 jeg sa til Ingvar at jeg pr\u00f8ver meg p\u00e5 en utsettelse, en ekstrarunde.<\/p>\n<p><img alt=\"I BISETTELSE: Roy Jacobsen utenfor Kulturkirken Jakob 6. august, i forbindelse med bestevennen Ingvar Ambj\u00f8rnsens bisettelse.  Foto: Naina Hel\u00e9n J\u00e5ma \/ VG\" class=\"_image_qp4xg_65 layout-component layout-normal\" data-fullscreen- data-track-element-type=\"Article image fullscreen\" data-track-name=\"ImageFullscreen\" decoding=\"async\" loading=\"lazy\" height=\"5504\" itemprop=\"image\"  src=\"https:\/\/www.europesays.com\/no\/wp-content\/uploads\/2025\/10\/1cf04d1d-58aa-411f-9378-312c22008602\"  style=\"object-position:0% 0%\" width=\"8256\"\/>I BISETTELSE: Roy Jacobsen utenfor Kulturkirken Jakob 6. august, i forbindelse med bestevennen Ingvar Ambj\u00f8rnsens bisettelse.  Foto: Naina Hel\u00e9n J\u00e5ma \/ VG<\/p>\n<p class=\"_paragraph_o9xde_4 _paragraph_xtcu6_10 layout-component text-serif-m layout-normal text-serif-m layout-padded\">Da Jacobsen kom til hektene fra narkosen etter operasjonen, fikk han beskjeden om at bestevennen var d\u00f8d.<\/p>\n<p class=\"_paragraph_o9xde_4 _paragraph_xtcu6_10 layout-component text-serif-m layout-normal text-serif-m layout-padded\">\u2013 Jeg v\u00e5knet opp fra koma. Jeg hadde overlevd, men Ingvar var borte, fortalte Jacobsen i VG-intervjuet.<\/p>\n<p class=\"_paragraph_o9xde_4 _paragraph_xtcu6_10 layout-component text-serif-m layout-normal text-serif-m layout-padded\">Han fikk likevel tatt farvel med vennen, men m\u00e5tte trekke seg tilbake halvveis i bisettelsen.<\/p>\n<p class=\"_paragraph_o9xde_4 _paragraph_xtcu6_10 layout-component text-serif-m layout-normal text-serif-m layout-padded\">\u2013 Og jeg som hadde tenkt \u00e5 si noe i minnestunden. Men det gikk ikke, fastslo Jacobsen.<\/p>\n<p><img alt=\"Roy Jacobsen har gjennomg\u00e5tt flere nye hjerteoperasjoner siden han ble hasteoperert h\u00f8sten 2023.   Foto: Line M\u00f8ller \/ VG\" class=\"_image_qp4xg_65 layout-component layout-normal\" data-fullscreen- data-track-element-type=\"Article image fullscreen\" data-track-name=\"ImageFullscreen\" decoding=\"async\" loading=\"lazy\" height=\"5300\" itemprop=\"image\"  src=\"https:\/\/www.europesays.com\/no\/wp-content\/uploads\/2025\/10\/f57c71a8-e88c-4ed7-8a06-a220019d9879\"  style=\"object-position:0% 0%\" width=\"7067\"\/>Roy Jacobsen har gjennomg\u00e5tt flere nye hjerteoperasjoner siden han ble hasteoperert h\u00f8sten 2023.   Foto: Line M\u00f8ller \/ VG<\/p>\n<p class=\"_paragraph_o9xde_4 _paragraph_xtcu6_10 layout-component text-serif-m layout-normal text-serif-m layout-padded\">I VG-intervjuet r\u00f8pet Roy Jacobsen ogs\u00e5 hva den siste romanen hans, som han har jobbet med i h\u00f8st, skal handle om. D\u00f8den.<\/p>\n<p class=\"_paragraph_o9xde_4 _paragraph_xtcu6_10 layout-component text-serif-m layout-normal text-serif-m layout-padded\">\u2013 Det er denne jeg har drevet med litt til og fra hele denne sykdomsperioden. Det er en dystopi, en svart, innviklet j\u00e6vel om en fyr som mister grepet, forbanner verden og alt rundt seg \u2013 med humor i b\u00e5nn. Humoren er ressursen i teksten, fortalte forfatteren.<\/p>\n<p>    <img decoding=\"async\" alt=\"Tips oss illustrasjon\" width=\"62px\" height=\"auto\" src=\"https:\/\/www.europesays.com\/no\/wp-content\/uploads\/2025\/08\/1754784428_95_W9avJzE.png\"\/>    <\/p>\n<p class=\"title-serif-s\">Har du tips til oss?<\/p>\n<p class=\"text-sans-m\">Send oss informasjon, bilder eller video<\/p>\n<p>  <a href=\"https:\/\/www.vg.no\/tips-oss\" rel=\"nofollow noopener\" target=\"_blank\"> Tips oss <\/a>      <\/p>\n","protected":false},"excerpt":{"rendered":"Forfatteren d\u00f8de i dag, l\u00f8rdag 18. oktober 2025. D\u00f8dsfallet blir bekreftet av kommunikasjonssjef Tone Hansen i Cappelen Damm&hellip;\n","protected":false},"author":2,"featured_media":63825,"comment_status":"","ping_status":"","sticky":false,"template":"","format":"standard","meta":{"footnotes":""},"categories":[5],"tags":[31,20,21,24,25,15,19,22,23,17,18,13,30,28,29,14,16,26,27],"class_list":{"0":"post-63824","1":"post","2":"type-post","3":"status-publish","4":"format-standard","5":"has-post-thumbnail","7":"category-overskrifter","8":"tag-breaking","9":"tag-breaking-news","10":"tag-breakingnews","11":"tag-featured-news","12":"tag-featurednews","13":"tag-headlines","14":"tag-hovedoppslag","15":"tag-latest-news","16":"tag-latestnews","17":"tag-main-news","18":"tag-mainnews","19":"tag-news","20":"tag-no","21":"tag-norge","22":"tag-norway","23":"tag-nyheter","24":"tag-overskrifter","25":"tag-top-stories","26":"tag-topstories"},"share_on_mastodon":{"url":"","error":""},"_links":{"self":[{"href":"https:\/\/www.europesays.com\/no\/wp-json\/wp\/v2\/posts\/63824","targetHints":{"allow":["GET"]}}],"collection":[{"href":"https:\/\/www.europesays.com\/no\/wp-json\/wp\/v2\/posts"}],"about":[{"href":"https:\/\/www.europesays.com\/no\/wp-json\/wp\/v2\/types\/post"}],"author":[{"embeddable":true,"href":"https:\/\/www.europesays.com\/no\/wp-json\/wp\/v2\/users\/2"}],"replies":[{"embeddable":true,"href":"https:\/\/www.europesays.com\/no\/wp-json\/wp\/v2\/comments?post=63824"}],"version-history":[{"count":0,"href":"https:\/\/www.europesays.com\/no\/wp-json\/wp\/v2\/posts\/63824\/revisions"}],"wp:featuredmedia":[{"embeddable":true,"href":"https:\/\/www.europesays.com\/no\/wp-json\/wp\/v2\/media\/63825"}],"wp:attachment":[{"href":"https:\/\/www.europesays.com\/no\/wp-json\/wp\/v2\/media?parent=63824"}],"wp:term":[{"taxonomy":"category","embeddable":true,"href":"https:\/\/www.europesays.com\/no\/wp-json\/wp\/v2\/categories?post=63824"},{"taxonomy":"post_tag","embeddable":true,"href":"https:\/\/www.europesays.com\/no\/wp-json\/wp\/v2\/tags?post=63824"}],"curies":[{"name":"wp","href":"https:\/\/api.w.org\/{rel}","templated":true}]}}