{"id":63826,"date":"2025-10-18T14:50:09","date_gmt":"2025-10-18T14:50:09","guid":{"rendered":"https:\/\/www.europesays.com\/no\/63826\/"},"modified":"2025-10-18T14:50:09","modified_gmt":"2025-10-18T14:50:09","slug":"ange-postecoglou-ferdig-som-nottingham-forest-manager-etter-seks-uker","status":"publish","type":"post","link":"https:\/\/www.europesays.com\/no\/63826\/","title":{"rendered":"Ange Postecoglou ferdig som Nottingham Forest-manager etter seks uker"},"content":{"rendered":"\n<p class=\"_lead_o9xde_2 _lead_xtcu6_50 layout-component text-serif-m layout-normal text-serif-l layout-component layout-wide layout-padded _wide_17hqh_1 layout-padded\">Ange Postecoglou (60) ble et kort kapittel i Nottingham Forests klubbhistorie. Etter to tap og seks uavgjort ble det kroken p\u00e5 d\u00f8ren.<\/p>\n<p> <img class=\"_image_qp4xg_65 layout-component layout-wide\" data-fullscreen- data-track-element-type=\"Article image fullscreen\" data-track-name=\"ImageFullscreen\" fetchpriority=\"high\" decoding=\"sync\" loading=\"eager\" height=\"102\" itemprop=\"image\"  src=\"https:\/\/www.europesays.com\/no\/wp-content\/uploads\/2025\/10\/06cfcc0ae2cb2239d594268bff0a288a.jpg\"  style=\"object-position:50% 50%;aspect-ratio:1.75;height:auto;object-fit:cover;width:100%\" width=\"102\"\/>  <\/p>\n<ul aria-hidden=\"true\" class=\"_images_18f0k_111\">\n<li><a class=\"_link_18f0k_116\" href=\"https:\/\/www.vg.no\/forfatter\/herman-folvik\" style=\"z-index:2\" title=\"Herman Folvik\" rel=\"nofollow noopener\" target=\"_blank\"><img alt=\"Bilde av Herman Folvik\" class=\"_image_18f0k_93\" fetchpriority=\"low\" loading=\"lazy\" decoding=\"async\" itemprop=\"image\"  src=\"https:\/\/www.europesays.com\/no\/wp-content\/uploads\/2025\/10\/1760799009_578_b8d5eb91-9fa9-460c-b9f0-da310ffe35dd\"  width=\"480\"\/><\/a><\/li>\n<li><a class=\"_link_18f0k_116\" href=\"https:\/\/www.vg.no\/forfatter\/ntb\" style=\"z-index:1\" title=\"NTB\" rel=\"nofollow noopener\" target=\"_blank\"><img alt=\"Bilde av NTB\" class=\"_image_18f0k_93\" fetchpriority=\"low\" loading=\"lazy\" decoding=\"async\" itemprop=\"image\"  src=\"https:\/\/www.europesays.com\/no\/wp-content\/uploads\/2025\/10\/1760799009_442_c33980b0-5d07-4027-84a1-813f90a7c8d6\"  width=\"480\"\/><\/a><\/li>\n<\/ul>\n<p> Oppdatert l\u00f8rdag 18. oktober kl. 16:16     <\/p>\n<p class=\"_paragraph_o9xde_4 _paragraph_xtcu6_10 layout-component text-serif-m layout-normal text-serif-m layout-padded\">Forest melder om sparkingen i sine kanaler 18 minutter <a href=\"https:\/\/www.vg.no\/sport\/i\/qP2zW0\/chelsea-seiret-etter-tre-droemmeminutter-ange-postecoglous-marerittrekke-fortsetter\" data-track-element-type=\"Link\" data-track-id=\"link:qP2zW0\" class=\"_link_o9xde_39\" rel=\"nofollow noopener\" target=\"_blank\">etter 0-3-tapet for Chelsea l\u00f8rdag<\/a>. Grepet ble tatt etter at Postecoglou gikk sine \u00e5tte f\u00f8rste kamper uten \u00e5 vinne.<\/p>\n<p class=\"_paragraph_o9xde_4 _paragraph_xtcu6_10 layout-component text-serif-m layout-normal text-serif-m layout-padded\">Postecoglou signerte egentlig en kontrakt til sommeren 2027.  <\/p>\n<p class=\"_paragraph_o9xde_4 _paragraph_xtcu6_10 layout-component text-serif-m layout-normal text-serif-m layout-padded\">\u2013 Dette er fotball. Det har ikke g\u00e5tt s\u00e6rlig bra, og hvis du er manager er det ikke noe tid, sier Glenn Hoddle, tidligere engelsk landslagssjef, p\u00e5 TNT Sports.<\/p>\n<p>Postecoglous resultater med Nottingham Forest<\/p>\n<p class=\"_paragraph_o9xde_4 _paragraph_xtcu6_10 _paragraph_16v91_10 layout-component text-serif-m layout-normal text-sans-m layout-padded\"><strong class=\"_strong_o9xde_25\"><br \/>Arsenal 3-0 Nottingham Forest<\/strong>\u00a0&#8211; Premier League<\/p>\n<p class=\"_paragraph_o9xde_4 _paragraph_xtcu6_10 _paragraph_16v91_10 layout-component text-serif-m layout-normal text-sans-m layout-padded\"><strong class=\"_strong_o9xde_25\">Swansea 3-2 Nottingham Forest<\/strong>\u00a0&#8211; Carabao Cup\u00a0<\/p>\n<p class=\"_paragraph_o9xde_4 _paragraph_xtcu6_10 _paragraph_16v91_10 layout-component text-serif-m layout-normal text-sans-m layout-padded\"><strong class=\"_strong_o9xde_25\">Burnley 1-1 Nottingham Forest<\/strong>\u00a0&#8211; Premier League<\/p>\n<p class=\"_paragraph_o9xde_4 _paragraph_xtcu6_10 _paragraph_16v91_10 layout-component text-serif-m layout-normal text-sans-m layout-padded\"><strong class=\"_strong_o9xde_25\">Real Betis 2-2 Nottingham Forest<\/strong>\u00a0&#8211; Europa League<\/p>\n<p class=\"_paragraph_o9xde_4 _paragraph_xtcu6_10 _paragraph_16v91_10 layout-component text-serif-m layout-normal text-sans-m layout-padded\"><strong class=\"_strong_o9xde_25\">Nottingham Forest 0-1 Sunderland<\/strong>\u00a0&#8211; Premier League<\/p>\n<p class=\"_paragraph_o9xde_4 _paragraph_xtcu6_10 _paragraph_16v91_10 layout-component text-serif-m layout-normal text-sans-m layout-padded\"><strong class=\"_strong_o9xde_25\">Nottingham Forest 2-3 FC Midtjylland<\/strong>\u00a0&#8211; Europa League<\/p>\n<p class=\"_paragraph_o9xde_4 _paragraph_xtcu6_10 _paragraph_16v91_10 layout-component text-serif-m layout-normal text-sans-m layout-padded\"><strong class=\"_strong_o9xde_25\">Newcastle 2-0 Nottingham Forest\u00a0<\/strong>&#8211; Premier League\u00a0<\/p>\n<p class=\"_paragraph_o9xde_4 _paragraph_xtcu6_10 _paragraph_16v91_10 layout-component text-serif-m layout-normal text-sans-m layout-padded\"><strong class=\"_strong_o9xde_25\">Nottingham Forest 0-3 Chelsea<\/strong>\u00a0&#8211; Premier League<\/p>\n<p>Vis mer<\/p>\n<p class=\"_paragraph_o9xde_4 _paragraph_xtcu6_10 layout-component text-serif-m layout-normal text-serif-m layout-padded\">\u2013 Det begynte \u00e5 bli et problem og det s\u00e5 ikke ut som det var noe som ville snu dette. Men for den personen som kommer etter ham, betyr det at de f\u00e5r \u00e5tte kamper til \u00e5 vise hva de kan gj\u00f8re, sier Peter Crouch, som spilte for Tottenham og Liverpool. <\/p>\n<p class=\"_root_1xq52_1\" lang=\"en\" dir=\"auto\">Nottingham Forest Football Club can confirm that after a series of disappointing results and performances, Ange Postecoglou has been relieved of his duties as head coach with immediate effect.<\/p>\n<p>The Club will make no further comment at this time.<\/p>\n<p class=\"_paragraph_o9xde_4 _paragraph_xtcu6_10 layout-component text-serif-m layout-normal text-serif-m layout-padded\">Det er den verste starten en permanent manager har hatt for klubben p\u00e5 100 \u00e5r. Allerede etter seks kamper sang Nottingham Forests supportere at australieren burde bli sparket. <\/p>\n<p class=\"_paragraph_o9xde_4 _paragraph_xtcu6_10 layout-component text-serif-m layout-normal text-serif-m layout-padded\">Dermed ble Postecoglou manageren i <a href=\"https:\/\/www.vg.no\/tag\/premier-league?utm_source=vg-article&amp;utm_medium=auto-tagger&amp;utm_campaign=8qr3yd\" class=\"_link_o9xde_39\" rel=\"nofollow noopener\" target=\"_blank\">Premier League<\/a> med nest f\u00e6rrest dagernest f\u00e6rrest dager39 dager var Ange Postecoglou Nottingham Forest-trener. i sjefsstolen. Kun Sam Allardyce i Leeds i 2023 hadde f\u00e6rre, med sine 30 dager.<\/p>\n<p><img alt=\"Foto: Sofascore\" class=\"_image_qp4xg_65 layout-component layout-normal\" data-fullscreen- data-track-element-type=\"Article image fullscreen\" data-track-name=\"ImageFullscreen\" decoding=\"async\" loading=\"lazy\" height=\"2560\" itemprop=\"image\"  src=\"https:\/\/www.europesays.com\/no\/wp-content\/uploads\/2025\/10\/bc2b34aa-4474-4713-939a-5addeb85e25a\"  style=\"object-position:0% 0%\" width=\"2048\"\/>Foto: Sofascore<\/p>\n<p class=\"_paragraph_o9xde_4 _paragraph_xtcu6_10 layout-component text-serif-m layout-normal text-serif-m layout-padded\"><strong class=\"_strong_o9xde_25\">Grafikk: <a href=\"https:\/\/www.sofascore.com\/manager\/ange-postecoglou\/134027?utm_source=vg.no&amp;utm_medium=FootballOther\" class=\"_link_o9xde_39\" rel=\"nofollow noopener\" target=\"_blank\">Sofascore<\/a><\/strong><\/p>\n<p class=\"_paragraph_o9xde_4 _paragraph_xtcu6_10 layout-component text-serif-m layout-normal text-serif-m layout-padded\">Protestene fra fansen skjedde mot slutten av 2-3-tapet hjemme mot Midtjylland i Europa League f\u00f8r landslagspausen. L\u00f8rdag forlot store deler av hjemmepublikummet arenaen f\u00f8r full tid i 0-3-tapet for Chelsea.<\/p>\n<p class=\"_paragraph_o9xde_4 _paragraph_xtcu6_10 layout-component text-serif-m layout-normal text-serif-m layout-padded\">BBC nevner Marco Silva og Sean Dyche som kandidat til \u00e5 ta over Nottingham. <\/p>\n<p class=\"_paragraph_o9xde_4 _paragraph_xtcu6_10 layout-component text-serif-m layout-normal text-serif-m layout-padded\">Postecoglou tok over Forest-jobben 9. september og erstattet fanfavoritten Nuno Esp\u00edrito Santo, <a href=\"https:\/\/www.vg.no\/sport\/i\/wgadoA\/bekreftet-nuno-espirito-santo-er-ferdig-i-nottingham-forest?utm_source=sdrn%3Avg%3Aarticle%3AqP2zW0&amp;utm_medium=Link&amp;utm_content=link%3AwgadoA\" data-track-element-type=\"Link\" data-track-id=\"link:wgadoA\" class=\"_link_o9xde_39\" rel=\"nofollow noopener\" target=\"_blank\">som m\u00e5tte g\u00e5 etter internt br\u00e5k<\/a>.<\/p>\n<p class=\"_paragraph_o9xde_4 _paragraph_xtcu6_10 layout-component text-serif-m layout-normal text-serif-m layout-padded\">60-\u00e5ringen ledet i mai Tottenham til finaleseier i Europa League. Det var klubbens f\u00f8rste europeiske trof\u00e9 p\u00e5 over 40 \u00e5r, men det var ikke nok til \u00e5 beholde jobben. Spurs endte sist sesong p\u00e5 17.-plass i Premier League.<\/p>\n","protected":false},"excerpt":{"rendered":"Ange Postecoglou (60) ble et kort kapittel i Nottingham Forests klubbhistorie. Etter to tap og seks uavgjort ble&hellip;\n","protected":false},"author":2,"featured_media":63827,"comment_status":"","ping_status":"","sticky":false,"template":"","format":"standard","meta":{"footnotes":""},"categories":[59],"tags":[30,28,29,2894,161,83,82],"class_list":{"0":"post-63826","1":"post","2":"type-post","3":"status-publish","4":"format-standard","5":"has-post-thumbnail","7":"category-sport","8":"tag-no","9":"tag-norge","10":"tag-norway","11":"tag-nottingham-forest-fc","12":"tag-premier-league","13":"tag-sport","14":"tag-sports"},"share_on_mastodon":{"url":"","error":""},"_links":{"self":[{"href":"https:\/\/www.europesays.com\/no\/wp-json\/wp\/v2\/posts\/63826","targetHints":{"allow":["GET"]}}],"collection":[{"href":"https:\/\/www.europesays.com\/no\/wp-json\/wp\/v2\/posts"}],"about":[{"href":"https:\/\/www.europesays.com\/no\/wp-json\/wp\/v2\/types\/post"}],"author":[{"embeddable":true,"href":"https:\/\/www.europesays.com\/no\/wp-json\/wp\/v2\/users\/2"}],"replies":[{"embeddable":true,"href":"https:\/\/www.europesays.com\/no\/wp-json\/wp\/v2\/comments?post=63826"}],"version-history":[{"count":0,"href":"https:\/\/www.europesays.com\/no\/wp-json\/wp\/v2\/posts\/63826\/revisions"}],"wp:featuredmedia":[{"embeddable":true,"href":"https:\/\/www.europesays.com\/no\/wp-json\/wp\/v2\/media\/63827"}],"wp:attachment":[{"href":"https:\/\/www.europesays.com\/no\/wp-json\/wp\/v2\/media?parent=63826"}],"wp:term":[{"taxonomy":"category","embeddable":true,"href":"https:\/\/www.europesays.com\/no\/wp-json\/wp\/v2\/categories?post=63826"},{"taxonomy":"post_tag","embeddable":true,"href":"https:\/\/www.europesays.com\/no\/wp-json\/wp\/v2\/tags?post=63826"}],"curies":[{"name":"wp","href":"https:\/\/api.w.org\/{rel}","templated":true}]}}