{"id":63838,"date":"2025-10-18T15:19:14","date_gmt":"2025-10-18T15:19:14","guid":{"rendered":"https:\/\/www.europesays.com\/no\/63838\/"},"modified":"2025-10-18T15:19:14","modified_gmt":"2025-10-18T15:19:14","slug":"sport-fotball-slik-starter-rbk-ekkelt-lag-a-mote","status":"publish","type":"post","link":"https:\/\/www.europesays.com\/no\/63838\/","title":{"rendered":"Sport, Fotball | Slik starter RBK: \u2013 Ekkelt lag \u00e5 m\u00f8te"},"content":{"rendered":"\n<p>\u2013 De er jo et lag som er gode p\u00e5 hjemmebane. De er veldig klare i spillestilen. Det er et ekkelt lag \u00e5 m\u00f8te, sier Rosenborg-trener Alfred Johansson til Nidaros.<\/p>\n<p>Rosenborgs hovedtrener beskriver dagens motstander i Bryne som et fysisk og direkte lag som trives godt p\u00e5 eget gress.<\/p>\n<p>\u2013 De sl\u00e5ss mye om andreballer og er skikkelig gode til det. De angriper motstanders boks med mange spillere, og scorer ofte p\u00e5 innlegg. De tar veldig lite risiko i frispillingen. For oss handler det om \u00e5 v\u00e6re gode i duellspillet, sikre p\u00e5 deres langballer og vinne andreballene, forklarer han.<\/p>\n<p>Og de svensken har valgt \u00e5 starte med i kampen mot Bryne er f\u00f8lgende:<\/p>\n<p><b>Sander Tangvik &#8211; Adrian Pereira, Mikkel Konradsen Ceide, Tomas Nemcik, Ulrik Ytterg\u00e5rd Jenssen &#8211; Santeri V\u00e4\u00e4n\u00e4nen, Ole Seln\u00e6s, Simen Bolkan Nordli &#8211; David Duris, Dino Islamovic, Emil Konradsen Ceide.<\/b><\/p>\n<p>Benken best\u00e5r av f\u00f8lgende spillere: Rasmus Sandberg, Jonas Mortensen, Erlend Dahl Reitan, Tobias Dahl, Alexander Borgersen, Jesper Reitan-Sunde, H\u00e5kon Volden, Elias Sandr\u00f8d, Elias Sl\u00f8rdahl.<\/p>\n<p>   <img decoding=\"async\" width=\"3320\" height=\"2213\" fetchpriority=\"low\"  loading=\"lazy\"  src=\"https:\/\/www.europesays.com\/no\/wp-content\/uploads\/2025\/10\/NTB_p19OJ2Aq_HU.jpg\" alt=\"Trondheim 20250504. &#10;Brynes Alfred Scriven under eliteseriekampen i fotball mellom Rosenborg og Bryne p\u00e5 Lerkendal stadion.&#10;Foto: Ole Martin Wold \/ NTB\" class=\"brick-c-cFOWSL\" style=\"--brick-image-ratio: 3320 \/ 2213;\"\/><\/p>\n<p>    Iver Fossum i hodeduell med Brynes Alfred Scriven fra forrige m\u00f8te mellom lagene. Fossum er ikke med til J\u00e6ren denne gangen \u2013 men hodeduellene blir det nok av likevel skal man tro Johansson.<br \/>\n    Foto: Ole Martin Wold\n  <\/p>\n<p><b>N\u00e5r kampen sparkes i gang klokken 16:00, er Rotsekk p\u00e5 plass i kommentatorbua. Sendingen kan du f\u00f8lge p\u00e5 Nidaros.no<\/b><\/p>\n<p><b>Etter sluttsignalet g\u00e5r f\u00e5r du reaksjoner og spillervurderinger p\u00e5 Nidaros.no \u2013 samt en fersk episode av Rotsekk-podkasten.<\/b><\/p>\n<p>  <a href=\"https:\/\/www.nidaros.no\/5-113-777623\" class=\"related-teaser has-image default-story-teaser article--c-eRUmMG article--c-eRUmMG-jKCPdD-design-default\" rel=\"nofollow noopener\" target=\"_blank\"><\/p>\n<p>    <img decoding=\"async\" loading=\"lazy\"  src=\"https:\/\/www.europesays.com\/no\/wp-content\/uploads\/2025\/10\/1760800752_417_NTB_Gb2m6n5N5Vs.jpg\" alt=\"\" class=\"brick-c-cFOWSL\" style=\"\"\/><\/p>\n<p>\n            Les ogs\u00e5<\/p>\n<p>              Alfred bekrefter tilbakefall p\u00e5 RBK-profil \u2013 mister kampen mot Bryne\n        <\/p>\n<p>  <\/a><br \/>\n  En seier p\u00e5 siste sju<\/p>\n<p>Rosenborg hadde tre seire p\u00e5 de fem f\u00f8rste bortekampene denne sesongen, men st\u00e5r med seks tap p\u00e5 de sju siste. N\u00e5r Johansson f\u00e5r den statistikken framlagt mener han at forklaringen ligger i flere faktorer.<\/p>\n<p>\u2013 Vi var veldig solide defensivt de f\u00f8rste elleve kampene i Eliteserien, og ogs\u00e5 i cupen og Europa-kvaliken. Men vi har hatt spillere i uvante posisjoner og mange nye relasjoner \u00e5 bygge i sommer. Det tar tid f\u00f8r alt sitter.<\/p>\n<p>   <img decoding=\"async\" width=\"4782\" height=\"3188\" fetchpriority=\"low\"  loading=\"lazy\"  src=\"https:\/\/www.europesays.com\/no\/wp-content\/uploads\/2025\/10\/NTB_AQ8wiu856w8.jpg\" alt=\"Oslo 20250803. &#10;Rosenborgs Ole Kristian Seln\u00e6s under eliteseriekampen i fotball mellom KFUM Oslo og Rosenborg p\u00e5 KFUM arena.&#10;Foto: Annika Byrde \/ NTB\" class=\"brick-c-cFOWSL\" style=\"--brick-image-ratio: 4782 \/ 3188;\"\/><\/p>\n<p>    Ole Seln\u00e6s var tydelig skuffet etter 1\u20134-tapet mot KFUM tidligere i sommer.<br \/>\n    Foto: Annika Byrde \/ NTB\n  <\/p>\n<p>Samtidig anerkjenner han at Rosenborgs bortestatistikk i \u00e5r ikke er god nok.<\/p>\n<p>\u2013 Vi har rett og slett ikke v\u00e6rt solide nok defensivt i mange av bortekampene, sier han \u00e6rlig.<\/p>\n<p>  <a href=\"https:\/\/www.nidaros.no\/5-113-778015\" class=\"related-teaser has-image default-story-teaser article--c-eRUmMG article--c-eRUmMG-jKCPdD-design-default\" rel=\"nofollow noopener\" target=\"_blank\"><\/p>\n<p>    <img decoding=\"async\" loading=\"lazy\"  src=\"https:\/\/www.europesays.com\/no\/wp-content\/uploads\/2025\/10\/20251017_113546.jpg\" alt=\"\" class=\"brick-c-cFOWSL\" style=\"\"\/><\/p>\n<p>\n            Les ogs\u00e5<\/p>\n<p>              17-\u00e5ringen venter p\u00e5 RBK-trenerens signal: \u2013 N\u00e5 er han ganske n\u00e6r\n        <\/p>\n<p>  <\/a><br \/>\n  Motivert spillergruppe som vil sl\u00e5 tilbake<\/p>\n<p>Etter to strake tap mot HamKam og Sarpsborg 08 f\u00f8r landslagspausen h\u00e5per svensken \u00e5 se et mer stabilt Rosenborg-lag igjen n\u00e5r de er i gang igjen p\u00e5 J\u00e6ren.<\/p>\n<p>\u2013 Jeg synes Sarpsborg-kampen var et steg fram. HamKam-bortekampen var fryktelig svak, men mot Sarpsborg s\u00e5 jeg et lag som lignet mer p\u00e5 oss selv. Vi var bare for dumme i noen avgj\u00f8rende situasjoner, og det straffer seg.<\/p>\n<p>   <img decoding=\"async\" width=\"4501\" height=\"3001\" fetchpriority=\"low\"  loading=\"lazy\"  src=\"https:\/\/www.europesays.com\/no\/wp-content\/uploads\/2025\/10\/NTB_2IcyJqs9WKA.jpg\" alt=\"Trondheim 20251005. &#10;Rosenborg spillere er lei seg etter \u00e5 tapt kampen mot Sarpsborg 08 med 3-2. Eliteseriekampen i fotball mellom Rosenborg og Sarpsborg 08 p\u00e5 Lerkendal stadion.&#10;Foto: Ole Martin Wold \/ NTB\" class=\"brick-c-cFOWSL\" style=\"--brick-image-ratio: 4501 \/ 3001;\"\/><\/p>\n<p>    Det var en tydelig skuffet Emil Ceide etter 2-3 tapet mot Sarpsborg 08 sist.<br \/>\n    Foto: Ole Martin Wold \/ NTB\n  <\/p>\n<p>Til tross for en tung periode, er Johansson tydelig p\u00e5 \u00e9n ting, og det er at motivasjonen i troppen er fortsatt h\u00f8y.<\/p>\n<p>\u2013 Er spillergruppa motivert?<\/p>\n<p>\u2013 100 prosent. Jeg opplever at guttene er motiverte, b\u00e5de i samtaler og p\u00e5 trening. Vi hadde s\u00e5 klart \u00f8nsket \u00e5 v\u00e6re lenger framme, men vi m\u00e5 f\u00e5 litt stabilitet. Vi trenger kampminutter og treningstid sammen uten suspensjoner og skader, s\u00e5 vi f\u00e5r satt sammen den nye gjengen. Alle er motiverte for \u00e5 gj\u00f8re sitt beste for Rosenborg, sier han.<\/p>\n<p>  <a href=\"https:\/\/www.nidaros.no\/5-113-778034\" class=\"related-teaser has-image default-story-teaser article--c-eRUmMG article--c-eRUmMG-jKCPdD-design-default\" rel=\"nofollow noopener\" target=\"_blank\"><\/p>\n<p>    <img decoding=\"async\" loading=\"lazy\"  src=\"https:\/\/www.europesays.com\/no\/wp-content\/uploads\/2025\/10\/NTB_bonxv1h6leE.jpg\" alt=\"\" class=\"brick-c-cFOWSL\" style=\"\"\/><\/p>\n<p>\n            Les ogs\u00e5<\/p>\n<p>              RBK-spilleren er endelig tilbake: \u2013 Har v\u00e6rt j\u00e6vlig kjedelig\n        <\/p>\n<p>  <\/a><\/p>\n<p>  <a href=\"https:\/\/www.nidaros.no\/5-113-778091\" class=\"related-teaser has-image default-story-teaser article--c-eRUmMG article--c-eRUmMG-jKCPdD-design-default\" rel=\"nofollow noopener\" target=\"_blank\"><\/p>\n<p>    <img decoding=\"async\" loading=\"lazy\"  src=\"https:\/\/www.europesays.com\/no\/wp-content\/uploads\/2025\/10\/NTB_StecjVjvvPM.jpg\" alt=\"\" class=\"brick-c-cFOWSL\" style=\"\"\/><\/p>\n<p>\n            Les ogs\u00e5<\/p>\n<p>              RBK-quiz: Hvem ga han RBK-debuten?\n        <\/p>\n<p>  <\/a><\/p>\n<p>  <a href=\"https:\/\/www.nidaros.no\/5-113-777213\" class=\"related-teaser has-image default-story-teaser article--c-eRUmMG article--c-eRUmMG-jKCPdD-design-default\" rel=\"nofollow noopener\" target=\"_blank\"><\/p>\n<p>    <img decoding=\"async\" loading=\"lazy\"  src=\"https:\/\/www.europesays.com\/no\/wp-content\/uploads\/2025\/10\/1760800754_688_NTB_Xt61sAok3Dc.jpg\" alt=\"\" class=\"brick-c-cFOWSL\" style=\"\"\/><\/p>\n<p>\n            Les ogs\u00e5<\/p>\n<p>              RBK-treneren: \u2013 Kjempespennende, og sikkert minst like spennende for dere\n        <\/p>\n<p>  <\/a><\/p>\n","protected":false},"excerpt":{"rendered":"\u2013 De er jo et lag som er gode p\u00e5 hjemmebane. De er veldig klare i spillestilen. Det&hellip;\n","protected":false},"author":2,"featured_media":63839,"comment_status":"","ping_status":"","sticky":false,"template":"","format":"standard","meta":{"footnotes":""},"categories":[59],"tags":[36,92,6865,30,28,29,83,82,1510],"class_list":{"0":"post-63838","1":"post","2":"type-post","3":"status-publish","4":"format-standard","5":"has-post-thumbnail","7":"category-sport","8":"tag-art","9":"tag-fotball","10":"tag-kamp","11":"tag-no","12":"tag-norge","13":"tag-norway","14":"tag-sport","15":"tag-sports","16":"tag-story"},"share_on_mastodon":{"url":"","error":""},"_links":{"self":[{"href":"https:\/\/www.europesays.com\/no\/wp-json\/wp\/v2\/posts\/63838","targetHints":{"allow":["GET"]}}],"collection":[{"href":"https:\/\/www.europesays.com\/no\/wp-json\/wp\/v2\/posts"}],"about":[{"href":"https:\/\/www.europesays.com\/no\/wp-json\/wp\/v2\/types\/post"}],"author":[{"embeddable":true,"href":"https:\/\/www.europesays.com\/no\/wp-json\/wp\/v2\/users\/2"}],"replies":[{"embeddable":true,"href":"https:\/\/www.europesays.com\/no\/wp-json\/wp\/v2\/comments?post=63838"}],"version-history":[{"count":0,"href":"https:\/\/www.europesays.com\/no\/wp-json\/wp\/v2\/posts\/63838\/revisions"}],"wp:featuredmedia":[{"embeddable":true,"href":"https:\/\/www.europesays.com\/no\/wp-json\/wp\/v2\/media\/63839"}],"wp:attachment":[{"href":"https:\/\/www.europesays.com\/no\/wp-json\/wp\/v2\/media?parent=63838"}],"wp:term":[{"taxonomy":"category","embeddable":true,"href":"https:\/\/www.europesays.com\/no\/wp-json\/wp\/v2\/categories?post=63838"},{"taxonomy":"post_tag","embeddable":true,"href":"https:\/\/www.europesays.com\/no\/wp-json\/wp\/v2\/tags?post=63838"}],"curies":[{"name":"wp","href":"https:\/\/api.w.org\/{rel}","templated":true}]}}