{"id":63844,"date":"2025-10-18T15:33:11","date_gmt":"2025-10-18T15:33:11","guid":{"rendered":"https:\/\/www.europesays.com\/no\/63844\/"},"modified":"2025-10-18T15:33:11","modified_gmt":"2025-10-18T15:33:11","slug":"roy-jacobsen-er-dod","status":"publish","type":"post","link":"https:\/\/www.europesays.com\/no\/63844\/","title":{"rendered":"Roy Jacobsen er d\u00f8d"},"content":{"rendered":"<p>&#8211; Norsk litteratur har mistet en av v\u00e5re aller st\u00f8rste, sier statsminister Jonas Gahr St\u00f8re til Dagbladet.\u00a0<\/p>\n<p>Forfatter Roy Jacobsen har g\u00e5tt bort i en alder av 70. Det bekrefter Cappelen Damm til Dagbladet.<\/p>\n<p>Forlaget skriver i en pressemelding at Jacobsen i september gikk gjennom den siste av tre vellykkede operasjoner i 2025.<\/p>\n<p>&#8211; Like etter den siste operasjonen fikk han lungesvikt, som han kjempet mot i flere uker, men dessverre ikke klarte \u00e5 overvinne, skriver forlaget.\u00a0\u00a0<\/p>\n<p>Forfatteren etterlater seg kone, to barn og sju barnebarn.\u00a0<\/p>\n<p>&#8211; Familien vil rette en stor takk til alle de fantastiske menneskene p\u00e5 Rikshospitalet for deres enorme innsats og engasjement for Roy, fra start til aller siste slutt, skriver forlaget.\u00a0<\/p>\n<p>70-\u00e5ringen ga ut over 25 b\u00f8ker i l\u00f8pet av sin lange karriere. Blant dem vel mottatte b\u00f8ker som\u00a0\u00abDe Usynlige\u00bb og\u00a0\u00abDe uverdige\u00bb. F\u00f8rstnevnte var den f\u00f8rste boka i Jacobsens popul\u00e6re serie om livet p\u00e5 Barr\u00f8y.\u00a0<\/p>\n<p> &#8211;\u00a0I dag har vi mistet en stor forfatter og en n\u00e6r venn av forlaget. Roy var en historieforteller av de sjeldne, en uts\u00f8kt stilist, enormt kunnskapsrik og med et hjerte for de oversette og glemte sider ved v\u00e5r historie, sier\u00a0 John Erik Riley, redaksjonssjef for norsk skj\u00f8nnlitteratur.\u00a0\u00a0<\/p>\n<p>          <img loading=\"lazy\" decoding=\"async\" src=\"https:\/\/www.europesays.com\/no\/wp-content\/uploads\/2025\/10\/83740821.webp\" width=\"980\" height=\"559\" title=\"BLE 70 \u00c5R GAMMEL: Forfatter Roy Jacobsen. Foto: Kristian Ridder-Nielsen \/ Dagbladet\" alt=\"\" class=\"\" style=\"--aspect-ratio-image: 1.75; \"\/><\/p>\n<p>\n          BLE 70 \u00c5R GAMMEL: Forfatter Roy Jacobsen. Foto: Kristian Ridder-Nielsen \/ Dagbladet\n      <\/p>\n<p>&#8211; Vi er i sorg\t<\/p>\n<p>Riley legger s\u00e6rlig vekt p\u00e5 forfatterens \u00abgl\u00f8dende interesse for Nord-Norge, som han skrev s\u00e5 varmt og detaljert om, blant annet i\u00a0\u00abSeierherrene\u00bb\u00a0og i b\u00f8kene fra Barr\u00f8y\u00bb.<\/p>\n<p>&#8211; Disse romanene, som n\u00e5dde hundretusener, er en fryd \u00e5 lese. Men de er ogs\u00e5 sammensatte og intrikate, fulle av formuleringer som forfatteren hadde veid og vurdert utallige ganger. Internasjonalt har han en h\u00f8y stjerne, sier redaksjonssjefen videre.\u00a0<\/p>\n<p>For forlaget var Jacobsen \u00aben samtalepartner og en god venn, en som kom med bokanbefalinger, likte uenighet og en god diskusjon, ofte sendte meldinger fra sine mange reiser og var herlig \u00e5 snakke med og le sammen med\u00bb, skriver Riley.\u00a0<\/p>\n<p>&#8211; Hvilket tap dette er for Cappelen Damm lar seg knapt beskrive. Vi er i sorg. Men tapet for familien og de n\u00e6rmeste er st\u00f8rst. Vi sender v\u00e5re varmeste tanker til kona Anneliese, som Roy skrev boken\u00a0\u00abMannen som elsket Sibir\u00bb\u00a0sammen med. Tankene g\u00e5r ogs\u00e5 til barna Maria og Daniel, barnebarna, og resten av familien.<\/p>\n<p>          <img loading=\"lazy\" decoding=\"async\" src=\"https:\/\/www.europesays.com\/no\/wp-content\/uploads\/2025\/10\/83740937.webp\" width=\"980\" height=\"559\" title=\"PREGET: - Det er et stort, stort tomrom og gap som st\u00e5r igjen, som vi egentlig bare kan fylle med de fabelaktige b\u00f8kene han har skrevet, sier forfatterkollega Lars Saabye Christensen. Foto: Kristian Ridder-Nielsen \/ Dagbladet\" alt=\"\" class=\"\" style=\"--aspect-ratio-image: 1.75; \"\/><\/p>\n<p>\n          PREGET: &#8211; Det er et stort, stort tomrom og gap som st\u00e5r igjen, som vi egentlig bare kan fylle med de fabelaktige b\u00f8kene han har skrevet, sier forfatterkollega Lars Saabye Christensen. Foto: Kristian Ridder-Nielsen \/ Dagbladet\n      <\/p>\n<p>&#8211; Tung dag\t<\/p>\n<p class=\"font-weight-bold m-font-weight-bold\" data-lab-font_weight=\"font-weight-bold\">&#8211; Det er en voldsomt tung dag, for familien hans og vennene hans &#8211; og norsk litteratur og leserne ikke minst.<\/p>\n<p>Det sier en sterkt preget Lars Saabye Christensen til Dagbladet.<\/p>\n<p>&#8211; Det er et stort, stort tomrom og gap som st\u00e5r igjen, som vi egentlig bare kan fylle med de fabelaktige b\u00f8kene han har skrevet, sier Christensen og forteller at han allerede kjenner p\u00e5 et stort savn.<\/p>\n<p>Han kan fortelle at de to har fulgt hverandre gjennom hele sine forfatterliv, og de har reist mye sammen i embets medf\u00f8r.<\/p>\n<p>&#8211; Han har alltid v\u00e6rt der, s\u00e5 n\u00e5 ligner det en vegg som ramler ut, og det bl\u00e5ser veldig kaldt akkurat n\u00e5. Et veldig, veldig stort savn, personlig og for litteraturen v\u00e5r.<\/p>\n<p>&#8211; En ruvende forteller\t<\/p>\n<p>Kultur- og likestillingsminister Lubna Jaffery sier til Dagbladet at hun sender\u00a0tanker til Jacobsens n\u00e6rmeste.\u00a0<\/p>\n<p>&#8211; Dette var veldig triste nyheter, sier hun.\u00a0<\/p>\n<p>&#8211; Roy Jacobsen klarte \u00e5 fange essensen av fortellingen om Norge. Selv om den store bredden i hans forfatterskap gjorde ham til en kj\u00e6r forfatter for mange, b\u00e5de i inn- og utland, var han f\u00f8rst og fremst arbeidsfolkets forfatter, enten de befinner seg i Groruddalen eller langs kysten v\u00e5r. Han var ogs\u00e5 en mangefasettert kunstner som ogs\u00e5 har bidratt p\u00e5 andre omr\u00e5der i norsk kulturliv.<\/p>\n<p>Forfatterkollega Anne Holt minnes Jacobsen i et innlegg p\u00e5 Facebook.\u00a0<\/p>\n<p>&#8211; Norge har mistet en ruvende forteller. Cappelen Damm har mistet en av sine beste forfattere. Leserne har mistet ham ogs\u00e5, men st\u00e5r igjen med en skattekiste av litteratur, skriver Holt &#8211; og fortsetter:\u00a0<\/p>\n<p>&#8211; Et menneske av format har g\u00e5tt bort, og vi s\u00f8rger mens de varmeste tanker g\u00e5r til Roys familie. <\/p>\n<p>    <a itemprop=\"url\" href=\"https:\/\/www.dagbladet.no\/bok\/spennende-som-en-thriller\/77301324\" rel=\"nofollow noopener\" target=\"_blank\"><\/p>\n<p>      <img loading=\"lazy\" decoding=\"async\" src=\"https:\/\/www.europesays.com\/no\/wp-content\/uploads\/2025\/10\/77301358.webp\" width=\"980\" height=\"441\" title=\"Spennende som en thriller\" alt=\"\" class=\"lazyload\" style=\"--aspect-ratio-image: 2.22; \"\/><\/p>\n<p>        Spennende som en thriller<\/p>\n<p>    <\/a><\/p>\n<p>&#8211; Fantastisk venn\t<\/p>\n<p>Forfatter Tom Egeland beskriver Jacobsen som en \u00abfantastisk forfatter, en forteller av de sjeldne, og ogs\u00e5 en god kollega det alltid var hyggelig \u00e5 m\u00f8te i nabolaget\u00bb i et innlegg p\u00e5 Facebook.\u00a0<\/p>\n<p>Gert Nyg\u00e5rdshaug sier til Dagbladet at Roy Jacobsen var en \u00abfantastisk god venn og kollega\u00bb. Forfatterkollegaen beskriver nyheten som tragisk. <\/p>\n<p>Han setter stor pris p\u00e5 forfatterskapet hans, og har lest alle b\u00f8kene, forteller han.\u00a0<\/p>\n<p>&#8211; Vi har kjent hverandre i mange \u00e5r, og lett veldig godt av mange vitser sammen, sier Nyg\u00e5rdshaug, og forteller om et av de f\u00f8rste m\u00f8tene for de to vennene:<\/p>\n<p>De var p\u00e5 forfatterforeningens \u00e5rsm\u00f8te, forteller han. Begge to var ganske unge.\u00a0<\/p>\n<p>&#8211; Vi satt p\u00e5 bakerste benk, og fors\u00f8kte \u00e5 f\u00f8lge med, men s\u00e5 begynte vi \u00e5 fortelle vitser.<\/p>\n<p>St\u00f8re: &#8211; Var min venn\t<\/p>\n<p>Nyg\u00e5rdshaug forteller at han fortalte vitsen om en nordmann som syklet over svenskegrensa hver dag, og returnerte med en kasse med sand bakp\u00e5 sykkelen.<\/p>\n<p>Mannen ble stoppet av tollerne, som hver gang rotet gjennom sanden, uten \u00e5 finne noe. Til slutt klarte ikke tollerne \u00e5 dy seg og spurte: Hva er det du smugler? Da svarte mannen: jeg smugler sykler.<\/p>\n<p>&#8211; Da lo Roy s\u00e5 godt at han falt av stolen, sier\u00a0Nyg\u00e5rdshaug.\u00a0<\/p>\n<p class=\"font-weight-bold m-font-weight-bold\" data-lab-font_weight=\"font-weight-bold\">Statsminister Jonas Gahr St\u00f8re sier i en uttalelse til Dagbladet at han har mottatt budskapet om at Jacobsen har g\u00e5tt bort med sorg.\u00a0<\/p>\n<p>&#8211; Roy Jacobsen var en av de store fortellerne i norsk litteratur. I b\u00f8kene hans finner vi kysten, arbeiderklassen, krigen &#8211; men fremfor alt mennesket. Han satte ord p\u00e5 det norske livet og landskapet med \u00e6rlighet, innsikt og et modig blikk, sier statsministeren i en melding til pressen.<\/p>\n<p>Forfatteren \u00abetterlater seg et rikt og variert forfatterskap som var b\u00e5de dypt norsk og dypt menneskelig\u00bb.<\/p>\n<p>&#8211; B\u00f8kene hans vil fortsette \u00e5 ber\u00f8re oss i \u00e5rene som kommer, skriver St\u00f8re, og fortsetter:\u00a0<\/p>\n<p data-lab-font_weight=\"font-weight-bold\" class=\"font-weight-bold m-font-weight-bold\">&#8211; Roy Jacobsen var ogs\u00e5 min venn. Jeg vil savne hans omtanke, \u00e6rlighet og klare tale med ris og ros uten filter. Jeg vil savne ham, avslutter St\u00f8re.<\/p>\n<p>          <img loading=\"lazy\" decoding=\"async\" src=\"https:\/\/www.europesays.com\/no\/wp-content\/uploads\/2025\/10\/83740935.webp\" width=\"980\" height=\"559\" title=\"HJEMME: Forfatteren avbildet i 2017. Foto: Lars Eivind Bones \/ Dagbladet\" alt=\"\" class=\"\" style=\"--aspect-ratio-image: 1.75; \"\/><\/p>\n<p>\n          HJEMME: Forfatteren avbildet i 2017. Foto: Lars Eivind Bones \/ Dagbladet\n      <\/p>\n<p> Prisbel\u00f8nnet \t<\/p>\n<p>&#8211; Det er et forferdelig tap, f\u00f8rst og fremst for familien og vennene hans &#8211; han var en usedvanlig vennekj\u00e6r og n\u00e6r mann, men ogs\u00e5 for norsk litteratur.\u00a0<\/p>\n<p>Det sier forlegger og forfatter Anders Heger til Dagbladet.\u00a0<\/p>\n<p>&#8211; Han var en fyr som preget en hel generasjon norske forfattere, b\u00e5de personlig og med sin litteratur. Helt siden han tr\u00e5dte fram p\u00e5 den litter\u00e6re scenen har han v\u00e6rt en helt spesiell stemme, som har gjort hele litteraturen fra den generasjonen rikere og mer mangfoldig med sitt enorme krav til kvalitet, sier Heger &#8211; og fortsetter:\u00a0\u00a0<\/p>\n<p>&#8211; De fleste vil nok huske han for \u00abSeierherrene\u00bb, men han l\u00f8ftet hele forfatterskapet sitt p\u00e5 slutten enda et hakk med Barr\u00f8y-b\u00f8kene.<\/p>\n<p>Under begravelsen til Ingvar Ambj\u00f8rnsen snakket Jacobsen om sykdom og hjerteproblemer overfor <a href=\"https:\/\/www.vg.no\/rampelys\/i\/B08Wbw\/roy-jacobsen-vaaknet-opp-paa-sykehuset-da-var-bestevennen-ingvar-ambjoernsen-doed\" rel=\"nofollow noopener\" target=\"_blank\">VG<\/a>.<\/p>\n<p>&#8211;\u00a0Ingvar ringte meg bare dager f\u00f8r han d\u00f8de &#8211; og han innledet med: \u00abHei Roy, jeg ligger for d\u00f8den\u00bb, fortalte han avisa.<\/p>\n<p>&#8211; I lige m\u00e5te, svarte jeg da, sa Jacobsen til VG. <\/p>\n<p>Sammenlikner med Hamsun\t<\/p>\n<p>Jacobsens siste bok,\u00a0\u00abDe uverdige\u00bb fra 2022, fikk terningkast <a href=\"https:\/\/www.dagbladet.no\/bok\/spennende-som-en-thriller\/77301324\" rel=\"nofollow noopener\" target=\"_blank\">fem av Dagbladets anmelder<\/a>.\u00a0<\/p>\n<p>Jacobsen debuterte med \u00abFangeliv\u00bb i 1982. Han mottok Tarjei Vesaas&#8217; debutantpris for novellesamlingen.\u00a0<\/p>\n<p>Han ble ogs\u00e5 tildelt Kritikerprisen, Ungdommens Kritikerpris, Riksm\u00e5lsprisen, Bokhandlerprisen, Gyldendalprisen, og ble to ganger nominert til Nordisk R\u00e5ds Litteraturpris <\/p>\n<p>I 2023 ble Jacobsen utnevnt til kommand\u00f8r av St. Olavs Orden.<\/p>\n<p>&#8211; Dette er fryktelig trist. I festsskriftet \u00abTil Roy\u00bb, som kom i forbindelse med hans 60-\u00e5rsdag, omtalte jeg ham uten overdrivelse som en dikter av Guds n\u00e5de.<\/p>\n<p>Det sier Dagbladets bokanmelder\u00a0Cathrine Kr\u00f8ger.\u00a0<\/p>\n<p>&#8211; Ved siden av \u00e5 v\u00e6re en suveren romanforfatter, hadde han s\u00e5 mye poesi i seg &#8211; og formulerte nordmenns slit og skrale eksistensvilk\u00e5r p\u00e5 en m\u00e5te bare Hamsun gjorde f\u00f8r ham.\u00a0<\/p>\n<p>Hun anbefaler alle \u00e5 lese eller gjenlese \u00abHoggerne\u00bb og \u00abden helt vidunderlige &#8216;De usynlige&#8217;\u00bb. <\/p>\n","protected":false},"excerpt":{"rendered":"&#8211; Norsk litteratur har mistet en av v\u00e5re aller st\u00f8rste, sier statsminister Jonas Gahr St\u00f8re til Dagbladet.\u00a0 Forfatter&hellip;\n","protected":false},"author":2,"featured_media":63845,"comment_status":"","ping_status":"","sticky":false,"template":"","format":"standard","meta":{"footnotes":""},"categories":[5],"tags":[150,8110,20,21,24,25,15,19,22,23,17,18,13,30,28,29,14,16,516,26,27],"class_list":{"0":"post-63844","1":"post","2":"type-post","3":"status-publish","4":"format-standard","5":"has-post-thumbnail","7":"category-overskrifter","8":"tag-bok","9":"tag-boknyhet","10":"tag-breaking-news","11":"tag-breakingnews","12":"tag-featured-news","13":"tag-featurednews","14":"tag-headlines","15":"tag-hovedoppslag","16":"tag-latest-news","17":"tag-latestnews","18":"tag-main-news","19":"tag-mainnews","20":"tag-news","21":"tag-no","22":"tag-norge","23":"tag-norway","24":"tag-nyheter","25":"tag-overskrifter","26":"tag-roy-jacobsen","27":"tag-top-stories","28":"tag-topstories"},"share_on_mastodon":{"url":"","error":""},"_links":{"self":[{"href":"https:\/\/www.europesays.com\/no\/wp-json\/wp\/v2\/posts\/63844","targetHints":{"allow":["GET"]}}],"collection":[{"href":"https:\/\/www.europesays.com\/no\/wp-json\/wp\/v2\/posts"}],"about":[{"href":"https:\/\/www.europesays.com\/no\/wp-json\/wp\/v2\/types\/post"}],"author":[{"embeddable":true,"href":"https:\/\/www.europesays.com\/no\/wp-json\/wp\/v2\/users\/2"}],"replies":[{"embeddable":true,"href":"https:\/\/www.europesays.com\/no\/wp-json\/wp\/v2\/comments?post=63844"}],"version-history":[{"count":0,"href":"https:\/\/www.europesays.com\/no\/wp-json\/wp\/v2\/posts\/63844\/revisions"}],"wp:featuredmedia":[{"embeddable":true,"href":"https:\/\/www.europesays.com\/no\/wp-json\/wp\/v2\/media\/63845"}],"wp:attachment":[{"href":"https:\/\/www.europesays.com\/no\/wp-json\/wp\/v2\/media?parent=63844"}],"wp:term":[{"taxonomy":"category","embeddable":true,"href":"https:\/\/www.europesays.com\/no\/wp-json\/wp\/v2\/categories?post=63844"},{"taxonomy":"post_tag","embeddable":true,"href":"https:\/\/www.europesays.com\/no\/wp-json\/wp\/v2\/tags?post=63844"}],"curies":[{"name":"wp","href":"https:\/\/api.w.org\/{rel}","templated":true}]}}