{"id":63857,"date":"2025-10-18T15:49:17","date_gmt":"2025-10-18T15:49:17","guid":{"rendered":"https:\/\/www.europesays.com\/no\/63857\/"},"modified":"2025-10-18T15:49:17","modified_gmt":"2025-10-18T15:49:17","slug":"fra-salen-har-egor-filipenko-krystallklare-meninger-om-hva-han-savner-i-arets-skal-vi-danse","status":"publish","type":"post","link":"https:\/\/www.europesays.com\/no\/63857\/","title":{"rendered":"Fra salen har Egor Filipenko krystallklare meninger om hva han savner i \u00e5rets \u00abSkal vi danse\u00bb"},"content":{"rendered":"<p class=\"kicker \" style=\"\">\u00abSkal vi danse\u00bb:\u00a0<\/p>\n<p>  Fra salen har Egor Filipenko krystallklare meninger om hva han savner i \u00e5rets l\u00f8rdagssuksess.\u00a0<\/p>\n<p>\n    PROFFDANSER: Egor Filipenko har v\u00e6rt en del av \u00abSkal vi danse\u00bb-universet i mange \u00e5r. Foto: Espen Solli\n  <\/p>\n<p>    Kort fortalt<\/p>\n<ul lang=\"nb-NO\">\n<li>Egor Filipenko, tidligere dommer i \u00abSkal vi danse\u00bb, reflekterer over sin tid i programmet.<\/li>\n<li>Han har skadet kroppen sin og har lagt danseskoene p\u00e5 hylla, men \u00f8nsker \u00e5 returnere som dommer.<\/li>\n<li>Filipenko mener det nye dommerpanelet er spennende, men etterlyser mer samarbeid og dynamikk.<\/li>\n<li>Han oppfordrer til \u00e6rlige tilbakemeldinger og mer action for \u00e5 finne magien i programmet igjen.<\/li>\n<\/ul>\n<p class=\"italic ai-disclaimer\" data-lab-italic=\"italic\">Sammendraget er laget av ChatGPT og godkjent av Dagbladet.<\/p>\n<p>      Vis mer<br \/>\n      Vis mindre<\/p>\n<p>I 15 \u00e5r var\u00a0<a href=\"https:\/\/www.dagbladet.no\/kjendis\/vaknet-opp-pa-glattcelle\/82564678\" rel=\"nofollow noopener\" target=\"_blank\">Egor Filipenko (37)<\/a> sin hverdag fylt av paljetter og dans, som b\u00e5de proffdanser og dommer i <a href=\"https:\/\/www.dagbladet.no\/kjendis\/holder-det-hemmelig\/83730218\" rel=\"nofollow noopener\" target=\"_blank\">\u00abSkal vi danse\u00bb<\/a>.\u00a0<\/p>\n<p>Han har svingt seg p\u00e5 parketten med kjendiser som Katrine Moholt (52), Hanne S\u00f8rvaag (45) og Agnete Saba (31), og gitt poeng til deltakerne fra dommerbordet i flere \u00e5r, fra 2015 til 2020.\u00a0<\/p>\n<p>    <a itemprop=\"url\" href=\"https:\/\/www.dagbladet.no\/kjendis\/holder-det-hemmelig\/83730218\" rel=\"nofollow noopener\" target=\"_blank\"><\/p>\n<p>      <img loading=\"lazy\" decoding=\"async\" src=\"https:\/\/www.europesays.com\/no\/wp-content\/uploads\/2025\/10\/1760802550_849_83730711.webp\" width=\"147\" height=\"98\" title=\"Holder det hemmelig\" alt=\"\" class=\"lazyload\" style=\"--aspect-ratio-image: 1.50; \"\/><\/p>\n<p>        Holder det hemmelig<\/p>\n<p>    <\/a><\/p>\n<p>Sist Filipenko var \u00e5 se i programmet var i 2022. Den gang var han proffdanser i \u00abAll Stars\u00bb-sesongen, men endte opp med \u00e5<a href=\"https:\/\/www.dagbladet.no\/kjendis\/trekker-seg\/77238783\" rel=\"nofollow noopener\" target=\"_blank\"> trekke seg\u00a0p\u00e5 grunn av nakkeprolaps<\/a>.<\/p>\n<p>N\u00e5 sitter 37-\u00e5ringen og f\u00f8lger med fra sidelinjen, og n\u00e5r Dagbladet sl\u00e5r p\u00e5 tr\u00e5den til den tidligere dommeren forteller han at han var p\u00e5 plass i salen under andre sending.\u00a0<\/p>\n<p>        HET KONKURRENT: Det er ikke bare seerne som har latt seg imponere av Danby Chois hofter og sexy blikk p\u00e5 \u00abSkal vi danse\u00bb-premieren. Video: Sanne Holt\/ Kine Falch\/ R\u00f8d L\u00f8per\/ TV 2<\/p>\n<p>&#8211; Kommer gjerne tilbake\t<\/p>\n<p>P\u00e5 sp\u00f8rsm\u00e5l om han savner \u00e5 v\u00e6re en del av \u00abSkal vi danse\u00bb-universet, svarer han f\u00f8lgende:\u00a0<\/p>\n<p class=\"font-weight-bold m-font-weight-bold\" data-lab-font_weight=\"font-weight-bold\">&#8211; Jeg har skadet kroppen min s\u00e5 mye, s\u00e5 for dansen sin del legger jeg nok skoene p\u00e5 hylla. Men som dommer kommer jeg gjerne tilbake.\u00a0<\/p>\n<p>          <img loading=\"lazy\" decoding=\"async\" src=\"https:\/\/www.europesays.com\/no\/wp-content\/uploads\/2025\/10\/83737098.webp\" width=\"686\" height=\"529\" title=\"2014: Agnete Saba og Egor Filipenko stakk av med seieren for elleve \u00e5r siden. Foto: Fredrik Varfjell \/ NTB\" alt=\"\" class=\"\" style=\"--aspect-ratio-image: 1.30; \"\/><\/p>\n<p>\n          2014: Agnete Saba og Egor Filipenko stakk av med seieren for elleve \u00e5r siden. Foto: Fredrik Varfjell \/ NTB\n      <\/p>\n<p>&#8211; Jeg elsker konseptet, og n\u00e5r jeg er der dukker det opp mange minner fra da konseptet var nytt og ferskt &#8211; det var en helt annen epoke.\u00a0<\/p>\n<p>Gjennom programmets 20 sesonger har dommerpanelet blitt endret flere ganger. I \u00e5r best\u00e5r det av <a href=\"https:\/\/www.dagbladet.no\/kjendis\/her-er-dommerne\/83270249\" rel=\"nofollow noopener\" target=\"_blank\">Merete M\u00f8rk Lingj\u00e6rde (63), Nadya\u00a0Khamitskaya Andersen (42), Jan Thomas (58) og Cengiz Al (28)<\/a>.\u00a0<\/p>\n<p>          <img loading=\"lazy\" decoding=\"async\" src=\"https:\/\/www.europesays.com\/no\/wp-content\/uploads\/2025\/10\/83737141.webp\" width=\"686\" height=\"494\" title=\"DOMMERPANEL: Nadya Khamitskaya, Jan Thomas, Merete Lingj\u00e6rde og Cengiz Al er \u00e5rets dommerene. Foto: Thomas Andersen \/ TV 2\" alt=\"\" class=\"\" style=\"--aspect-ratio-image: 1.39; \"\/><\/p>\n<p>\n          DOMMERPANEL: Nadya Khamitskaya, Jan Thomas, Merete Lingj\u00e6rde og Cengiz Al er \u00e5rets dommerene. Foto: Thomas Andersen \/ TV 2\n      <\/p>\n<p>&#8211; \u00abSkal vi danse\u00bb skal v\u00e6re g\u00f8y, og jeg tenker ut fra det at det er et utrolig spennende dommerpanel i \u00e5r, sier Filipenko.\u00a0<\/p>\n<p>De to sistnevnte dommerne har ikke formell danseutdanning, men det ser ikke 37-\u00e5ringen som noe problem for at de skal kunne bed\u00f8mme dans.<\/p>\n<p>          <img loading=\"lazy\" decoding=\"async\" src=\"https:\/\/www.europesays.com\/no\/wp-content\/uploads\/2025\/10\/83737097.webp\" width=\"686\" height=\"515\" title=\"2012: Hanne S\u00f8rvaag og Egor Filipenko vant \u00abSkal vi danse\u00bb i 2012. Foto: Stian Lysberg Solum\/NTB\" alt=\"\" class=\"\" style=\"--aspect-ratio-image: 1.33; \"\/><\/p>\n<p>\n          2012: Hanne S\u00f8rvaag og Egor Filipenko vant \u00abSkal vi danse\u00bb i 2012. Foto: Stian Lysberg Solum\/NTB\n      <\/p>\n<p>          <img loading=\"lazy\" decoding=\"async\" src=\"https:\/\/www.europesays.com\/no\/wp-content\/uploads\/2025\/10\/83737150.webp\" width=\"686\" height=\"529\" title=\"DUKKET OPP: Egor FIlipenko har v\u00e6rt p\u00e5 plass i salen i \u00e5r. Foto: Andreas Fadum\/Se og H\u00f8r\" alt=\"\" class=\"\" style=\"--aspect-ratio-image: 1.30; \"\/><\/p>\n<p>\n          DUKKET OPP: Egor FIlipenko har v\u00e6rt p\u00e5 plass i salen i \u00e5r. Foto: Andreas Fadum\/Se og H\u00f8r\n      <\/p>\n<p class=\"font-weight-bold m-font-weight-bold\" data-lab-font_weight=\"font-weight-bold\">&#8211; Det er 20 sesonger n\u00e5 &#8211; det handler om \u00e5 finne magien p\u00e5 nytt. Folk vil alltid klage, det vil alltid v\u00e6re delte meninger.\u00a0<\/p>\n<p>&#8211; Ikke f\u00e5tt sjansen\t<\/p>\n<p>&#8211; Cengiz er ikke sportsdanser, men har drevet med b\u00e5de jazz og hiphop-danser fra sin karriere. Jan Thomas ser p\u00e5 dans p\u00e5 sin egen m\u00e5te, noe som jeg tror er kult for publikum. Han har v\u00e6rt p\u00e5 masse TV-produksjoner, s\u00e5 jeg synes kombinasjonen i dommerpanelet er meget bra.<\/p>\n<p>        SKUESPILLER: \u00abSkal vi danse\u00bb-aktuelle Viggo Venn hadde en rolle i en popul\u00e6r TV-serie for flere \u00e5r siden. Video: Nora Skavhaug <\/p>\n<p class=\"font-weight-bold m-font-weight-bold\" data-lab-font_weight=\"font-weight-bold\">Han har derimot et \u00f8nske til hele dommerpanelet:\u00a0<\/p>\n<p>&#8211; De m\u00e5 samarbeide litt mer. De har ikke f\u00e5tt sjansen til \u00e5 vise hva de kan enn\u00e5, sier han og utdyper:\u00a0<\/p>\n<p>&#8211;\u00a0 Hvis jeg skulle kommet tilbake, ville jeg nok skapt enda mer konkurranse &#8211; gjort det mer til en ren dansekonkurranse. Litt hardere, litt mer \u00e6rlig og dynamisk. Noen ganger burde man kunne si: \u00abDette var skikkelig d\u00e5rlig, pr\u00f8v igjen neste gang\u00bb. Det er litt kult med direkte kommentarer, sier Filipenko.<\/p>\n<p>          <img loading=\"lazy\" decoding=\"async\" src=\"https:\/\/www.europesays.com\/no\/wp-content\/uploads\/2025\/10\/83737062.webp\" width=\"686\" height=\"590\" title=\"TRAKK SEG: Under \u00abSkal vi danse: All Stars\u00bb danset Egor med Katrine Moholt. Han var til slutt n\u00f8dt til \u00e5 trekke seg. Foto: Espen Solli\/TV 2\" alt=\"\" class=\"\" style=\"--aspect-ratio-image: 1.16; \"\/><\/p>\n<p>\n          TRAKK SEG: Under \u00abSkal vi danse: All Stars\u00bb danset Egor med Katrine Moholt. Han var til slutt n\u00f8dt til \u00e5 trekke seg. Foto: Espen Solli\/TV 2\n      <\/p>\n<p>Videre etterlyser han mer action, uenighet og fart mellom firkl\u00f8veret. Han p\u00e5peker at dans kan d\u00f8mmes p\u00e5 mange ulike aspekter.\u00a0<\/p>\n<p>          <img loading=\"lazy\" decoding=\"async\" src=\"https:\/\/www.europesays.com\/no\/wp-content\/uploads\/2025\/10\/83737112.webp\" width=\"686\" height=\"467\" title=\"DEN GANG DA: Trine Dehli Cleve, Egor Filipenko, Merete Lingj\u00e6rde og Tore Petterson var dommere i 2016. Foto: Cornelius Poppe\/NTB\" alt=\"\" class=\"\" style=\"--aspect-ratio-image: 1.47; \"\/><\/p>\n<p>\n          DEN GANG DA: Trine Dehli Cleve, Egor Filipenko, Merete Lingj\u00e6rde og Tore Petterson var dommere i 2016. Foto: Cornelius Poppe\/NTB\n      <\/p>\n<p>&#8211; Det kan v\u00e6re vanskelig\u00a0for deltakerne \u00e5 forst\u00e5 at man kan bli d\u00f8mt b\u00e5de teknisk og p\u00e5 andre ting. Det finnes mange parametere \u00e5 vurdere dans ut fra. I det \u00f8yeblikket dommerne begynner \u00e5 diskutere, er det konseptet som vinner. Det m\u00e5 de fortsette \u00e5 dyrke. <\/p>\n<p>    <a itemprop=\"url\" href=\"https:\/\/www.dagbladet.no\/kjendis\/vaknet-opp-pa-glattcelle\/82564678\" rel=\"nofollow noopener\" target=\"_blank\"><\/p>\n<p>      <img loading=\"lazy\" decoding=\"async\" src=\"https:\/\/www.europesays.com\/no\/wp-content\/uploads\/2025\/10\/82566117.webp\" width=\"980\" height=\"441\" title=\"- V\u00e5knet opp p\u00e5 glattcelle\" alt=\"\" class=\"lazyload\" style=\"--aspect-ratio-image: 2.22; \"\/><\/p>\n<p>        &#8211; V\u00e5knet opp p\u00e5 glattcelle<\/p>\n<p>    <\/a><\/p>\n<p>&#8211; De m\u00e5 samkj\u00f8re seg litt og finne hverandres posisjon. De har ikke f\u00e5tt briljere s\u00e5 mye enn\u00e5, det tar litt tid de f\u00f8rste programmene. Men jeg synes det er en veldig fin firkl\u00f8ver med veldig forskjellige mennesker. Det er en kul endring, og jeg krysser fingrene for dem.<\/p>\n<p>        ROMANSE: Modell Brooks Nader setter fyr p\u00e5 romanseryktene rundt dansepartneren. Reporter: Nora Skavhaug. Video: \u00abDancing With the Stars\u00bb\/YouTube, \u00abSkal vi danse\u00bb\/ TV 2, @ashleysdiary7\/TikTok. <\/p>\n<p class=\"italic m-italic\" data-lab-italic=\"italic\"> En av dommerne i \u00abSkal vi danse\u00bb, Nadya Khamitskaya, er gift med konstituert sjefredakt\u00f8r i Dagbladet, Mads A. Andersen. Redakt\u00f8ransvaret blir ivaretatt av andre redakt\u00f8rer i saker hvor Khamitskaya har en fremtredende rolle. <\/p>\n<p class=\"italic m-italic\" data-lab-italic=\"italic\">\u00abSkal vi danse\u00bb sendes p\u00e5 TV 2 hver l\u00f8rdag kveld.\u00a0<\/p>\n","protected":false},"excerpt":{"rendered":"\u00abSkal vi danse\u00bb:\u00a0 Fra salen har Egor Filipenko krystallklare meninger om hva han savner i \u00e5rets l\u00f8rdagssuksess.\u00a0 PROFFDANSER:&hellip;\n","protected":false},"author":2,"featured_media":63858,"comment_status":"","ping_status":"","sticky":false,"template":"","format":"standard","meta":{"footnotes":""},"categories":[58],"tags":[9262,71,479,30,28,29,2280,72],"class_list":{"0":"post-63857","1":"post","2":"type-post","3":"status-publish","4":"format-standard","5":"has-post-thumbnail","7":"category-underholdning","8":"tag-egor-filipenko","9":"tag-entertainment","10":"tag-kjendis","11":"tag-no","12":"tag-norge","13":"tag-norway","14":"tag-skal-vi-danse","15":"tag-underholdning"},"share_on_mastodon":{"url":"","error":""},"_links":{"self":[{"href":"https:\/\/www.europesays.com\/no\/wp-json\/wp\/v2\/posts\/63857","targetHints":{"allow":["GET"]}}],"collection":[{"href":"https:\/\/www.europesays.com\/no\/wp-json\/wp\/v2\/posts"}],"about":[{"href":"https:\/\/www.europesays.com\/no\/wp-json\/wp\/v2\/types\/post"}],"author":[{"embeddable":true,"href":"https:\/\/www.europesays.com\/no\/wp-json\/wp\/v2\/users\/2"}],"replies":[{"embeddable":true,"href":"https:\/\/www.europesays.com\/no\/wp-json\/wp\/v2\/comments?post=63857"}],"version-history":[{"count":0,"href":"https:\/\/www.europesays.com\/no\/wp-json\/wp\/v2\/posts\/63857\/revisions"}],"wp:featuredmedia":[{"embeddable":true,"href":"https:\/\/www.europesays.com\/no\/wp-json\/wp\/v2\/media\/63858"}],"wp:attachment":[{"href":"https:\/\/www.europesays.com\/no\/wp-json\/wp\/v2\/media?parent=63857"}],"wp:term":[{"taxonomy":"category","embeddable":true,"href":"https:\/\/www.europesays.com\/no\/wp-json\/wp\/v2\/categories?post=63857"},{"taxonomy":"post_tag","embeddable":true,"href":"https:\/\/www.europesays.com\/no\/wp-json\/wp\/v2\/tags?post=63857"}],"curies":[{"name":"wp","href":"https:\/\/api.w.org\/{rel}","templated":true}]}}