{"id":63868,"date":"2025-10-18T16:01:43","date_gmt":"2025-10-18T16:01:43","guid":{"rendered":"https:\/\/www.europesays.com\/no\/63868\/"},"modified":"2025-10-18T16:01:43","modified_gmt":"2025-10-18T16:01:43","slug":"tv-2-han-er-rasende","status":"publish","type":"post","link":"https:\/\/www.europesays.com\/no\/63868\/","title":{"rendered":"TV 2: &#8211; Han er rasende"},"content":{"rendered":"<p>  Sarpsborg 08 n\u00e6rmet seg faretruende. Men Bod\u00f8\/Glimt feide all tvil til side og vant 5-2.<\/p>\n<p>\n    REAGERTE: Trener Kjetil Knutsen. Foto: NTB\n  <\/p>\n<ul>\n<li class=\"lab-bodytext-line font-weight-bold m-font-weight-bold\" data-lab-font_weight=\"font-weight-bold\">Sarpsborg 08 &#8211; Bod\u00f8\/Glimt 2-5<\/li>\n<\/ul>\n<p>Bod\u00f8\/Glimt ledet 3-1. S\u00e5 reduserte Sarpsborg 08 til 2-3. Det falt ikke i god jord hos trener Kjetil Knutsen, som eksploderte p\u00e5 sidelinja.<\/p>\n<p>&#8211; Han er rasende der ute, sa TV 2-kommentator Endre Olav Osnes p\u00e5 direkten.<\/p>\n<p>    <a itemprop=\"url\" href=\"https:\/\/www.dagbladet.no\/sport\/bekrefter-slutter\/83726879\" rel=\"nofollow noopener\" target=\"_blank\"><\/p>\n<p>      <img loading=\"lazy\" decoding=\"async\" src=\"https:\/\/www.europesays.com\/no\/wp-content\/uploads\/2025\/10\/83727105.webp\" width=\"980\" height=\"441\" title=\"Bekrefter: Slutter\" alt=\"\" class=\"lazyload\" style=\"--aspect-ratio-image: 2.22; \"\/><\/p>\n<p>        Bekrefter: Slutter<\/p>\n<p>    <\/a><\/p>\n<p>Men deretter gikk det bare oppover for Champions League-laget. Bod\u00f8\/Glimt gikk fra 3-2 til 5-2 og inntok tabelltoppen.<\/p>\n<p>&#8211; Vi gjorde veldig mye bra. Men det ble for \u00e5pent, sier Knutsen til TV 2.\u00a0<\/p>\n<p>&#8211; Det ble for lett \u00e5 skape muligheter p\u00e5 oss. Det var en hockeykamp, dessverre.<\/p>\n<p>          <img loading=\"lazy\" decoding=\"async\" src=\"https:\/\/www.europesays.com\/no\/wp-content\/uploads\/2025\/10\/83740740.webp\" width=\"686\" height=\"453\" title=\"GUL JUBEL: Kasper H\u00f8gh jubler for 5-2-scoringen. Foto: Christoffer Andersen \/ NTB\" alt=\"\" class=\"\" style=\"--aspect-ratio-image: 1.51; \"\/><\/p>\n<p>\n          GUL JUBEL: Kasper H\u00f8gh jubler for 5-2-scoringen. Foto: Christoffer Andersen \/ NTB\n      <\/p>\n<p>Odin Bj\u00f8rtuft scoret to av Glimt-m\u00e5lene. Jens Petter Hauge, Fredrik Sj\u00f8vold og Kasper H\u00f8gh s\u00f8rget for de tre andre scoringene.\u00a0<\/p>\n<p>Spesielt for H\u00f8gh var det en lettelse.<\/p>\n<p>&#8211; Den var forl\u00f8sende. Han scoret sist hjemme mot Sturm Graz 20. august. Etter seks kamper uten m\u00e5lpoeng er han p\u00e5 scoringslista, meldte Osnes p\u00e5 direkten.<\/p>\n<p>    <a itemprop=\"url\" href=\"https:\/\/www.dagbladet.no\/sport\/sjokkerer-england\/83739541\" rel=\"nofollow noopener\" target=\"_blank\"><\/p>\n<p>      <img loading=\"lazy\" decoding=\"async\" src=\"https:\/\/www.europesays.com\/no\/wp-content\/uploads\/2025\/10\/83739547.webp\" width=\"147\" height=\"98\" title=\"Sjokkerer England\" alt=\"\" class=\"lazyload\" style=\"--aspect-ratio-image: 1.50; \"\/><\/p>\n<p>        Sjokkerer England<\/p>\n<p>    <\/a><\/p>\n<p>&#8211; Det var deilig, sier dansken, som er toppscorer i Eliteserien med 17 m\u00e5l.<\/p>\n<p>&#8211; Jeg tror folk kunne merke det. Jeg ble r\u00f8rt over hvor glade folk var p\u00e5 min vegne. Jeg fikk en t\u00e5re i \u00f8ynene av det.\u00a0<\/p>\n<p>          <img loading=\"lazy\" decoding=\"async\" src=\"https:\/\/www.europesays.com\/no\/wp-content\/uploads\/2025\/10\/83740785.webp\" width=\"686\" height=\"446\" title=\"M\u00c5LT\u00d8RKEN OVER: Kasper H\u00f8gh meldte seg p\u00e5 igjen for Bod\u00f8\/Glimt. Foto: Christoffer Andersen \/ NTB\" alt=\"\" class=\"\" style=\"--aspect-ratio-image: 1.54; \"\/><\/p>\n<p>\n          M\u00c5LT\u00d8RKEN OVER: Kasper H\u00f8gh meldte seg p\u00e5 igjen for Bod\u00f8\/Glimt. Foto: Christoffer Andersen \/ NTB\n      <\/p>\n<p>Midtbanegeneral Patrick Berg sier:<\/p>\n<p>&#8211; Jeg tror det var forl\u00f8sende for ham \u00e5 f\u00e5 en scoring.<\/p>\n<p>Bod\u00f8\/Glimt ligger n\u00e5 to poeng foran Viking i toppen. Onsdag venter Galatasary i et kokende Istanbul.\u00a0<\/p>\n","protected":false},"excerpt":{"rendered":"Sarpsborg 08 n\u00e6rmet seg faretruende. Men Bod\u00f8\/Glimt feide all tvil til side og vant 5-2. REAGERTE: Trener Kjetil&hellip;\n","protected":false},"author":2,"featured_media":63869,"comment_status":"","ping_status":"","sticky":false,"template":"","format":"standard","meta":{"footnotes":""},"categories":[5],"tags":[20,21,24,25,92,15,19,22,23,17,18,13,30,28,29,14,16,83,26,27],"class_list":{"0":"post-63868","1":"post","2":"type-post","3":"status-publish","4":"format-standard","5":"has-post-thumbnail","7":"category-overskrifter","8":"tag-breaking-news","9":"tag-breakingnews","10":"tag-featured-news","11":"tag-featurednews","12":"tag-fotball","13":"tag-headlines","14":"tag-hovedoppslag","15":"tag-latest-news","16":"tag-latestnews","17":"tag-main-news","18":"tag-mainnews","19":"tag-news","20":"tag-no","21":"tag-norge","22":"tag-norway","23":"tag-nyheter","24":"tag-overskrifter","25":"tag-sport","26":"tag-top-stories","27":"tag-topstories"},"share_on_mastodon":{"url":"","error":""},"_links":{"self":[{"href":"https:\/\/www.europesays.com\/no\/wp-json\/wp\/v2\/posts\/63868","targetHints":{"allow":["GET"]}}],"collection":[{"href":"https:\/\/www.europesays.com\/no\/wp-json\/wp\/v2\/posts"}],"about":[{"href":"https:\/\/www.europesays.com\/no\/wp-json\/wp\/v2\/types\/post"}],"author":[{"embeddable":true,"href":"https:\/\/www.europesays.com\/no\/wp-json\/wp\/v2\/users\/2"}],"replies":[{"embeddable":true,"href":"https:\/\/www.europesays.com\/no\/wp-json\/wp\/v2\/comments?post=63868"}],"version-history":[{"count":0,"href":"https:\/\/www.europesays.com\/no\/wp-json\/wp\/v2\/posts\/63868\/revisions"}],"wp:featuredmedia":[{"embeddable":true,"href":"https:\/\/www.europesays.com\/no\/wp-json\/wp\/v2\/media\/63869"}],"wp:attachment":[{"href":"https:\/\/www.europesays.com\/no\/wp-json\/wp\/v2\/media?parent=63868"}],"wp:term":[{"taxonomy":"category","embeddable":true,"href":"https:\/\/www.europesays.com\/no\/wp-json\/wp\/v2\/categories?post=63868"},{"taxonomy":"post_tag","embeddable":true,"href":"https:\/\/www.europesays.com\/no\/wp-json\/wp\/v2\/tags?post=63868"}],"curies":[{"name":"wp","href":"https:\/\/api.w.org\/{rel}","templated":true}]}}