{"id":63878,"date":"2025-10-18T16:20:08","date_gmt":"2025-10-18T16:20:08","guid":{"rendered":"https:\/\/www.europesays.com\/no\/63878\/"},"modified":"2025-10-18T16:20:08","modified_gmt":"2025-10-18T16:20:08","slug":"deaktiver-denne-funksjonen-pa-telefonen-din-den-kan-ta-opp-det-du-sier","status":"publish","type":"post","link":"https:\/\/www.europesays.com\/no\/63878\/","title":{"rendered":"Deaktiver denne funksjonen p\u00e5 telefonen din: Den kan ta opp det du sier"},"content":{"rendered":"<p>Kanskje har du opplevd det selv.<\/p>\n<p>Du st\u00e5r og snakker med en venn om hvor godt det hadde v\u00e6rt med en pizza. Fem minutter senere dukker det opp en annonse fra den lokale pizzabakeren.<\/p>\n<p>Tilfeldig? Ikke n\u00f8dvendigvis.<\/p>\n<p>Telefonen som lytter<\/p>\n<p>Smarttelefonen har en side vi sjelden tenker over. Den kan nemlig lytte uten \u00e5 be pent om lov f\u00f8rst.<\/p>\n<p>If\u00f8lge mediet <a href=\"https:\/\/www.newsbomb.gr\/technologia\/story\/1655178\/apenergopoiiste-amesos-aftin-ti-leitourgia-sto-kinito-sas-borei-na-sas-katagrafei\" target=\"_blank\" rel=\"noreferrer noopener nofollow\">Newsbomb<\/a> peker flere eksperter p\u00e5 at s\u00e6rlig Android-telefoner i enkelte tilfeller kan ta opp lyd via mikrofonen. <\/p>\n<p>Det betyr ikke at opptak skjer hele tiden, men korte lydsnutter kan fanges opp og sendes videre uten at du merker det.<\/p>\n<p>Slik kan du beskytte deg<\/p>\n<p>Heldigvis st\u00e5r du ikke helt maktesl\u00f8s. Du kan faktisk sl\u00e5 av funksjonen som gj\u00f8r telefonen til en liten spion. Det krever bare noen enkle klikk:<\/p>\n<ol class=\"wp-block-list\">\n<li>\u00c5pne Google-appen.<\/li>\n<li>Trykk p\u00e5 profilbildet ditt.<\/li>\n<li>G\u00e5 inn p\u00e5 Google-kontoen din.<\/li>\n<li>Velg &#8216;Data og personvern&#8217;.<\/li>\n<li>Finn &#8216;Nett- og appaktivitet&#8217;.<\/li>\n<li>Sl\u00e5 av &#8216;Inkluder tale- og lydaktivitet&#8217;.<\/li>\n<\/ol>\n<p>I tillegg b\u00f8r du med jevne mellomrom sjekke hvilke apper som har f\u00e5tt tilgang til mikrofonen. <\/p>\n<p>Mange av dem trenger det ikke \u2013 med mindre du absolutt insisterer p\u00e5 \u00e5 diktere handlelisten din til TikTok.<\/p>\n<p>Ta tilbake kontrollen<\/p>\n<p>Personvern er ikke en selvf\u00f8lge i den digitale tidsalderen. <\/p>\n<p>Med litt \u00e5rv\u00e5kenhet og noen justeringer i innstillingene kan du likevel gjenvinne kontrollen over hva telefonen faktisk registrerer.<\/p>\n","protected":false},"excerpt":{"rendered":"Kanskje har du opplevd det selv. Du st\u00e5r og snakker med en venn om hvor godt det hadde&hellip;\n","protected":false},"author":2,"featured_media":63879,"comment_status":"","ping_status":"","sticky":false,"template":"","format":"standard","meta":{"footnotes":""},"categories":[57],"tags":[30,28,29,65,63,64,66,70,69,67,68],"class_list":{"0":"post-63878","1":"post","2":"type-post","3":"status-publish","4":"format-standard","5":"has-post-thumbnail","7":"category-vitenskap-og-teknologi","8":"tag-no","9":"tag-norge","10":"tag-norway","11":"tag-science","12":"tag-science-and-technology","13":"tag-scienceandtechnology","14":"tag-technology","15":"tag-teknologi","16":"tag-vitenskap","17":"tag-vitenskap-og-teknologi","18":"tag-vitenskapteknologi"},"share_on_mastodon":{"url":"","error":""},"_links":{"self":[{"href":"https:\/\/www.europesays.com\/no\/wp-json\/wp\/v2\/posts\/63878","targetHints":{"allow":["GET"]}}],"collection":[{"href":"https:\/\/www.europesays.com\/no\/wp-json\/wp\/v2\/posts"}],"about":[{"href":"https:\/\/www.europesays.com\/no\/wp-json\/wp\/v2\/types\/post"}],"author":[{"embeddable":true,"href":"https:\/\/www.europesays.com\/no\/wp-json\/wp\/v2\/users\/2"}],"replies":[{"embeddable":true,"href":"https:\/\/www.europesays.com\/no\/wp-json\/wp\/v2\/comments?post=63878"}],"version-history":[{"count":0,"href":"https:\/\/www.europesays.com\/no\/wp-json\/wp\/v2\/posts\/63878\/revisions"}],"wp:featuredmedia":[{"embeddable":true,"href":"https:\/\/www.europesays.com\/no\/wp-json\/wp\/v2\/media\/63879"}],"wp:attachment":[{"href":"https:\/\/www.europesays.com\/no\/wp-json\/wp\/v2\/media?parent=63878"}],"wp:term":[{"taxonomy":"category","embeddable":true,"href":"https:\/\/www.europesays.com\/no\/wp-json\/wp\/v2\/categories?post=63878"},{"taxonomy":"post_tag","embeddable":true,"href":"https:\/\/www.europesays.com\/no\/wp-json\/wp\/v2\/tags?post=63878"}],"curies":[{"name":"wp","href":"https:\/\/api.w.org\/{rel}","templated":true}]}}