{"id":63908,"date":"2025-10-18T17:43:23","date_gmt":"2025-10-18T17:43:23","guid":{"rendered":"https:\/\/www.europesays.com\/no\/63908\/"},"modified":"2025-10-18T17:43:23","modified_gmt":"2025-10-18T17:43:23","slug":"gjert-ingebrigtsen-elev-slo-jakob-ingebrigtsen-rekord-2","status":"publish","type":"post","link":"https:\/\/www.europesays.com\/no\/63908\/","title":{"rendered":"Gjert Ingebrigtsen-elev slo Jakob Ingebrigtsen-rekord"},"content":{"rendered":"<p>  Jos\u00e9 Carlos Pinto slo rekorden til Jakob Ingebrigtsen med ett sekund i gatel\u00f8pet Hytteplanmila l\u00f8rdag.<\/p>\n<p>\n    Jos\u00e9 Carlos Pinto fra Portugal (t.v.) og trener Gjert Ingebrigtsen (t.h.) under Trond Mohn Games p\u00e5 Fana stadion i Bergen tidligere i \u00e5r. Foto: Paul S. Amundsen \/ NTB\n  <\/p>\n<p>Portugiseren, som trenes av Gjert Ingebrigtsen, vant det ti kilometer lange l\u00f8pet p\u00e5 Ringerike med tiden 27.53. Jakob Ingebrigtsens rekord fra 2019 var 27.54.<\/p>\n<p>Narve Gilje Nord\u00e5s trener sammen med Pinto og var sammen med ham og seks l\u00f8pere, men med tre kilometer igjen rykket Pinto fra, skriver\u00a0<a href=\"https:\/\/www.vg.no\/sport\/i\/25LR0v\/ingebrigtsen-elev-slo-jakob-ingebrigtsens-rekord-i-hytteplanmila-nordaas-droemmerekke-knust\" target=\"_blank\" rel=\"nofollow noopener\">VG<\/a>.<\/p>\n<p>    <a itemprop=\"url\" href=\"https:\/\/sol.no\/nyheter\/aldri-skjedd-for-i-norge\/83740770\" rel=\"nofollow noopener\" target=\"_blank\"><\/p>\n<p>      <img loading=\"lazy\" decoding=\"async\" src=\"https:\/\/www.europesays.com\/no\/wp-content\/uploads\/2025\/10\/83740777.webp\" width=\"980\" height=\"441\" title=\"Aldri skjedd f\u00f8r i Norge\" alt=\"\" class=\"lazyload\" style=\"--aspect-ratio-image: 2.22; \"\/><\/p>\n<p>        Aldri skjedd f\u00f8r i Norge<\/p>\n<p>sol.no<\/p>\n<p>    <\/a><\/p>\n<p>Nord\u00e5s var p\u00e5 jakt etter den femte strake seieren i l\u00f8pet, men m\u00e5tte t\u00e5le 2.-plass l\u00f8rdag. Han endte 33 sekunder bak Pinto.<\/p>\n<p>Vegard Vesterhaug Warnes kom p\u00e5 3.-plass.<\/p>\n<p>Kristine Eikrem Engeset vant i kvinneklassen med tiden 32.02. Svenske Carolina Johnson ble nummer to, tre sekunder bak. Hanne Mj\u00f8en Maridal ble nummer tre.<\/p>\n","protected":false},"excerpt":{"rendered":"Jos\u00e9 Carlos Pinto slo rekorden til Jakob Ingebrigtsen med ett sekund i gatel\u00f8pet Hytteplanmila l\u00f8rdag. Jos\u00e9 Carlos Pinto&hellip;\n","protected":false},"author":2,"featured_media":63909,"comment_status":"","ping_status":"","sticky":false,"template":"","format":"standard","meta":{"footnotes":""},"categories":[59],"tags":[423,1620,422,5690,30,28,29,14,83,82],"class_list":{"0":"post-63908","1":"post","2":"type-post","3":"status-publish","4":"format-standard","5":"has-post-thumbnail","7":"category-sport","8":"tag-friidrett","9":"tag-gjert-ingebrigtsen","10":"tag-jakob-ingebrigtsen","11":"tag-jose-carlos-pinto","12":"tag-no","13":"tag-norge","14":"tag-norway","15":"tag-nyheter","16":"tag-sport","17":"tag-sports"},"share_on_mastodon":{"url":"","error":""},"_links":{"self":[{"href":"https:\/\/www.europesays.com\/no\/wp-json\/wp\/v2\/posts\/63908","targetHints":{"allow":["GET"]}}],"collection":[{"href":"https:\/\/www.europesays.com\/no\/wp-json\/wp\/v2\/posts"}],"about":[{"href":"https:\/\/www.europesays.com\/no\/wp-json\/wp\/v2\/types\/post"}],"author":[{"embeddable":true,"href":"https:\/\/www.europesays.com\/no\/wp-json\/wp\/v2\/users\/2"}],"replies":[{"embeddable":true,"href":"https:\/\/www.europesays.com\/no\/wp-json\/wp\/v2\/comments?post=63908"}],"version-history":[{"count":0,"href":"https:\/\/www.europesays.com\/no\/wp-json\/wp\/v2\/posts\/63908\/revisions"}],"wp:featuredmedia":[{"embeddable":true,"href":"https:\/\/www.europesays.com\/no\/wp-json\/wp\/v2\/media\/63909"}],"wp:attachment":[{"href":"https:\/\/www.europesays.com\/no\/wp-json\/wp\/v2\/media?parent=63908"}],"wp:term":[{"taxonomy":"category","embeddable":true,"href":"https:\/\/www.europesays.com\/no\/wp-json\/wp\/v2\/categories?post=63908"},{"taxonomy":"post_tag","embeddable":true,"href":"https:\/\/www.europesays.com\/no\/wp-json\/wp\/v2\/tags?post=63908"}],"curies":[{"name":"wp","href":"https:\/\/api.w.org\/{rel}","templated":true}]}}