{"id":63910,"date":"2025-10-18T17:47:07","date_gmt":"2025-10-18T17:47:07","guid":{"rendered":"https:\/\/www.europesays.com\/no\/63910\/"},"modified":"2025-10-18T17:47:07","modified_gmt":"2025-10-18T17:47:07","slug":"nyheter-e6-dobbelt-sa-mange-ulykker-som-i-nabokommunen","status":"publish","type":"post","link":"https:\/\/www.europesays.com\/no\/63910\/","title":{"rendered":"Nyheter, E6 | Dobbelt s\u00e5 mange ulykker som i nabokommunen"},"content":{"rendered":"\n<p>Det skriver <a href=\"https:\/\/www.stromstadstidning.se\/\" rel=\"Follow nofollow noopener\" target=\"_blank\">Str\u00f6mstad Tidning<\/a>.<\/p>\n<p>I Tanum har det skjedd mer enn dobbelt s\u00e5 mange ulykker som i nabokommunen Munkedal.<\/p>\n<p>\u2013 Jeg forst\u00e5r ikke hvordan det kan v\u00e6re en s\u00e5 kraftig \u00f8kning bare p\u00e5 den andre siden av kommunegrensen, sier Rakel Edh i Trafikverket.<\/p>\n<p>Den siste etappen av dagens E6 ble \u00e5pnet i 2015, og ulykkene ble da mindre alvorlige ettersom midtrekkverket forhindret alvorlige frontkollisjoner. Derimot har antallet ulykker \u00f8kt, og redningstjenesten har hatt mye \u00e5 gj\u00f8re siden den gang.<\/p>\n<p>Siden 2020 har redningstjenesten i Str\u00f6mstad rykket ut til 96 trafikkulykker p\u00e5 motorveien innenfor kommunegrensene.<\/p>\n<p>Brannsjef Ida Luther Wallin oppfatter at det for det meste er personbiler som er involvert, og at ingen del av E6 i Str\u00f6mstad skiller seg spesielt ut. \u2013 Mitt inntrykk er at ulykkene er spredt langs hele strekningen, sier hun.<\/p>\n<p>Kollegene i Tanum har ogs\u00e5 hatt mye \u00e5 gj\u00f8re. Siden 2020 har de rykket ut til hele 122 ulykker p\u00e5 motorveien innen Tanums kommunegrenser. De fleste ulykkene har skjedd mellom Tanumshede og Lurmotet.<\/p>\n<p>Til sammenligning har redningstjenesten i Munkedal rykket ut til 58 ulykker i samme periode \u2013 alts\u00e5 mer enn en dobling i Tanum.<\/p>\n<p>I Uddevalla er tallet 76.<\/p>\n<p>If\u00f8lge Mikael Anneflod, operativ koordinator ved redningstjenesten i Tanum, kan \u00e5rsakene blant annet v\u00e6re den smalere veien og lengden p\u00e5 strekningen.<\/p>\n<p>Til Str\u00f6mstad Tidning sier han:<\/p>\n<p>\u2013 Fra Rabbalshede-krysset og nordover blir E6 smalere, noe som dessverre p\u00e5virker trafikksikkerheten og kan bidra til flere ulykker. En annen viktig faktor er at E6 g\u00e5r gjennom Tanums kommune i rundt 38 kilometer, som er den lengste strekningen av kommunene i sammenligningen, sier han.<\/p>\n<p>Det finnes ogs\u00e5 flere mulige \u00e5rsaker til ulykkene.<\/p>\n<p>\u2013 Det er vanskelig \u00e5 spekulere, men det kan v\u00e6re at folk blir tr\u00f8tte etter \u00e5 ha kj\u00f8rt lange strekninger. For eksempel lastebiler som skal rekke fram til grensen i tide, eller andre som kj\u00f8rer sine siste mil \u2013 det er da risikoen ofte er st\u00f8rst, sier Edh.<\/p>\n<p>At det skjer flest ulykker der veien er smalere, kan v\u00e6re en medvirkende \u00e5rsak.<\/p>\n<p>Trafikverket har m\u00e5nedlige m\u00f8ter med sin ulykkesutredningsgruppe for \u00e5 se om det finnes forhold p\u00e5 veien som kan forbedres, eller om andre faktorer ligger bak.<\/p>\n<p>\u2013 Ved hver ulykke unders\u00f8ker vi om det er noe i veinettet vi kan endre for \u00e5 forhindre neste ulykke. Ser vi behov for tiltak, legger vi inn spesielle bestillinger \u2013 men forel\u00f8pig har vi ikke funnet noe konkret, sier hun til lokalavisa i Str\u00f6mstad.<\/p>\n","protected":false},"excerpt":{"rendered":"Det skriver Str\u00f6mstad Tidning. I Tanum har det skjedd mer enn dobbelt s\u00e5 mange ulykker som i nabokommunen&hellip;\n","protected":false},"author":2,"featured_media":2080,"comment_status":"","ping_status":"","sticky":false,"template":"","format":"standard","meta":{"footnotes":""},"categories":[12],"tags":[36,20,21,834,24,25,15,22,23,13,30,28,29,14,16,1510,2021,26,27,224,1204,42,43,44,45],"class_list":{"0":"post-63910","1":"post","2":"type-post","3":"status-publish","4":"format-standard","5":"has-post-thumbnail","7":"category-verden","8":"tag-art","9":"tag-breaking-news","10":"tag-breakingnews","11":"tag-e6","12":"tag-featured-news","13":"tag-featurednews","14":"tag-headlines","15":"tag-latest-news","16":"tag-latestnews","17":"tag-news","18":"tag-no","19":"tag-norge","20":"tag-norway","21":"tag-nyheter","22":"tag-overskrifter","23":"tag-story","24":"tag-stromstad","25":"tag-top-stories","26":"tag-topstories","27":"tag-trafikk","28":"tag-ulykker","29":"tag-verden","30":"tag-world","31":"tag-world-news","32":"tag-worldnews"},"share_on_mastodon":{"url":"","error":""},"_links":{"self":[{"href":"https:\/\/www.europesays.com\/no\/wp-json\/wp\/v2\/posts\/63910","targetHints":{"allow":["GET"]}}],"collection":[{"href":"https:\/\/www.europesays.com\/no\/wp-json\/wp\/v2\/posts"}],"about":[{"href":"https:\/\/www.europesays.com\/no\/wp-json\/wp\/v2\/types\/post"}],"author":[{"embeddable":true,"href":"https:\/\/www.europesays.com\/no\/wp-json\/wp\/v2\/users\/2"}],"replies":[{"embeddable":true,"href":"https:\/\/www.europesays.com\/no\/wp-json\/wp\/v2\/comments?post=63910"}],"version-history":[{"count":0,"href":"https:\/\/www.europesays.com\/no\/wp-json\/wp\/v2\/posts\/63910\/revisions"}],"wp:featuredmedia":[{"embeddable":true,"href":"https:\/\/www.europesays.com\/no\/wp-json\/wp\/v2\/media\/2080"}],"wp:attachment":[{"href":"https:\/\/www.europesays.com\/no\/wp-json\/wp\/v2\/media?parent=63910"}],"wp:term":[{"taxonomy":"category","embeddable":true,"href":"https:\/\/www.europesays.com\/no\/wp-json\/wp\/v2\/categories?post=63910"},{"taxonomy":"post_tag","embeddable":true,"href":"https:\/\/www.europesays.com\/no\/wp-json\/wp\/v2\/tags?post=63910"}],"curies":[{"name":"wp","href":"https:\/\/api.w.org\/{rel}","templated":true}]}}