{"id":63922,"date":"2025-10-18T18:02:30","date_gmt":"2025-10-18T18:02:30","guid":{"rendered":"https:\/\/www.europesays.com\/no\/63922\/"},"modified":"2025-10-18T18:02:30","modified_gmt":"2025-10-18T18:02:30","slug":"kypriotisk-fotballtopp-skutt-og-drept-dramatisk-redningsaksjon","status":"publish","type":"post","link":"https:\/\/www.europesays.com\/no\/63922\/","title":{"rendered":"Kypriotisk fotballtopp skutt og drept \u2013 dramatisk redningsaksjon"},"content":{"rendered":"<p>Den 49 \u00e5r gamle forretningsmannen var styreformann i 2.-divisjonsklubben Karmiotissa p\u00e5 Kypros og en kjent skikkelse i fotballmilj\u00f8et p\u00e5 middelhavs\u00f8ya.<\/p>\n<p>Etter at han ble skutt av ukjente gjerningsmenn, tok s\u00f8nnen med seg faren i bilen for \u00e5 kj\u00f8re ham til sykehuset.<\/p>\n<p>P\u00e5 vei dit krasjet s\u00f8nnen p\u00e5 motorveien og m\u00e5tte f\u00e5 hjelp til \u00e5 frakte faren videre til sykehuset. Der ble han erkl\u00e6rt d\u00f8d av legene ved ankomst.<\/p>\n<p>Karmiotissa var i den \u00f8verste divisjonen i kypriotisk fotball sist sesong, men rykket ned til nest \u00f8verste niv\u00e5 foran denne sesongen.<\/p>\n<p>Tidligere var den avd\u00f8de fotballederen sjef for toppklubben Aris Limassol.<\/p>\n","protected":false},"excerpt":{"rendered":"Den 49 \u00e5r gamle forretningsmannen var styreformann i 2.-divisjonsklubben Karmiotissa p\u00e5 Kypros og en kjent skikkelse i fotballmilj\u00f8et&hellip;\n","protected":false},"author":2,"featured_media":63923,"comment_status":"","ping_status":"","sticky":false,"template":"","format":"standard","meta":{"footnotes":""},"categories":[12],"tags":[967,20,21,24,25,15,22,23,13,30,28,29,14,16,26,27,42,43,44,45],"class_list":{"0":"post-63922","1":"post","2":"type-post","3":"status-publish","4":"format-standard","5":"has-post-thumbnail","7":"category-verden","8":"tag-artikler-fra-ntb","9":"tag-breaking-news","10":"tag-breakingnews","11":"tag-featured-news","12":"tag-featurednews","13":"tag-headlines","14":"tag-latest-news","15":"tag-latestnews","16":"tag-news","17":"tag-no","18":"tag-norge","19":"tag-norway","20":"tag-nyheter","21":"tag-overskrifter","22":"tag-top-stories","23":"tag-topstories","24":"tag-verden","25":"tag-world","26":"tag-world-news","27":"tag-worldnews"},"share_on_mastodon":{"url":"","error":""},"_links":{"self":[{"href":"https:\/\/www.europesays.com\/no\/wp-json\/wp\/v2\/posts\/63922","targetHints":{"allow":["GET"]}}],"collection":[{"href":"https:\/\/www.europesays.com\/no\/wp-json\/wp\/v2\/posts"}],"about":[{"href":"https:\/\/www.europesays.com\/no\/wp-json\/wp\/v2\/types\/post"}],"author":[{"embeddable":true,"href":"https:\/\/www.europesays.com\/no\/wp-json\/wp\/v2\/users\/2"}],"replies":[{"embeddable":true,"href":"https:\/\/www.europesays.com\/no\/wp-json\/wp\/v2\/comments?post=63922"}],"version-history":[{"count":0,"href":"https:\/\/www.europesays.com\/no\/wp-json\/wp\/v2\/posts\/63922\/revisions"}],"wp:featuredmedia":[{"embeddable":true,"href":"https:\/\/www.europesays.com\/no\/wp-json\/wp\/v2\/media\/63923"}],"wp:attachment":[{"href":"https:\/\/www.europesays.com\/no\/wp-json\/wp\/v2\/media?parent=63922"}],"wp:term":[{"taxonomy":"category","embeddable":true,"href":"https:\/\/www.europesays.com\/no\/wp-json\/wp\/v2\/categories?post=63922"},{"taxonomy":"post_tag","embeddable":true,"href":"https:\/\/www.europesays.com\/no\/wp-json\/wp\/v2\/tags?post=63922"}],"curies":[{"name":"wp","href":"https:\/\/api.w.org\/{rel}","templated":true}]}}