{"id":63930,"date":"2025-10-18T18:12:10","date_gmt":"2025-10-18T18:12:10","guid":{"rendered":"https:\/\/www.europesays.com\/no\/63930\/"},"modified":"2025-10-18T18:12:10","modified_gmt":"2025-10-18T18:12:10","slug":"bryne-rosenborg-2-2-johanssons-marerittrekke-fortsetter","status":"publish","type":"post","link":"https:\/\/www.europesays.com\/no\/63930\/","title":{"rendered":"Bryne-Rosenborg 2\u20132: Johanssons marerittrekke fortsetter"},"content":{"rendered":"\n<p class=\"_lead_o9xde_2 _lead_xtcu6_50 layout-component text-serif-m layout-normal text-serif-l layout-component layout-wide layout-padded _wide_17hqh_1 layout-padded\">Seieren borte mot Bryne glapp p\u00e5 overtid og Alfred Johanssons Rosenborg st\u00e5r n\u00e5 med fire kamper uten seirer. <\/p>\n<p> <img class=\"_image_qp4xg_65 layout-component layout-wide\" data-fullscreen- data-track-element-type=\"Article image fullscreen\" data-track-name=\"ImageFullscreen\" fetchpriority=\"high\" decoding=\"sync\" loading=\"eager\" height=\"57\" itemprop=\"image\"  src=\"https:\/\/www.europesays.com\/no\/wp-content\/uploads\/2025\/10\/03f6f0c34f50f4c8c8ae3d424dc03a74.jpg\"  style=\"object-position:50% 50%;aspect-ratio:1.75;height:auto;object-fit:cover;width:100%\" width=\"102\"\/>  <\/p>\n<ul aria-hidden=\"true\" class=\"_images_18f0k_111\">\n<li><a class=\"_link_18f0k_116\" href=\"https:\/\/www.vg.no\/forfatter\/herman-folvik\" style=\"z-index:1\" title=\"Herman Folvik\" rel=\"nofollow noopener\" target=\"_blank\"><img alt=\"Bilde av Herman Folvik\" class=\"_image_18f0k_93\" fetchpriority=\"low\" loading=\"lazy\" decoding=\"async\" itemprop=\"image\"  src=\"https:\/\/www.europesays.com\/no\/wp-content\/uploads\/2025\/10\/1760811129_928_b8d5eb91-9fa9-460c-b9f0-da310ffe35dd\"  width=\"480\"\/><\/a><\/li>\n<\/ul>\n<p> Oppdatert l\u00f8rdag 18. oktober kl. 19:30    <\/p>\n<ul class=\"_list_o9xde_3 _list_64s2r_85 _unordered_o9xde_106 text-sans-m\">\n<li class=\"_item_o9xde_30\">Rosenborg mistet seieren p\u00e5 overtid mot Bryne; Duarte Moreira utlignet etter David Duris-dobbel.<\/li>\n<li class=\"_item_o9xde_30\">Tom\u00e1s Nemc\u00edk scoret selvm\u00e5l &#8211; rett etter at keeper Sander Tangvik fikk nesen sydd etter en smell.<\/li>\n<li class=\"_item_o9xde_30\">RBK st\u00e5r med fire kamper uten seier og ligger ti poeng bak Troms\u00f8 og Conference League-kvalik.<\/li>\n<\/ul>\n<p>Vis mer <\/p>\n<p class=\"_paragraph_o9xde_4 _paragraph_xtcu6_10 layout-component text-serif-m layout-normal text-serif-m layout-padded\">Rosenborg tok ledelsen i 30. minutt da Simen Bolkan Nordli la str\u00f8kent inn fra venstre, akkurat s\u00e5nn at Bryne-forsvarer Santeri V\u00e4\u00e4n\u00e4nen ikke n\u00e5dde frem, mens den spratt perfekt for David Duris som kunne banke inn 1\u20130.<\/p>\n<p class=\"_paragraph_o9xde_4 _paragraph_xtcu6_10 layout-component text-serif-m layout-normal text-serif-m layout-padded\">Rosenborg-m\u00e5lvakt Sander Tangvik m\u00e5tte f\u00e5 nesen sydd p\u00e5 banen etter en smell og det ble et langt opphold i spillet. <\/p>\n<p class=\"_paragraph_o9xde_4 _paragraph_xtcu6_10 layout-component text-serif-m layout-normal text-serif-m layout-padded\">\u2013 Jeg f\u00e5r en albue midt i nesa og det begynner \u00e5 renne blod, og f\u00e5r et kutt ogs\u00e5, sier keeperen til rettighetshaveren.<\/p>\n<p class=\"_paragraph_o9xde_4 _paragraph_xtcu6_10 layout-component text-serif-m layout-normal text-serif-m layout-padded\">P\u00e5 den p\u00e5f\u00f8lgende corneren i 62. minutt ble det et kl\u00f8nete selvm\u00e5l fra Rosenborg, signert Tom\u00e1s Nemc\u00edk, og dermed 1\u20131.<\/p>\n<p><img alt=\"To m\u00e5l fra David Duris var ikke nok for Rosenborg borte mot Bryne.   Foto: Carina Johansen \/ NTB\" class=\"_image_qp4xg_65 layout-component layout-normal\" data-fullscreen- data-track-element-type=\"Article image fullscreen\" data-track-name=\"ImageFullscreen\" decoding=\"async\" loading=\"lazy\" height=\"3728\" itemprop=\"image\"  src=\"https:\/\/www.europesays.com\/no\/wp-content\/uploads\/2025\/10\/1373afd9-1b83-4932-ad6b-579578344643\"  style=\"object-position:0% 0%\" width=\"5591\"\/>To m\u00e5l fra David Duris var ikke nok for Rosenborg borte mot Bryne.   Foto: Carina Johansen \/ NTB<\/p>\n<p class=\"_paragraph_o9xde_4 _paragraph_xtcu6_10 layout-component text-serif-m layout-normal text-serif-m layout-padded\">I 86. minutt satt den igjen for Duris p\u00e5 volley \u2013 denne gang p\u00e5 lekkert vis fra n\u00e6rmere 20 meter. Men Bryne utlignet bare noen minutter senere da Duarte Moreira styrte innlegget til Alfred Scriven i m\u00e5l p\u00e5 f\u00f8rstetouch.<\/p>\n<p class=\"_paragraph_o9xde_4 _paragraph_xtcu6_10 layout-component text-serif-m layout-normal text-serif-m layout-padded\">\u2013 Det er s\u00e5 enkelt, sa Adressa-ekspert Steffen Iversen om 2\u20132-m\u00e5let p\u00e5 <a href=\"https:\/\/www.adressa.no\/\" class=\"_link_o9xde_39\" rel=\"nofollow noopener\" target=\"_blank\">avisens sending<\/a>.<\/p>\n<p class=\"_paragraph_o9xde_4 _paragraph_xtcu6_10 layout-component text-serif-m layout-normal text-serif-m layout-padded\">\u2013 De f\u00f8lger ikke med, sukker den tidligere storscoreren. <\/p>\n<p class=\"_paragraph_o9xde_4 _paragraph_xtcu6_10 layout-component text-serif-m layout-normal text-serif-m layout-padded\">I overtiden stoppet Tangvik en god sjanse fra <a href=\"https:\/\/vglive.vg.no\/person\/nicklas-strunck\/107358\" class=\"_link_o9xde_39\" rel=\"nofollow noopener\" target=\"_blank\">Nicklas Strunck.<\/a><\/p>\n<p class=\"_paragraph_o9xde_4 _paragraph_xtcu6_10 layout-component text-serif-m layout-normal text-serif-m layout-padded\">\u2013 Det er fint med to m\u00e5l, men jeg ville heller hatt tre poeng, sier slovakiske Duric til TV 2.<\/p>\n<p class=\"_paragraph_o9xde_4 _paragraph_xtcu6_10 layout-component text-serif-m layout-normal text-serif-m layout-padded\">\u2013 Vi er veldig forn\u00f8yde med \u00e5 komme tilbake to ganger. (\u2026) Men jeg synes jevnt over prestasjonen i dag er god nok til at vi b\u00f8r og skal ta tre poeng, sier Bryne-trener Kevin Knappen til TV 2.\u00a0<\/p>\n<p>Rosenborgs siste syv kamper i Eliteserien:<\/p>\n<ul class=\"_list_o9xde_3 _list_xtcu6_9 _list_16v91_9 _unordered_o9xde_106 layout-component text-serif-m layout-normal text-sans-m layout-padded\">\n<li class=\"_item_o9xde_30\">KFUM Oslo-Rosenborg 4\u20131<\/li>\n<li class=\"_item_o9xde_30\">Viking-Rosenborg 2\u20131<\/li>\n<li class=\"_item_o9xde_30\"><strong class=\"_strong_o9xde_25\">Haugesund-Rosenborg 0\u20133<\/strong><\/li>\n<li class=\"_item_o9xde_30\">Rosenborg-Bod\u00f8\/Glimt 1\u20131<\/li>\n<li class=\"_item_o9xde_30\">HamKam-Rosenborg 4\u20130\u00a0<\/li>\n<li class=\"_item_o9xde_30\">Rosenborg-Sarpsborg 2\u20133<\/li>\n<li class=\"_item_o9xde_30\">Bryne-Rosenborg 1\u20131<\/li>\n<\/ul>\n<p>Vis mer<\/p>\n<p class=\"_paragraph_o9xde_4 _paragraph_xtcu6_10 layout-component text-serif-m layout-normal text-serif-m layout-padded\"><strong class=\"_strong_o9xde_25\">P\u00e5 de siste syv kampene st\u00e5r Rosenborg n\u00e5 med fire tap, to uavgjorte og \u00e9n seier (som kom mot akterutseilte Haugesund).<\/strong><\/p>\n<p class=\"_paragraph_o9xde_4 _paragraph_xtcu6_10 layout-component text-serif-m layout-normal text-serif-m layout-padded\">Rosenborg p\u00e5 femteplass har ti poeng opp til Troms\u00f8, som ligger p\u00e5 plasseringen som gir kvalifisering til Conference League. <\/p>\n<p><img alt=\"Alfred Johansson er inne i en tung periode som Rosenborg-trener.   Foto: Carina Johansen \/ NTB\" class=\"_image_qp4xg_65 layout-component layout-normal\" data-fullscreen- data-track-element-type=\"Article image fullscreen\" data-track-name=\"ImageFullscreen\" decoding=\"async\" loading=\"lazy\" height=\"3663\" itemprop=\"image\"  src=\"https:\/\/www.europesays.com\/no\/wp-content\/uploads\/2025\/10\/96962804-73d3-4eb1-a8a2-2782c8f45af1\"  style=\"object-position:0% 0%\" width=\"5495\"\/>Alfred Johansson er inne i en tung periode som Rosenborg-trener.   Foto: Carina Johansen \/ NTB<\/p>\n<p class=\"_paragraph_o9xde_4 _paragraph_xtcu6_10 layout-component text-serif-m layout-normal text-serif-m layout-padded\">S\u00f8ndag venter Brann hjemme p\u00e5 Lerkendal. Bryne skal m\u00f8te naboene fra Viking (neste l\u00f8rdag) og Brann (2. november) i de to neste rundene.<\/p>\n<p class=\"_paragraph_o9xde_4 _paragraph_xtcu6_10 layout-component text-serif-m layout-normal text-serif-m layout-padded\"><strong class=\"_strong_o9xde_25\">Bryne ligger p\u00e5 kvalikplass og har fem poeng ned til Str\u00f8msgodset \u2013 som s\u00f8ndag tar imot Fredrikstad. <\/strong><\/p>\n","protected":false},"excerpt":{"rendered":"Seieren borte mot Bryne glapp p\u00e5 overtid og Alfred Johanssons Rosenborg st\u00e5r n\u00e5 med fire kamper uten seirer.&hellip;\n","protected":false},"author":2,"featured_media":63931,"comment_status":"","ping_status":"","sticky":false,"template":"","format":"standard","meta":{"footnotes":""},"categories":[5],"tags":[20,21,2043,134,24,25,15,19,22,23,17,18,13,30,28,29,14,16,162,26,27],"class_list":{"0":"post-63930","1":"post","2":"type-post","3":"status-publish","4":"format-standard","5":"has-post-thumbnail","7":"category-overskrifter","8":"tag-breaking-news","9":"tag-breakingnews","10":"tag-bryne-fk","11":"tag-eliteserien","12":"tag-featured-news","13":"tag-featurednews","14":"tag-headlines","15":"tag-hovedoppslag","16":"tag-latest-news","17":"tag-latestnews","18":"tag-main-news","19":"tag-mainnews","20":"tag-news","21":"tag-no","22":"tag-norge","23":"tag-norway","24":"tag-nyheter","25":"tag-overskrifter","26":"tag-rosenborg-bk","27":"tag-top-stories","28":"tag-topstories"},"share_on_mastodon":{"url":"","error":""},"_links":{"self":[{"href":"https:\/\/www.europesays.com\/no\/wp-json\/wp\/v2\/posts\/63930","targetHints":{"allow":["GET"]}}],"collection":[{"href":"https:\/\/www.europesays.com\/no\/wp-json\/wp\/v2\/posts"}],"about":[{"href":"https:\/\/www.europesays.com\/no\/wp-json\/wp\/v2\/types\/post"}],"author":[{"embeddable":true,"href":"https:\/\/www.europesays.com\/no\/wp-json\/wp\/v2\/users\/2"}],"replies":[{"embeddable":true,"href":"https:\/\/www.europesays.com\/no\/wp-json\/wp\/v2\/comments?post=63930"}],"version-history":[{"count":0,"href":"https:\/\/www.europesays.com\/no\/wp-json\/wp\/v2\/posts\/63930\/revisions"}],"wp:featuredmedia":[{"embeddable":true,"href":"https:\/\/www.europesays.com\/no\/wp-json\/wp\/v2\/media\/63931"}],"wp:attachment":[{"href":"https:\/\/www.europesays.com\/no\/wp-json\/wp\/v2\/media?parent=63930"}],"wp:term":[{"taxonomy":"category","embeddable":true,"href":"https:\/\/www.europesays.com\/no\/wp-json\/wp\/v2\/categories?post=63930"},{"taxonomy":"post_tag","embeddable":true,"href":"https:\/\/www.europesays.com\/no\/wp-json\/wp\/v2\/tags?post=63930"}],"curies":[{"name":"wp","href":"https:\/\/api.w.org\/{rel}","templated":true}]}}